{"id":1605,"date":"2017-09-25T12:09:05","date_gmt":"2017-09-25T10:09:05","guid":{"rendered":"http:\/\/szentannaplebania.dnyem.hu\/?p=1605"},"modified":"2017-09-25T12:09:05","modified_gmt":"2017-09-25T10:09:05","slug":"hirdetesek-az-evkozi-25-vasarnap-2","status":"publish","type":"post","link":"https:\/\/szentannaplebania.dnyem.hu\/?p=1605","title":{"rendered":"Hirdet\u00e9sek az \u00e9vk\u00f6zi 25. vas\u00e1rnap"},"content":{"rendered":"<p>1. Minden katolikus h\u00e1ztart\u00e1sban legyen \u00d6r\u00f6m-H\u00edr! Ezzel a mott\u00f3val vigy\u00e9k magukkal az \u00fajs\u00e1gos polcr\u00f3l egyh\u00e1zmegy\u00e9nk negyed\u00e9ves kiadv\u00e1ny\u00e1t 400 Ft-os (\u00f6nk\u00f6lts\u00e9gi) \u00e1ron. Gondoljunk azokra is, akiknek kedv\u00e9ben j\u00e1rhatunk azzal, ha a kiadv\u00e1ny egy p\u00e9ld\u00e1ny\u00e1t aj\u00e1nd\u00e9kba elviszik nekik.<\/p>\n<p>2. <strong>Ma d\u00e9lut\u00e1n<\/strong> 15:00-kor Pal\u00e1nki Ferenc p\u00fcsp\u00f6k el\u0151ad\u00e1sa a katolikus egyh\u00e1z meg\u00fajul\u00e1si t\u00f6rekv\u00e9seir\u0151l az evang\u00e9likus gy\u00fclekezetben.<\/p>\n<p>3. <strong>H\u00e9tf\u0151n, <\/strong>szept. 25-\u00e9n <strong>Baba-Mama Klub<\/strong> lesz 10 \u00f3r\u00e1t\u00f3l a Szent J\u00f3zsef \u00c1ltal\u00e1nos Iskola (Szent Anna u. 19.) f\u00f6ldszinti tornaszob\u00e1j\u00e1ban. M\u00e1soknak is hozzuk tudom\u00e1s\u00e1ra ezt a j\u00f3 lehet\u0151s\u00e9get, amelyen im\u00e1dkozhatnak, \u00e9nekelhetnek \u00e9s megoszthatj\u00e1k egym\u00e1ssal a gyermeknevel\u00e9sben szerzett \u00e9rt\u00e9kes tapasztalataikat.<\/p>\n<p>K\u00e9pvisel\u0151test\u00fcleti gy\u0171l\u00e9s 18:45-t\u0151l a 7. teremben.<\/p>\n<p>4. <strong>Kedden<\/strong> <strong>26-\u00e1n 16:30-kor<\/strong> a M\u00e9liusz Juh\u00e1sz P\u00e9ter K\u00f6nyvt\u00e1rban Krakomperger Zolt\u00e1n Isten ig\u00e9j\u00e9nek \u00fcdvrendi hat\u00e9konys\u00e1ga c\u00edm\u0171 Jel K\u00f6nyvkiad\u00f3n\u00e1l megjelent k\u00f6nyv\u00e9nek bemutat\u00f3ja. A k\u00f6nyvbemutat\u00f3 v\u00e9dn\u00f6ke ft. Pal\u00e1nki Ferenc p\u00fcsp\u00f6k. A k\u00f6nyvet bemutatja Dolhai Lajos, az Egri Hittudom\u00e1nyi F\u0151iskola rektora \u00e9s a Nemzetk\u00f6zi teol\u00f3giai Bizotts\u00e1g tagja. Refer\u00e1tumot tart a t\u00e9m\u00e1ban nagytisztelet\u0171 Fekete K\u00e1roly reform\u00e1tus p\u00fcsp\u00f6k. Ez helyettes\u00edti a biblia\u00f3r\u00e1t.<\/p>\n<p>5. <strong>Szerd\u00e1n<\/strong>, 18.45-t\u0151l <strong>hitismeretelm\u00e9ly\u00edt\u0151<\/strong> az \u00e1tlagosn\u00e1l t\u00f6bbre v\u00e1gy\u00f3d\u00f3knak. T\u00e9m\u00e1nk: Milyennek akarta J\u00e9zus a benne h\u00edv\u0151k k\u00f6z\u00f6ss\u00e9g\u00e9t?<\/p>\n<p>6. <strong>Szept. 30-\u00e1n, <\/strong>szombaton j\u00f3 id\u0151 eset\u00e9n <strong>sz\u00fcret<\/strong>re h\u00edvom \u00e9s v\u00e1rom hittanos gyermekeinket, testv\u00e9reiket \u00e9s sz\u00fcleiket az Agr\u00e1r Kar Tangazdas\u00e1g\u00e1nak sz\u0151l\u0151j\u00e9be. A sz\u00fcretel\u00e9s, sz\u0151l\u0151dar\u00e1l\u00e1s \u00e9s \u2013pr\u00e9sel\u00e9s, valamint mustk\u00f3stol\u00e1s mellett lesz sorverseny, vet\u00e9lked\u0151, \u00e9s bogr\u00e1csban f\u0151z\u00fcnk eb\u00e9det.<\/p>\n<p>Kijuthatnak csal\u00e1dilag g\u00e9pkocsival; a Segner t\u00e9rr\u0151l 7:52-kor indul\u00f3 13-as aut\u00f3busszal \u00e9s biciklivel. Az \u00fatik\u00f6lts\u00e9gr\u0151l \u00e9s iv\u00f3v\u00edzr\u0151l a r\u00e9sztvev\u0151k maguk gondoskodnak. A biciklisek 8:00-kor indulnak a sz\u00e9kesegyh\u00e1z el\u0151l. Vissza 14:00-kor \u00e9s 16:15-kor indul a busz Pallagr\u00f3l.<\/p>\n<p>Jelentkezni lehet m\u00e9g ma a Szent Antal szobor melletti szabadt\u00e9ri olt\u00e1ron tal\u00e1lhat\u00f3 pap\u00edron t\u00f6rt\u00e9n\u0151 feliratkoz\u00e1ssal \u00e9s a kijut\u00e1s m\u00f3dj\u00e1nak megad\u00e1s\u00e1val. Es\u0151 eset\u00e9n elmarad.<\/p>\n<p>7. <strong>Okt. 1-\u00e9n 15 \u00f3r\u00e1t\u00f3l<\/strong> fiatal csal\u00e1dosok vas\u00e1rnapi k\u00f6re a Szt. J\u00f3zsef Gimn\u00e1zium f\u00f6ldszinti 21. term\u00e9ben. A csal\u00e1dcsoport szeretettel h\u00edvja \u00e9s sz\u00edvesen fogadja az \u00faj csal\u00e1dos \u00e9rdekl\u0151d\u0151ket. Gyermekmeg\u0151rz\u00e9s biztos\u00edtott.<\/p>\n<p>8. <strong>Okt\u00f3ber 7-\u00e9n<\/strong> Nagymarosi Ifj\u00fas\u00e1gi Tal\u00e1lkoz\u00f3 14-19 \u00e9v k\u00f6z\u00f6tti koroszt\u00e1lynak. T\u00e9m\u00e1ja az im\u00e1ds\u00e1g. \u201eAz im\u00e1ds\u00e1g az egyik legizgalmasabb dolog a vil\u00e1gon. Titka \u00e9s \u00f6r\u00f6me nem k\u00edv\u00fcl keresend\u0151, nem kell t\u00e1volra elmenn\u00fcnk, hogy tanuljunk r\u00f3la. Eg\u00e9szen k\u00f6zel van. Csak mern\u00fcnk kell meg\u00e1llni, hogy \u00e9szrevegy\u00fck\u201d (Nagy B\u00e1lint). Jelentkezni lehet feliratkoz\u00e1ssal a sekresty\u00e9ben.<\/p>\n<p>9. A vil\u00e1g legnagyobb gyermek- \u00e9s ifj\u00fas\u00e1gi mozgalm\u00e1ba, a <strong>cserk\u00e9szet<\/strong>be h\u00edvom \u00e9s v\u00e1rom gyermekeinket \u00e9s fiataljainkat. C\u00e9lkit\u0171z\u00e9se: seg\u00edteni a gyermekeket \u00e9s fiatalokat, hogy akt\u00edv \u00e9s elk\u00f6telezett feln\u0151ttekk\u00e9 v\u00e1ljanak; hogy a t\u00e1rsadalmat olyan \u00e9letreval\u00f3, elk\u00f6telezett, felel\u0151s, eg\u00e9szs\u00e9ges polg\u00e1rok alkoss\u00e1k, akiknek fontos, hogy \u00f6nmaguk folyamatos nevel\u00e9se \u00e1ltal az Isten fel\u00e9 n\u00f6vekedjenek. <strong>El\u0151zetes jelentkez\u00e9s sz\u00fcks\u00e9ges<\/strong> a sekresty\u00e9ben a n\u00e9v \u00e9s el\u00e9rhet\u0151s\u00e9gek megad\u00e1s\u00e1val.<\/p>\n<p>10. Eml\u00e9knapok \u00e9s \u00fcnnepek e h\u00e9ten: szerd\u00e1n: P\u00e1li Szent Vince \u00e1ldoz\u00f3pap; p\u00e9nteken: Szt. Mih\u00e1ly, G\u00e1bor \u00e9s Rafael f\u0151angyalok; szombaton: Szt. Jeromos \u00e1ldoz\u00f3pap \u00e9s egyh\u00e1ztan\u00edt\u00f3.<\/p>\n","protected":false},"excerpt":{"rendered":"<p>1. Minden katolikus h\u00e1ztart\u00e1sban legyen \u00d6r\u00f6m-H\u00edr! Ezzel a mott\u00f3val vigy\u00e9k magukkal az \u00fajs\u00e1gos polcr\u00f3l egyh\u00e1zmegy\u00e9nk negyed\u00e9ves kiadv\u00e1ny\u00e1t 400 Ft-os (\u00f6nk\u00f6lts\u00e9gi) \u00e1ron. Gondoljunk azokra is, akiknek kedv\u00e9ben j\u00e1rhatunk azzal, ha a kiadv\u00e1ny egy p\u00e9ld\u00e1ny\u00e1t aj\u00e1nd\u00e9kba elviszik nekik. 2. Ma d\u00e9lut\u00e1n 15:00-kor Pal\u00e1nki Ferenc p\u00fcsp\u00f6k el\u0151ad\u00e1sa a katolikus egyh\u00e1z meg\u00fajul\u00e1si t\u00f6rekv\u00e9seir\u0151l az evang\u00e9likus gy\u00fclekezetben. 3. H\u00e9tf\u0151n, szept. &hellip; <a href=\"https:\/\/szentannaplebania.dnyem.hu\/?p=1605\" class=\"more-link\"><span class=\"screen-reader-text\">Hirdet\u00e9sek az \u00e9vk\u00f6zi 25. vas\u00e1rnap<\/span> r\u00e9szletei&#8230;<\/a><\/p>\n","protected":false},"author":2,"featured_media":0,"comment_status":"closed","ping_status":"open","sticky":false,"template":"","format":"standard","meta":{"_jetpack_memberships_contains_paid_content":false,"footnotes":""},"categories":[15],"tags":[],"class_list":["post-1605","post","type-post","status-publish","format-standard","hentry","category-hirdetesek"],"jetpack_featured_media_url":"","jetpack_shortlink":"https:\/\/wp.me\/p9doK4-pT","jetpack_sharing_enabled":true,"_links":{"self":[{"href":"https:\/\/szentannaplebania.dnyem.hu\/index.php?rest_route=\/wp\/v2\/posts\/1605","targetHints":{"allow":["GET"]}}],"collection":[{"href":"https:\/\/szentannaplebania.dnyem.hu\/index.php?rest_route=\/wp\/v2\/posts"}],"about":[{"href":"https:\/\/szentannaplebania.dnyem.hu\/index.php?rest_route=\/wp\/v2\/types\/post"}],"author":[{"embeddable":true,"href":"https:\/\/szentannaplebania.dnyem.hu\/index.php?rest_route=\/wp\/v2\/users\/2"}],"replies":[{"embeddable":true,"href":"https:\/\/szentannaplebania.dnyem.hu\/index.php?rest_route=%2Fwp%2Fv2%2Fcomments&post=1605"}],"version-history":[{"count":0,"href":"https:\/\/szentannaplebania.dnyem.hu\/index.php?rest_route=\/wp\/v2\/posts\/1605\/revisions"}],"wp:attachment":[{"href":"https:\/\/szentannaplebania.dnyem.hu\/index.php?rest_route=%2Fwp%2Fv2%2Fmedia&parent=1605"}],"wp:term":[{"taxonomy":"category","embeddable":true,"href":"https:\/\/szentannaplebania.dnyem.hu\/index.php?rest_route=%2Fwp%2Fv2%2Fcategories&post=1605"},{"taxonomy":"post_tag","embeddable":true,"href":"https:\/\/szentannaplebania.dnyem.hu\/index.php?rest_route=%2Fwp%2Fv2%2Ftags&post=1605"}],"curies":[{"name":"wp","href":"https:\/\/api.w.org\/{rel}","templated":true}]}}