{"id":1614,"date":"2017-09-29T21:19:49","date_gmt":"2017-09-29T19:19:49","guid":{"rendered":"http:\/\/szentannaplebania.dnyem.hu\/?p=1614"},"modified":"2017-10-04T14:13:19","modified_gmt":"2017-10-04T12:13:19","slug":"29-september-2017-2119","status":"publish","type":"post","link":"https:\/\/szentannaplebania.dnyem.hu\/?p=1614","title":{"rendered":"HIRDET\u00c9SEK AZ \u00c9VK\u00d6ZI 26. VAS\u00c1RNAP"},"content":{"rendered":"<p>1. Okt\u00f3ber a r\u00f3zsaf\u00fcz\u00e9r h\u00f3napja. Az esti szentmis\u00e9k el\u0151tt 17.15-t\u0151l im\u00e1dkozzuk a r\u00f3zsaf\u00fcz\u00e9rt. Egy-egy nap r\u00f3zsaf\u00fcz\u00e9r-im\u00e1dkoz\u00e1s\u00e1nak vezet\u00e9s\u00e9re k\u00e9rem a kedves testv\u00e9rek fel\u00edratkoz\u00e1s\u00e1t a sekresty\u00e9ben. Minden nap egy valaki vagy ak\u00e1r 2-3-an is lehetnek a r\u00f3zsaf\u00fcz\u00e9r elim\u00e1dkoz\u00e1s\u00e1nak felel\u0151s vezet\u0151i.<\/p>\n<p>Sz\u00edvlelj\u00fck meg \u00e9s azonosuljunk Szent II. J\u00e1nos P\u00e1l p\u00e1pa r\u00f3zsaf\u00fcz\u00e9rr\u0151l tett vallom\u00e1s\u00e1val:<\/p>\n<p>\u201eMi is a r\u00f3zsaf\u00fcz\u00e9r? Az evang\u00e9lium esszenci\u00e1ja. \u00dajra \u00e9s \u00fajra Krisztus \u00e9let\u00e9nek legfontosabb esem\u00e9nyeihez vezet minket. Azt mondhatn\u00e1nk: a r\u00f3zsaf\u00fcz\u00e9ren kereszt\u00fcl bel\u00e9legezz\u00fck Krisztus miszt\u00e9rium\u00e1t. A r\u00f3zsaf\u00fcz\u00e9r a szeml\u00e9l\u0151d\u00e9s kiv\u00e1lts\u00e1gos \u00f6sv\u00e9nye, nem m\u00e1s, mint M\u00e1ria \u00fatja. L\u00e9tezik-e, aki jobban ismeri \u00e9s jobban szereti Krisztust M\u00e1ri\u00e1n\u00e1l?\u201d<\/p>\n<p>2. Az Imaapostols\u00e1g <strong>okt\u00f3beri sz\u00e1nd\u00e9ka<\/strong>: A munka vil\u00e1g\u00e1\u00e9rt, hogy mindenki sz\u00e1m\u00e1ra biztos\u00edtott legyen a tisztelet \u00e9s jogv\u00e9delem, \u00e9s hogy a munkan\u00e9lk\u00fcliek lehet\u0151s\u00e9get kaphassanak a k\u00f6zj\u00f3 \u00e9p\u00edt\u00e9s\u00e9ben.<\/p>\n<p>3. <strong>Ma 15 \u00f3r\u00e1t\u00f3l<\/strong> fiatal csal\u00e1dosok vas\u00e1rnapi k\u00f6re a Szt. J\u00f3zsef Gimn\u00e1zium f\u00f6ldszinti 21. term\u00e9ben. A csal\u00e1dcsoport szeretettel h\u00edvja \u00e9s sz\u00edvesen fogadja az \u00faj csal\u00e1dos \u00e9rdekl\u0151d\u0151ket. Gyermekmeg\u0151rz\u00e9s biztos\u00edtott.<\/p>\n<p>4. <strong>H\u00e9tf\u0151n Baba-Mama Klub<\/strong> lesz 10 \u00f3r\u00e1t\u00f3l a Szent J\u00f3zsef \u00c1ltal\u00e1nos Iskola (Szent Anna u. 19.) f\u00f6ldszinti tornaszob\u00e1j\u00e1ban. M\u00e1soknak is hozzuk tudom\u00e1s\u00e1ra ezt a j\u00f3 lehet\u0151s\u00e9get, amelyen im\u00e1dkozhatnak, \u00e9nekelhetnek \u00e9s megoszthatj\u00e1k egym\u00e1ssal a gyermeknevel\u00e9sben szerzett \u00e9rt\u00e9kes tapasztalataikat.<\/p>\n<p>5. <strong>Szerd\u00e1n<\/strong>, okt. 4-\u00e9n a 8 \u00f3rai szentmise ut\u00e1n 17.00 \u00f3r\u00e1ig szents\u00e9gim\u00e1d\u00e1sra t\u00e9rhetnek be a sz\u00e9kesegyh\u00e1zba.<\/p>\n<p>6. <strong>Els\u0151p\u00e9nteken<\/strong> d\u00e9lel\u0151tt lesz a betegek gy\u00f3ntat\u00e1sa \u00e9s \u00e1ldoztat\u00e1sa.<\/p>\n<p>7. <strong>Szombaton, okt\u00f3ber 7-\u00e9n<\/strong> Nagymarosi Ifj\u00fas\u00e1gi Tal\u00e1lkoz\u00f3 14-19 \u00e9v k\u00f6z\u00f6tti koroszt\u00e1lynak. T\u00e9m\u00e1ja az im\u00e1ds\u00e1g. \u201eAz im\u00e1ds\u00e1g az egyik legizgalmasabb dolog a vil\u00e1gon. Titka \u00e9s \u00f6r\u00f6me nem k\u00edv\u00fcl keresend\u0151, nem kell t\u00e1volra elmenn\u00fcnk, hogy tanuljunk r\u00f3la. Eg\u00e9szen k\u00f6zel van. Csak mern\u00fcnk kell meg\u00e1llni, hogy \u00e9szrevegy\u00fck\u201d (Nagy B\u00e1lint). Jelentkezni lehet fel\u00edratkoz\u00e1ssal a sekresty\u00e9ben.<\/p>\n<p>8. A vil\u00e1g legnagyobb gyermek- \u00e9s ifj\u00fas\u00e1gi mozgalm\u00e1ba, a cserk\u00e9szetbe h\u00edvom \u00e9s v\u00e1rom gyermekeinket \u00e9s fiataljainkat. C\u00e9lkit\u0171z\u00e9se: seg\u00edteni a gyermekeket \u00e9s fiatalokat, hogy akt\u00edv \u00e9s elk\u00f6telezett feln\u0151ttekk\u00e9 v\u00e1ljanak; hogy a t\u00e1rsadalmat olyan \u00e9letreval\u00f3, elk\u00f6telezett, felel\u0151s, eg\u00e9szs\u00e9ges polg\u00e1rok alkoss\u00e1k, akiknek fontos, hogy \u00f6nmaguk folyamatos nevel\u00e9se \u00e1ltal az Isten fel\u00e9 n\u00f6vekedjenek.<\/p>\n<p>9. <strong>Rajzp\u00e1ly\u00e1zat<\/strong> \u00f3vod\u00e1sok, als\u00f3 \u00e9s fels\u0151 tagozatos valamint k\u00f6z\u00e9piskol\u00e1s di\u00e1kok sz\u00e1m\u00e1ra! B\u00e1rmilyen rajztechnik\u00e1val k\u00e9sz\u00edthet\u0151k a p\u00e1lyam\u0171vek A\/4-es m\u00e9retben az al\u00e1bbi t\u00e9m\u00e1ban: SZERETEK R\u00d3ZSAF\u00dcZ\u00c9RT IM\u00c1DKOZNI. Bead\u00e1si hat\u00e1rid\u0151 okt\u00f3ber 18. (szerda), Szent Luk\u00e1csnak, a fest\u0151k v\u00e9d\u0151szentj\u00e9nek \u00fcnnepe. A rajzokn\u00e1l k\u00e9rem fel\u00edrni a p\u00e1lyam\u0171 elk\u00e9sz\u00edt\u0151j\u00e9nek nev\u00e9t, iskol\u00e1j\u00e1t, az oszt\u00e1lyt \u00e9s a sz\u00fcleinek email-c\u00edm\u00e9t. Minden p\u00e1lyam\u0171b\u0151l ki\u00e1ll\u00edt\u00e1s ny\u00edlik.<\/p>\n<p>10. Eml\u00e9knapok \u00e9s \u00fcnnepek e h\u00e9ten: h\u00e9tf\u0151n: Szent \u0150rz\u0151angyalok; szerd\u00e1n: Assisi Szent Ferenc; szombaton: R\u00f3zsaf\u00fcz\u00e9r Kir\u00e1lyn\u0151je.<\/p>\n","protected":false},"excerpt":{"rendered":"<p>1. Okt\u00f3ber a r\u00f3zsaf\u00fcz\u00e9r h\u00f3napja. Az esti szentmis\u00e9k el\u0151tt 17.15-t\u0151l im\u00e1dkozzuk a r\u00f3zsaf\u00fcz\u00e9rt. Egy-egy nap r\u00f3zsaf\u00fcz\u00e9r-im\u00e1dkoz\u00e1s\u00e1nak vezet\u00e9s\u00e9re k\u00e9rem a kedves testv\u00e9rek fel\u00edratkoz\u00e1s\u00e1t a sekresty\u00e9ben. Minden nap egy valaki vagy ak\u00e1r 2-3-an is lehetnek a r\u00f3zsaf\u00fcz\u00e9r elim\u00e1dkoz\u00e1s\u00e1nak felel\u0151s vezet\u0151i. Sz\u00edvlelj\u00fck meg \u00e9s azonosuljunk Szent II. J\u00e1nos P\u00e1l p\u00e1pa r\u00f3zsaf\u00fcz\u00e9rr\u0151l tett vallom\u00e1s\u00e1val: \u201eMi is a r\u00f3zsaf\u00fcz\u00e9r? Az &hellip; <a href=\"https:\/\/szentannaplebania.dnyem.hu\/?p=1614\" class=\"more-link\"><span class=\"screen-reader-text\">HIRDET\u00c9SEK AZ \u00c9VK\u00d6ZI 26. VAS\u00c1RNAP<\/span> r\u00e9szletei&#8230;<\/a><\/p>\n","protected":false},"author":2,"featured_media":0,"comment_status":"closed","ping_status":"open","sticky":false,"template":"","format":"standard","meta":{"_jetpack_memberships_contains_paid_content":false,"footnotes":""},"categories":[15],"tags":[],"class_list":["post-1614","post","type-post","status-publish","format-standard","hentry","category-hirdetesek"],"jetpack_featured_media_url":"","jetpack_shortlink":"https:\/\/wp.me\/p9doK4-q2","jetpack_sharing_enabled":true,"_links":{"self":[{"href":"https:\/\/szentannaplebania.dnyem.hu\/index.php?rest_route=\/wp\/v2\/posts\/1614","targetHints":{"allow":["GET"]}}],"collection":[{"href":"https:\/\/szentannaplebania.dnyem.hu\/index.php?rest_route=\/wp\/v2\/posts"}],"about":[{"href":"https:\/\/szentannaplebania.dnyem.hu\/index.php?rest_route=\/wp\/v2\/types\/post"}],"author":[{"embeddable":true,"href":"https:\/\/szentannaplebania.dnyem.hu\/index.php?rest_route=\/wp\/v2\/users\/2"}],"replies":[{"embeddable":true,"href":"https:\/\/szentannaplebania.dnyem.hu\/index.php?rest_route=%2Fwp%2Fv2%2Fcomments&post=1614"}],"version-history":[{"count":1,"href":"https:\/\/szentannaplebania.dnyem.hu\/index.php?rest_route=\/wp\/v2\/posts\/1614\/revisions"}],"predecessor-version":[{"id":1617,"href":"https:\/\/szentannaplebania.dnyem.hu\/index.php?rest_route=\/wp\/v2\/posts\/1614\/revisions\/1617"}],"wp:attachment":[{"href":"https:\/\/szentannaplebania.dnyem.hu\/index.php?rest_route=%2Fwp%2Fv2%2Fmedia&parent=1614"}],"wp:term":[{"taxonomy":"category","embeddable":true,"href":"https:\/\/szentannaplebania.dnyem.hu\/index.php?rest_route=%2Fwp%2Fv2%2Fcategories&post=1614"},{"taxonomy":"post_tag","embeddable":true,"href":"https:\/\/szentannaplebania.dnyem.hu\/index.php?rest_route=%2Fwp%2Fv2%2Ftags&post=1614"}],"curies":[{"name":"wp","href":"https:\/\/api.w.org\/{rel}","templated":true}]}}