{"id":1622,"date":"2017-10-08T18:52:32","date_gmt":"2017-10-08T16:52:32","guid":{"rendered":"http:\/\/szentannaplebania.dnyem.hu\/?p=1622"},"modified":"2017-10-08T18:52:32","modified_gmt":"2017-10-08T16:52:32","slug":"8-october-2017-1852","status":"publish","type":"post","link":"https:\/\/szentannaplebania.dnyem.hu\/?p=1622","title":{"rendered":"8 October, 2017 18:52"},"content":{"rendered":"<p><strong>HIRDET\u00c9SEK MAGYAROK NAGYASSZONYA F\u0150\u00dcNNEP\u00c9N, okt. 8-\u00e1n<\/strong><\/p>\n<p>1. Okt\u00f3ber a r\u00f3zsaf\u00fcz\u00e9r h\u00f3napja. Az esti szentmis\u00e9k el\u0151tt 17.15-t\u0151l im\u00e1dkozzuk a r\u00f3zsaf\u00fcz\u00e9rt. Az egyes titkok el\u0151tt r\u00f6vid elm\u00e9lked\u00e9st olvasunk fel. Egy-egy nap r\u00f3zsaf\u00fcz\u00e9r-im\u00e1dkoz\u00e1s\u00e1nak vezet\u00e9s\u00e9re k\u00e9rem a kedves testv\u00e9rek feliratkoz\u00e1s\u00e1t a sekresty\u00e9ben. Minden nap egy valaki vagy ak\u00e1r 2-3-an is lehetnek a r\u00f3zsaf\u00fcz\u00e9r elim\u00e1dkoz\u00e1s\u00e1nak felel\u0151s vezet\u0151i.<\/p>\n<p>2. <strong>Ma, okt\u00f3ber 8-\u00e1n, 18:00-t\u00f3l a Szent Csal\u00e1d Pl\u00e9b\u00e1niatemplomban \u00e9nek-orgona koncertet tartanak,<\/strong> melyre szeretettel h\u00edvnak \u00e9s v\u00e1rnak benn\u00fcnket. <strong>A bel\u00e9p\u00e9s d\u00edjtalan; az \u00f6nk\u00e9ntes adom\u00e1nyokkal a Szent Damj\u00e1n T\u00e1bort t\u00e1mogatj\u00e1k.<\/strong><\/p>\n<p>3. <strong>H\u00e9tf\u0151nk\u00e9nt<\/strong> Baba-Mama Klub 10 \u00f3r\u00e1t\u00f3l a Szent J\u00f3zsef \u00c1ltal\u00e1nos Iskola (Szent Anna u. 19.) f\u00f6ldszinti tornaszob\u00e1j\u00e1ban. M\u00e1soknak is hozzuk tudom\u00e1s\u00e1ra ezt a j\u00f3 lehet\u0151s\u00e9get, amelyen im\u00e1dkozhatnak, \u00e9nekelhetnek \u00e9s megoszthatj\u00e1k egym\u00e1ssal a gyermeknevel\u00e9sben szerzett \u00e9rt\u00e9kes tapasztalataikat.<\/p>\n<p>4. <strong>Okt. 10-\u00e9n<\/strong> R\u00f3m\u00e1ban diakonuss\u00e1 szentelik N\u00e9meth Istv\u00e1n akolitust egyh\u00e1zmegy\u00e9nk szolg\u00e1lat\u00e1ra. Foglaljuk \u0151t, szentel\u00e9s\u00e9t \u00e9s diak\u00f3nusi szolg\u00e1lat\u00e1t im\u00e1inkba!<\/p>\n<p>5. <strong>Okt. 11-\u00e9n 16:30-t\u00f3l a M\u00e9liusz K\u00f6zponti K\u00f6nyvt\u00e1rban<\/strong>lesz Nyul Imre Jost Ferenc, a templom\u00e9p\u00edt\u0151 c. k\u00f6nyv\u00e9nek bemutat\u00f3ja, amelyhez ki\u00e1ll\u00edt\u00e1smegnyit\u00f3 kapcsol\u00f3dik. A szerz\u0151vel besz\u00e9lget Tak\u00e1cs J\u00f3zsef, a Debrecen\u2013Ny\u00edregyh\u00e1zi Egyh\u00e1zmegyei K\u00f6nyv- \u00e9s Lev\u00e9lt\u00e1r ny. igazgat\u00f3ja. Jost Ferenc tervezte a csap\u00f3kerti J\u00e9zus Sz\u00edve \u00e9s a szabads\u00e1gtelepi Szent Istv\u00e1n kir\u00e1ly templomot.<\/p>\n<p>6. <strong>Okt. 15-\u00e9n<\/strong>, vas\u00e1rnap, 19 \u00f3rakor Ablonczy Bertalan j\u00f3t\u00e9konys\u00e1gi hangversenye sz\u00e9kesegyh\u00e1zunk orgon\u00e1j\u00e1nak regiszterb\u0151v\u00edt\u00e9s\u00e9re. M\u0171sora a hirdet\u0151n olvashat\u00f3. Erre a c\u00e9lra felaj\u00e1nlott legkisebb adom\u00e1ny is igen \u00e9rt\u00e9kes, \u00e9s h\u00e1l\u00e1san k\u00f6sz\u00f6nj\u00fck!<\/p>\n<p>7. A vil\u00e1g legnagyobb gyermek- \u00e9s ifj\u00fas\u00e1gi mozgalm\u00e1ba, a cserk\u00e9szetbe h\u00edvom \u00e9s v\u00e1rom gyermekeinket \u00e9s fiataljainkat. C\u00e9lkit\u0171z\u00e9se: seg\u00edteni a gyermekeket \u00e9s fiatalokat, hogy akt\u00edv \u00e9s elk\u00f6telezett feln\u0151ttekk\u00e9 v\u00e1ljanak; hogy a t\u00e1rsadalmat olyan \u00e9letreval\u00f3, elk\u00f6telezett, felel\u0151s, eg\u00e9szs\u00e9ges polg\u00e1rok alkoss\u00e1k, akiknek fontos, hogy \u00f6nmaguk folyamatos nevel\u00e9se \u00e1ltal az Isten fel\u00e9 n\u00f6vekedjenek.<\/p>\n<p>8. <strong>Rajzp\u00e1ly\u00e1zat<\/strong> \u00f3vod\u00e1sok, als\u00f3 \u00e9s fels\u0151 tagozatos valamint k\u00f6z\u00e9piskol\u00e1s di\u00e1kok sz\u00e1m\u00e1ra! B\u00e1rmilyen rajztechnik\u00e1val k\u00e9sz\u00edthet\u0151k a p\u00e1lyam\u0171vek A\/4-es m\u00e9retben az al\u00e1bbi t\u00e9m\u00e1ban: SZERETEK R\u00d3ZSAF\u00dcZ\u00c9RT IM\u00c1DKOZNI. Bead\u00e1si hat\u00e1rid\u0151 okt\u00f3ber 18. (szerda), Szent Luk\u00e1csnak, a fest\u0151k v\u00e9d\u0151szentj\u00e9nek \u00fcnnepe. A rajzokn\u00e1l k\u00e9rem fel\u00edrni a p\u00e1lyam\u0171 elk\u00e9sz\u00edt\u0151j\u00e9nek nev\u00e9t, iskol\u00e1j\u00e1t, az oszt\u00e1lyt \u00e9s a sz\u00fcleinek email-c\u00edm\u00e9t. Minden p\u00e1lyam\u0171b\u0151l ki\u00e1ll\u00edt\u00e1s ny\u00edlik.<\/p>\n<p>9. Szerd\u00e1n Szent XXIII. J\u00e1nos p\u00e1pa eml\u00e9knapja.<\/p>\n","protected":false},"excerpt":{"rendered":"<p>HIRDET\u00c9SEK MAGYAROK NAGYASSZONYA F\u0150\u00dcNNEP\u00c9N, okt. 8-\u00e1n 1. Okt\u00f3ber a r\u00f3zsaf\u00fcz\u00e9r h\u00f3napja. Az esti szentmis\u00e9k el\u0151tt 17.15-t\u0151l im\u00e1dkozzuk a r\u00f3zsaf\u00fcz\u00e9rt. Az egyes titkok el\u0151tt r\u00f6vid elm\u00e9lked\u00e9st olvasunk fel. Egy-egy nap r\u00f3zsaf\u00fcz\u00e9r-im\u00e1dkoz\u00e1s\u00e1nak vezet\u00e9s\u00e9re k\u00e9rem a kedves testv\u00e9rek feliratkoz\u00e1s\u00e1t a sekresty\u00e9ben. Minden nap egy valaki vagy ak\u00e1r 2-3-an is lehetnek a r\u00f3zsaf\u00fcz\u00e9r elim\u00e1dkoz\u00e1s\u00e1nak felel\u0151s vezet\u0151i. 2. Ma, okt\u00f3ber &hellip; <a href=\"https:\/\/szentannaplebania.dnyem.hu\/?p=1622\" class=\"more-link\"><span class=\"screen-reader-text\">8 October, 2017 18:52<\/span> r\u00e9szletei&#8230;<\/a><\/p>\n","protected":false},"author":2,"featured_media":0,"comment_status":"closed","ping_status":"open","sticky":false,"template":"","format":"standard","meta":{"_jetpack_memberships_contains_paid_content":false,"footnotes":""},"categories":[15],"tags":[],"class_list":["post-1622","post","type-post","status-publish","format-standard","hentry","category-hirdetesek"],"jetpack_featured_media_url":"","jetpack_shortlink":"https:\/\/wp.me\/p9doK4-qa","jetpack_sharing_enabled":true,"_links":{"self":[{"href":"https:\/\/szentannaplebania.dnyem.hu\/index.php?rest_route=\/wp\/v2\/posts\/1622","targetHints":{"allow":["GET"]}}],"collection":[{"href":"https:\/\/szentannaplebania.dnyem.hu\/index.php?rest_route=\/wp\/v2\/posts"}],"about":[{"href":"https:\/\/szentannaplebania.dnyem.hu\/index.php?rest_route=\/wp\/v2\/types\/post"}],"author":[{"embeddable":true,"href":"https:\/\/szentannaplebania.dnyem.hu\/index.php?rest_route=\/wp\/v2\/users\/2"}],"replies":[{"embeddable":true,"href":"https:\/\/szentannaplebania.dnyem.hu\/index.php?rest_route=%2Fwp%2Fv2%2Fcomments&post=1622"}],"version-history":[{"count":0,"href":"https:\/\/szentannaplebania.dnyem.hu\/index.php?rest_route=\/wp\/v2\/posts\/1622\/revisions"}],"wp:attachment":[{"href":"https:\/\/szentannaplebania.dnyem.hu\/index.php?rest_route=%2Fwp%2Fv2%2Fmedia&parent=1622"}],"wp:term":[{"taxonomy":"category","embeddable":true,"href":"https:\/\/szentannaplebania.dnyem.hu\/index.php?rest_route=%2Fwp%2Fv2%2Fcategories&post=1622"},{"taxonomy":"post_tag","embeddable":true,"href":"https:\/\/szentannaplebania.dnyem.hu\/index.php?rest_route=%2Fwp%2Fv2%2Ftags&post=1622"}],"curies":[{"name":"wp","href":"https:\/\/api.w.org\/{rel}","templated":true}]}}