{"id":1636,"date":"2017-10-17T11:06:38","date_gmt":"2017-10-17T09:06:38","guid":{"rendered":"http:\/\/szentannaplebania.dnyem.hu\/?p=1636"},"modified":"2017-10-17T11:06:38","modified_gmt":"2017-10-17T09:06:38","slug":"17-october-2017-1106","status":"publish","type":"post","link":"https:\/\/szentannaplebania.dnyem.hu\/?p=1636","title":{"rendered":"17 October, 2017 11:06"},"content":{"rendered":"<p><strong>HIRDET\u00c9SEK AZ \u00c9VK\u00d6ZI 28. VAS\u00c1RNAP, okt. 15.<\/strong><\/p>\n<p>1. Okt\u00f3berben minden este 1\/4 6-t\u00f3l im\u00e1dkozzuk a <strong>r\u00f3zsaf\u00fcz\u00e9rt.<\/strong> Min\u00e9l t\u00f6bben kapcsol\u00f3djunk be ebbe a k\u00f6z\u00f6s im\u00e1dkoz\u00e1sba. Egy-egy nap r\u00f3zsaf\u00fcz\u00e9r-im\u00e1dkoz\u00e1s\u00e1nak vezet\u00e9s\u00e9re k\u00e9rem a kedves testv\u00e9rek feliratkoz\u00e1s\u00e1t a sekresty\u00e9ben. Minden nap egy valaki vagy ak\u00e1r 2-3-an is lehetnek a r\u00f3zsaf\u00fcz\u00e9r elim\u00e1dkoz\u00e1s\u00e1nak felel\u0151s vezet\u0151i.<\/p>\n<p>2. Ma, vas\u00e1rnap, 19 \u00f3rakor Ablonczy Bertalan j\u00f3t\u00e9konys\u00e1gi hangversenye sz\u00e9kesegyh\u00e1zunk orgon\u00e1j\u00e1nak regiszterb\u0151v\u00edt\u00e9s\u00e9re. M\u0171sora a hirdet\u0151n olvashat\u00f3. Erre a c\u00e9lra felaj\u00e1nlott legkisebb adom\u00e1ny is igen \u00e9rt\u00e9kes, \u00e9s h\u00e1l\u00e1san k\u00f6sz\u00f6nj\u00fck!<\/p>\n<p>3. <strong>H\u00e9tf\u0151n, okt. 16<\/strong>-\u00e1n az esti szentmise ut\u00e1n 18:45-t\u0151l <strong>Katolikus M\u0171vel\u0151d\u00e9s- \u00e9s Filmklub<\/strong> a Szt. J\u00f3zsef Gimn\u00e1zium d\u00edszterm\u00e9ben (II. emeleten). Megn\u00e9zz\u00fck <em>Az \u00fczenet \u2013 Mohamed \u00e9lete<\/em> c. film II. r\u00e9sz\u00e9t, amely az Iszl\u00e1m Vil\u00e1gtan\u00e1cs enged\u00e9ly\u00e9vel \u00e9s j\u00f3v\u00e1hagy\u00e1s\u00e1val k\u00e9sz\u00fclt. A filmn\u00e9z\u00e9st besz\u00e9lget\u00e9s k\u00f6veti a l\u00e1tottakr\u00f3l.<\/p>\n<p>4. Szerd\u00e1n 16:00-kor a sz\u00e9kesegyh\u00e1zban az ifj\u00fas\u00e1gi koroszt\u00e1lynak <em>L\u00e9p\u00e9sform\u00e1k egym\u00e1s fel\u00e9<\/em> c\u00edmmel dr. Nagy Edit pszichol\u00f3gus el\u0151ad\u00e1sa, majd 18:00-t\u00f3l p\u00fcsp\u00f6ki szentmise \u00e9s imaest a tiszta szerelem\u00e9rt.<\/p>\n<p>5. Okt. 19-\u00e9n, <strong>cs\u00fct\u00f6rt\u00f6k<\/strong>\u00f6n a reggeli 8 \u00f3rai szentmise ut\u00e1n <strong>\u00f6nseg\u00edt\u0151 klub<\/strong>ba h\u00edvom \u00e9s v\u00e1rom<strong> id\u0151s h\u00edveinket<\/strong>, akik v\u00e1gyakoznak arra, hogy vel\u00fck egykor\u00fa emberek der\u0171s t\u00e1rsas\u00e1g\u00e1ban t\u00f6ltsenek el n\u00e9h\u00e1ny tartalmas d\u00e9lel\u0151tti \u00f3r\u00e1t. Jelenl\u00e9t\u00fckre sz\u00e1m\u00edtok felt\u00e9tlen\u00fcl.<\/p>\n<p>6. <strong>Okt. 20-\u00e1n, p\u00e9nteken<\/strong>, 19:00-t\u00f3l Fiatal Feln\u0151ttek Klubj\u00e1ba h\u00edvom a 18-35 \u00e9v k\u00f6z\u00f6tti egyed\u00fcl\u00e1ll\u00f3kat \u00e9s jegyeseket a 6. hittanterembe. Az esti szentmis\u00e9t k\u00f6vet\u0151en tal\u00e1lkozunk besz\u00e9lget\u00e9sre, im\u00e1ra \u00e9s filmn\u00e9z\u00e9sre.<\/p>\n<p>7. <strong>Szombatonk\u00e9nt<\/strong> 19:00-t\u00f3l kezd\u0151dik az <strong>ifj\u00fas\u00e1gi hittan<\/strong> a 6. hittanteremben a 14-19 \u00e9v k\u00f6z\u00f6tti koroszt\u00e1lynak.<\/p>\n<p>8. A SZERETEK R\u00d3ZSAF\u00dcZ\u00c9RT IM\u00c1DKOZNI t\u00e9m\u00e1j\u00fa rajzp\u00e1ly\u00e1zat bead\u00e1si hat\u00e1rideje okt\u00f3ber 18. (szerda), Szent Luk\u00e1csnak, a fest\u0151k v\u00e9d\u0151szentj\u00e9nek \u00fcnnepe. A rajzokn\u00e1l k\u00e9rem fel\u00edrni a p\u00e1lyam\u0171 elk\u00e9sz\u00edt\u0151j\u00e9nek nev\u00e9t, iskol\u00e1j\u00e1t, az oszt\u00e1lyt \u00e9s a sz\u00fcleinek email-c\u00edm\u00e9t. Minden p\u00e1lyam\u0171b\u0151l ki\u00e1ll\u00edt\u00e1s ny\u00edlik.<\/p>\n<p>9. Kedden Anti\u00f3chiai Szt. Ign\u00e1c p\u00fcsp\u00f6k \u00e9s v\u00e9rtan\u00fa eml\u00e9knapja; szerd\u00e1n Szt. Luk\u00e1cs evang\u00e9lista \u00fcnnepe.<\/p>\n<p>10. A j\u00f6v\u0151 vas\u00e1rnap, okt. 22., <strong>misszi\u00f3s vas\u00e1rnap<\/strong>, amelyen orsz\u00e1gos gy\u0171jt\u00e9st tartunk a misszi\u00f3k jav\u00e1ra. Ennek ismeret\u00e9ben helyezz\u00fck adom\u00e1nyainkat a perselybe.<\/p>\n","protected":false},"excerpt":{"rendered":"<p>HIRDET\u00c9SEK AZ \u00c9VK\u00d6ZI 28. VAS\u00c1RNAP, okt. 15. 1. Okt\u00f3berben minden este 1\/4 6-t\u00f3l im\u00e1dkozzuk a r\u00f3zsaf\u00fcz\u00e9rt. Min\u00e9l t\u00f6bben kapcsol\u00f3djunk be ebbe a k\u00f6z\u00f6s im\u00e1dkoz\u00e1sba. Egy-egy nap r\u00f3zsaf\u00fcz\u00e9r-im\u00e1dkoz\u00e1s\u00e1nak vezet\u00e9s\u00e9re k\u00e9rem a kedves testv\u00e9rek feliratkoz\u00e1s\u00e1t a sekresty\u00e9ben. Minden nap egy valaki vagy ak\u00e1r 2-3-an is lehetnek a r\u00f3zsaf\u00fcz\u00e9r elim\u00e1dkoz\u00e1s\u00e1nak felel\u0151s vezet\u0151i. 2. Ma, vas\u00e1rnap, 19 \u00f3rakor Ablonczy &hellip; <a href=\"https:\/\/szentannaplebania.dnyem.hu\/?p=1636\" class=\"more-link\"><span class=\"screen-reader-text\">17 October, 2017 11:06<\/span> r\u00e9szletei&#8230;<\/a><\/p>\n","protected":false},"author":2,"featured_media":0,"comment_status":"closed","ping_status":"open","sticky":false,"template":"","format":"standard","meta":{"_jetpack_memberships_contains_paid_content":false,"footnotes":""},"categories":[15],"tags":[],"class_list":["post-1636","post","type-post","status-publish","format-standard","hentry","category-hirdetesek"],"jetpack_featured_media_url":"","jetpack_shortlink":"https:\/\/wp.me\/p9doK4-qo","jetpack_sharing_enabled":true,"_links":{"self":[{"href":"https:\/\/szentannaplebania.dnyem.hu\/index.php?rest_route=\/wp\/v2\/posts\/1636","targetHints":{"allow":["GET"]}}],"collection":[{"href":"https:\/\/szentannaplebania.dnyem.hu\/index.php?rest_route=\/wp\/v2\/posts"}],"about":[{"href":"https:\/\/szentannaplebania.dnyem.hu\/index.php?rest_route=\/wp\/v2\/types\/post"}],"author":[{"embeddable":true,"href":"https:\/\/szentannaplebania.dnyem.hu\/index.php?rest_route=\/wp\/v2\/users\/2"}],"replies":[{"embeddable":true,"href":"https:\/\/szentannaplebania.dnyem.hu\/index.php?rest_route=%2Fwp%2Fv2%2Fcomments&post=1636"}],"version-history":[{"count":0,"href":"https:\/\/szentannaplebania.dnyem.hu\/index.php?rest_route=\/wp\/v2\/posts\/1636\/revisions"}],"wp:attachment":[{"href":"https:\/\/szentannaplebania.dnyem.hu\/index.php?rest_route=%2Fwp%2Fv2%2Fmedia&parent=1636"}],"wp:term":[{"taxonomy":"category","embeddable":true,"href":"https:\/\/szentannaplebania.dnyem.hu\/index.php?rest_route=%2Fwp%2Fv2%2Fcategories&post=1636"},{"taxonomy":"post_tag","embeddable":true,"href":"https:\/\/szentannaplebania.dnyem.hu\/index.php?rest_route=%2Fwp%2Fv2%2Ftags&post=1636"}],"curies":[{"name":"wp","href":"https:\/\/api.w.org\/{rel}","templated":true}]}}