{"id":1643,"date":"2017-10-21T20:07:32","date_gmt":"2017-10-21T18:07:32","guid":{"rendered":"http:\/\/szentannaplebania.dnyem.hu\/?p=1643"},"modified":"2017-10-21T20:07:32","modified_gmt":"2017-10-21T18:07:32","slug":"21-october-2017-2007","status":"publish","type":"post","link":"https:\/\/szentannaplebania.dnyem.hu\/?p=1643","title":{"rendered":"21 October, 2017 20:07"},"content":{"rendered":"<p><strong>HIRDET\u00c9SEK A MISSZI\u00d3K VAS\u00c1RNAPJ\u00c1N, okt. 22.<\/strong><\/p>\n<p>1. Okt\u00f3berben minden este 1\/4 6-t\u00f3l im\u00e1dkozzuk a <strong>r\u00f3zsaf\u00fcz\u00e9rt.<\/strong> Min\u00e9l t\u00f6bben kapcsol\u00f3djunk be ebbe a k\u00f6z\u00f6s im\u00e1dkoz\u00e1sba. Egy-egy nap r\u00f3zsaf\u00fcz\u00e9r-im\u00e1dkoz\u00e1s\u00e1nak vezet\u00e9s\u00e9re k\u00e9rem a kedves testv\u00e9rek feliratkoz\u00e1s\u00e1t a sekresty\u00e9ben. Minden nap egy valaki vagy ak\u00e1r 2-3-an is lehetnek a r\u00f3zsaf\u00fcz\u00e9r elim\u00e1dkoz\u00e1s\u00e1nak felel\u0151s vezet\u0151i.<\/p>\n<p>2. A SZERETEK R\u00d3ZSAF\u00dcZ\u00c9RT IM\u00c1DKOZNI t\u00e9m\u00e1j\u00fa rajzp\u00e1ly\u00e1zatra beadott p\u00e1lyam\u0171vek megtekinthet\u0151k a Szt. Antal szobor mellett. A p\u00e1lyam\u0171vek k\u00f6z\u00fcl a Kedves Testv\u00e9rek javaslatot tehetnek <strong>\u2018a nekik legink\u00e1bb tetsz\u0151\u2019 alkot\u00e1s<\/strong>ra.<\/p>\n<p>A legt\u00f6bb szavazatot kapott alkot\u00e1s k\u00e9sz\u00edt\u0151je k\u00fcl\u00f6nd\u00edjban r\u00e9szes\u00fcl. Szavazni a Szt. Antal-szobor melletti szabadt\u00e9ri olt\u00e1ron tal\u00e1lhat\u00f3 c\u00e9dula kit\u00f6lt\u00e9s\u00e9vel lehet. Eml\u00e9klap\u00e1tad\u00e1s \u00e9s eredm\u00e9nyhirdet\u00e9s okt. 29-\u00e9n, m\u00e1hoz egy h\u00e9tre, lesz a 8:30-as szentmis\u00e9n.<\/p>\n<p>3. Ma 16.00 \u00f3r\u00e1t\u00f3l r\u00f3zsaf\u00fcz\u00e9r-im\u00e1dkoz\u00f3k v\u00e1rosi tal\u00e1lkoz\u00f3ja a Szent L\u00e1szl\u00f3 pl\u00e9b\u00e1ni\u00e1n.<\/p>\n<p>4. <strong>Kedden 18:45-t\u0151l <\/strong>folytat\u00f3dik a szentmise r\u00e9szeinek liturgiat\u00f6rt\u00e9neti \u00e9s liturgikus teol\u00f3giai magyar\u00e1zata 7. hittanteremben.<\/p>\n<p>5. <strong>Szerd\u00e1n,<\/strong> okt\u00f3ber 25-\u00e9n:<\/p>\n<p>\u2013 16.00 \u00f3r\u00e1t\u00f3l a Szent L\u00e1szl\u00f3 Pl\u00e9b\u00e1nia II. J\u00e1nos P\u00e1l term\u00e9ben Dr. Vit\u00e9z Ferenc \u2013 a Reform\u00e1tus Hittudom\u00e1nyi Egyetem docense, \u00edr\u00f3, k\u00f6lt\u0151 \u2013 el\u0151ad\u00e1sa Szent L\u00e1szl\u00f3 a m\u0171v\u00e9szetben c\u00edmmel.<\/p>\n<p>\u2013 <strong>18:45-t\u0151l <\/strong>a feln\u0151tt hitismeretelm\u00e9ly\u00edt\u0151 t\u00e9m\u00e1ja: Milyennek akarta J\u00e9zus a benne h\u00edv\u0151k k\u00f6z\u00f6ss\u00e9g\u00e9t? 7. hittanteremben.<\/p>\n<p>6. <strong>Szombatonk\u00e9nt<\/strong> 19:00-t\u00f3l kezd\u0151dik az <strong>ifj\u00fas\u00e1gi hittan<\/strong> a 6. hittanteremben a 14-19 \u00e9v k\u00f6z\u00f6tti koroszt\u00e1lynak.<\/p>\n<p>7. H\u00e9tf\u0151n Kapisztr\u00e1n Szent J\u00e1nos \u00e1ldoz\u00f3pap, szerd\u00e1n Szt. M\u00f3r p\u00fcsp\u00f6k eml\u00e9knapja, szombaton Szent Simon \u00e9s Szent J\u00fad\u00e1s T\u00e1d\u00e9 apostolok \u00fcnnepe.<\/p>\n<p>8. Nov. 1., <strong>Mindenszentek parancsolt \u00fcnnepe<\/strong>. 15.30-kor szentmise lesz a k\u00f6ztemet\u0151 2. sz. ravataloz\u00f3ja el\u0151tt.<\/p>\n<p>9. Nov. 4-\u00e9n a <strong>Cursillo-mozgalom<\/strong> sz\u00e9kesegyh\u00e1zunkban tartja az orsz\u00e1gos ULTREY\u00c1T, amelyre h\u00edvnak \u00e9s v\u00e1rnak mindenkit. Programja a hirdet\u0151n olvashat\u00f3.<\/p>\n<p>10. Nov. 18-\u00e1n 19:00-t\u00f3l <strong>Szt. Erzs\u00e9bet-b\u00e1l<\/strong> a Szt. J\u00f3zsef Gimn\u00e1zum tornaterm\u00e9ben. Mindenki \u2014 gyerek, fiatal \u00e9s id\u0151s \u2014 j\u00f6jj\u00f6n el, \u00e9s legyen r\u00e9szese a b\u00e1li mulatoz\u00e1snak \u2013 mindannyiunk \u00f6r\u00f6m\u00e9re! Gondoskodjunk becsomagolt tombolat\u00e1rgyak felaj\u00e1nl\u00e1s\u00e1r\u00f3l, amelyek leadhat\u00f3k a pl\u00e9b\u00e1ni\u00e1n vagy a sekresty\u00e9ben!<\/p>\n<p>11. A katolikus sajt\u00f3 kiadv\u00e1nyai megrendelhet\u0151k 2018-ra a sekresty\u00e9ben. J\u00f3l olvashat\u00f3 nevet \u00e9s darabsz\u00e1mot kell \u00edrni a megfelel\u0151 oszlopba.<\/p>\n<p>12. M\u00e1hoz 1 h\u00e9tre, okt. 29-\u00e9n kezdet\u00e9t veszi a t\u00e9li id\u0151sz\u00e1m\u00edt\u00e1s. Ne feljets\u00fck el \u00f3r\u00e1inkat (1 \u00f3r\u00e1val) vissza\u00e1ll\u00edtani!<\/p>\n","protected":false},"excerpt":{"rendered":"<p>HIRDET\u00c9SEK A MISSZI\u00d3K VAS\u00c1RNAPJ\u00c1N, okt. 22. 1. Okt\u00f3berben minden este 1\/4 6-t\u00f3l im\u00e1dkozzuk a r\u00f3zsaf\u00fcz\u00e9rt. Min\u00e9l t\u00f6bben kapcsol\u00f3djunk be ebbe a k\u00f6z\u00f6s im\u00e1dkoz\u00e1sba. Egy-egy nap r\u00f3zsaf\u00fcz\u00e9r-im\u00e1dkoz\u00e1s\u00e1nak vezet\u00e9s\u00e9re k\u00e9rem a kedves testv\u00e9rek feliratkoz\u00e1s\u00e1t a sekresty\u00e9ben. Minden nap egy valaki vagy ak\u00e1r 2-3-an is lehetnek a r\u00f3zsaf\u00fcz\u00e9r elim\u00e1dkoz\u00e1s\u00e1nak felel\u0151s vezet\u0151i. 2. A SZERETEK R\u00d3ZSAF\u00dcZ\u00c9RT IM\u00c1DKOZNI t\u00e9m\u00e1j\u00fa rajzp\u00e1ly\u00e1zatra &hellip; <a href=\"https:\/\/szentannaplebania.dnyem.hu\/?p=1643\" class=\"more-link\"><span class=\"screen-reader-text\">21 October, 2017 20:07<\/span> r\u00e9szletei&#8230;<\/a><\/p>\n","protected":false},"author":2,"featured_media":0,"comment_status":"closed","ping_status":"open","sticky":false,"template":"","format":"standard","meta":{"_jetpack_memberships_contains_paid_content":false,"footnotes":""},"categories":[15],"tags":[],"class_list":["post-1643","post","type-post","status-publish","format-standard","hentry","category-hirdetesek"],"jetpack_featured_media_url":"","jetpack_shortlink":"https:\/\/wp.me\/p9doK4-qv","jetpack_sharing_enabled":true,"_links":{"self":[{"href":"https:\/\/szentannaplebania.dnyem.hu\/index.php?rest_route=\/wp\/v2\/posts\/1643","targetHints":{"allow":["GET"]}}],"collection":[{"href":"https:\/\/szentannaplebania.dnyem.hu\/index.php?rest_route=\/wp\/v2\/posts"}],"about":[{"href":"https:\/\/szentannaplebania.dnyem.hu\/index.php?rest_route=\/wp\/v2\/types\/post"}],"author":[{"embeddable":true,"href":"https:\/\/szentannaplebania.dnyem.hu\/index.php?rest_route=\/wp\/v2\/users\/2"}],"replies":[{"embeddable":true,"href":"https:\/\/szentannaplebania.dnyem.hu\/index.php?rest_route=%2Fwp%2Fv2%2Fcomments&post=1643"}],"version-history":[{"count":0,"href":"https:\/\/szentannaplebania.dnyem.hu\/index.php?rest_route=\/wp\/v2\/posts\/1643\/revisions"}],"wp:attachment":[{"href":"https:\/\/szentannaplebania.dnyem.hu\/index.php?rest_route=%2Fwp%2Fv2%2Fmedia&parent=1643"}],"wp:term":[{"taxonomy":"category","embeddable":true,"href":"https:\/\/szentannaplebania.dnyem.hu\/index.php?rest_route=%2Fwp%2Fv2%2Fcategories&post=1643"},{"taxonomy":"post_tag","embeddable":true,"href":"https:\/\/szentannaplebania.dnyem.hu\/index.php?rest_route=%2Fwp%2Fv2%2Ftags&post=1643"}],"curies":[{"name":"wp","href":"https:\/\/api.w.org\/{rel}","templated":true}]}}