{"id":1644,"date":"2017-10-28T21:59:12","date_gmt":"2017-10-28T19:59:12","guid":{"rendered":"http:\/\/szentannaplebania.dnyem.hu\/?p=1644"},"modified":"2017-10-28T21:59:12","modified_gmt":"2017-10-28T19:59:12","slug":"28-october-2017-2159","status":"publish","type":"post","link":"https:\/\/szentannaplebania.dnyem.hu\/?p=1644","title":{"rendered":"28 October, 2017 21:59"},"content":{"rendered":"<h6>SZENT ANNA F\u0150PL\u00c9B\u00c1NIA <\/h6>\n<h6>HIRDET\u00c9SEI AZ \u00c9VK\u00d6ZI 30. VAS\u00c1RNAP, OKT. 29.<\/h6>\n<p>1. Okt\u00f3berben minden este 1\/4 6-t\u00f3l im\u00e1dkozzuk a <strong>r\u00f3zsaf\u00fcz\u00e9rt.<\/strong> Min\u00e9l t\u00f6bben kapcsol\u00f3djunk be ebbe a k\u00f6z\u00f6s im\u00e1dkoz\u00e1sba.<\/p>\n<p>2. A SZERETEK R\u00d3ZSAF\u00dcZ\u00c9RT IM\u00c1DKOZNI t\u00e9m\u00e1j\u00fa rajzp\u00e1ly\u00e1zat eredm\u00e9nyhirdet\u00e9se ma a 8:30-as szentmis\u00e9n lesz\/volt. A p\u00e1lyam\u0171vek k\u00f6z\u00fcl a legt\u00f6bb szavazatot kapott alkot\u00e1s k\u00e9sz\u00edt\u0151je:<strong> Gyarmati Rita <\/strong>4. c oszt. tanul\u00f3 a Svetits Katolikus \u00c1ltal\u00e1nos Iskol\u00e1b\u00f3l k\u00fcl\u00f6nd\u00edjban r\u00e9szes\u00fcl\/t.<\/p>\n<p>3. <strong>E h\u00e9ten iskol\u00e1saink \u0151szi sz\u00fcnete, <\/strong>ez\u00e9rt a p\u00e9nteki hittan\u00f3r\u00e1k elmaradnak. Biblia\u00f3ra sem lesz kedden.<\/p>\n<p>4. Szerd\u00e1n, nov. 1-j\u00e9n, <strong>Mindenszentek parancsolt \u00fcnnepe<\/strong>. 15.30-kor p\u00fcsp\u00f6ki szentmise lesz a k\u00f6ztemet\u0151 2. sz. ravataloz\u00f3ja el\u0151tt.<\/p>\n<p>Aki<strong> Mindenszentek<\/strong>kor a temet\u0151t \u00e1h\u00edtatos l\u00e9lekkel l\u00e1togatja, \u00e9s legal\u00e1bb l\u00e9lekben im\u00e1dkozik a meghaltak\u00e9rt, nov. 1-8-ig mindennap teljes b\u00facs\u00fat nyerhet. Felt\u00e9telek: gy\u00f3n\u00e1s, \u00e1ldoz\u00e1s \u00e9s im\u00e1ds\u00e1g a a Szentatya sz\u00e1nd\u00e9k\u00e1ra. Az \u00e9v t\u00f6bbi napj\u00e1n r\u00e9szleges b\u00facs\u00fat lehet nyerni a temet\u0151 megl\u00e1togat\u00e1sakor.<\/p>\n<p>5. <strong>Cs\u00fct\u00f6rt\u00f6k\u00f6n Halottak napja. Szents\u00e9gim\u00e1d\u00e1s<\/strong>ra t\u00e9rhetnek be a kedves Testv\u00e9rek az eg\u00e9sz nap folyam\u00e1n.<\/p>\n<p>\u2013 8 \u00f3rai szentmise ut\u00e1n <strong>\u00f6nseg\u00edt\u0151 klub<\/strong>ba h\u00edvom \u00e9s v\u00e1rom<strong> id\u0151s h\u00edveinket<\/strong>, akik v\u00e1gyakoznak arra, hogy vel\u00fck egykor\u00fa emberek der\u0171s t\u00e1rsas\u00e1g\u00e1ban t\u00f6ltsenek el n\u00e9h\u00e1ny tartalmas d\u00e9lel\u0151tti \u00f3r\u00e1t. Jelenl\u00e9t\u00fckre sz\u00e1m\u00edtok felt\u00e9tlen\u00fcl.<\/p>\n<p>\u2013 15 \u00f3rakor szentmise a V\u00e1g\u00f3h\u00edd \u00fatcai temet\u0151k\u00e1poln\u00e1ban.<\/p>\n<p>\u2013 18 \u00f3rakor p\u00fcsp\u00f6ki szentmise az altemplomban.<\/p>\n<p>Aki halottak napj\u00e1n a <em>temet\u0151t<\/em> \u00e1h\u00edtatos l\u00e9lekkel l\u00e1togatja, \u00e9s legal\u00e1bb l\u00e9lekben im\u00e1dkozik a megholtak\u00e9rt, november 1-8-ig minden nap teljes b\u00facs\u00fat nyerhet. Felt\u00e9telek: szentgy\u00f3n\u00e1s, szent\u00e1ldoz\u00e1s \u00e9s im\u00e1ds\u00e1g a Szentatya sz\u00e1nd\u00e9k\u00e1ra. Ezen fel\u00fcl sz\u00fcks\u00e9ges, hogy az illet\u0151 egy\u00e1ltal\u00e1n ne vonz\u00f3dj\u00e9k semmi b\u0171nh\u00f6z, m\u00e9g a bocs\u00e1natos b\u0171nh\u00f6z se.<\/p>\n<p>Akik <strong>halottak napj\u00e1n<\/strong> (vagyis az azt megel\u0151z\u0151 nap del\u00e9t\u0151l a halottak napj\u00e1t k\u00f6vet\u0151 \u00e9jf\u00e9lig) megl\u00e1togatnak egy <em>templomot vagy k\u00e1poln\u00e1t<\/em>, teljes b\u00facs\u00fat nyerhetnek a szokott felt\u00e9telekkel. A l\u00e1togat\u00e1skor egy Miaty\u00e1nkot \u00e9s egy Hiszekegyet kell im\u00e1dkozni. Ez a b\u00facs\u00fa elnyerhet\u0151 a megel\u0151z\u0151 vagy k\u00f6vetkez\u0151 vas\u00e1rnapon \u00e9s Mindenszentekkor.<\/p>\n<p>6. <strong>\u00daj \u00e9let Krisztusban elnevez\u00e9s\u0171 kurzus<\/strong> indul a Szent L\u00e1szl\u00f3 Pl\u00e9b\u00e1ni\u00e1n (Debrecen, F\u00fcredi u. 6.) november 3-\u00e1n, p\u00e9nteken 17.00-kor; befejez\u00e9s: november 5., vas\u00e1rnap 16.00. A kurzus helyieknek bej\u00e1r\u00f3s. Jelentkezni a titkarsag <a href=\"https:\/\/szentandras.ujevangelizacio.hu\/jelentkezes\">oldalon<\/a> le\u00edrtaknak megfelel\u0151en lehet.<\/p>\n<p>7. <strong>Szombaton<\/strong>, nov. 4-\u00e9n a <strong>Cursillo-mozgalom<\/strong> sz\u00e9kesegyh\u00e1zunkban tartja az orsz\u00e1gos ULTREY\u00c1T, amelyre h\u00edvnak \u00e9s v\u00e1rnak mindenkit. Programja a hirdet\u0151n olvashat\u00f3.<\/p>\n<p>8. <strong>Vas\u00e1rnap<\/strong> 15 \u00f3r\u00e1tol Fiatal Csal\u00e1dosok Vas\u00e1rnapi K\u00f6re a Szt. J\u00f3zsef Gimn\u00e1zium f\u00f6ldszinti 21\/22. term\u00e9ben.<\/p>\n<p>9. Nov. 18-\u00e1n 19:00-t\u00f3l <strong>Szt. Erzs\u00e9bet-batyusb\u00e1l <\/strong>a Szt. J\u00f3zsef Gimn\u00e1zum tornaterm\u00e9ben. Mindenki \u2014 gyerek, fiatal \u00e9s id\u0151s \u2014 j\u00f6jj\u00f6n el, \u00e9s legyen r\u00e9szese a b\u00e1li mulatoz\u00e1snak! Gondoskodjunk becsomagolt tombolat\u00e1rgyak felaj\u00e1nl\u00e1s\u00e1r\u00f3l, amelyek leadhat\u00f3k a pl\u00e9b\u00e1ni\u00e1n vagy a sekresty\u00e9ben!<\/p>\n<p>Bel\u00e9p\u0151jegy feln\u0151tteknek 2 000, di\u00e1koknak (di\u00e1kigazolv\u00e1nnyal) 1 500 Ft-\u00e9rt v\u00e1lthat\u00f3 h\u00e9tf\u0151t\u0151l a pl\u00e9b\u00e1niairod\u00e1ban. 14 \u00e9ves korig a bel\u00e9p\u00e9s ingyenes. T\u00e1mogat\u00f3jegy (bel\u00e9p\u00e9sre nem jogos\u00edt) v\u00e1s\u00e1rl\u00e1s\u00e1val t\u00e1mogathat\u00f3 a b\u00e1l, azok r\u00e9sz\u00e9r\u0151l, akik nem vesznek r\u00e9szt rajta.<\/p>\n<p>10. A katolikus sajt\u00f3 kiadv\u00e1nyai megrendelhet\u0151k 2018-ra a sekresty\u00e9ben. J\u00f3l olvashat\u00f3 nevet \u00e9s darabsz\u00e1mot kell \u00edrni a megfelel\u0151 oszlopba.<\/p>\n","protected":false},"excerpt":{"rendered":"<p>SZENT ANNA F\u0150PL\u00c9B\u00c1NIA HIRDET\u00c9SEI AZ \u00c9VK\u00d6ZI 30. VAS\u00c1RNAP, OKT. 29. 1. Okt\u00f3berben minden este 1\/4 6-t\u00f3l im\u00e1dkozzuk a r\u00f3zsaf\u00fcz\u00e9rt. Min\u00e9l t\u00f6bben kapcsol\u00f3djunk be ebbe a k\u00f6z\u00f6s im\u00e1dkoz\u00e1sba. 2. A SZERETEK R\u00d3ZSAF\u00dcZ\u00c9RT IM\u00c1DKOZNI t\u00e9m\u00e1j\u00fa rajzp\u00e1ly\u00e1zat eredm\u00e9nyhirdet\u00e9se ma a 8:30-as szentmis\u00e9n lesz\/volt. A p\u00e1lyam\u0171vek k\u00f6z\u00fcl a legt\u00f6bb szavazatot kapott alkot\u00e1s k\u00e9sz\u00edt\u0151je: Gyarmati Rita 4. c oszt. tanul\u00f3 &hellip; <a href=\"https:\/\/szentannaplebania.dnyem.hu\/?p=1644\" class=\"more-link\"><span class=\"screen-reader-text\">28 October, 2017 21:59<\/span> r\u00e9szletei&#8230;<\/a><\/p>\n","protected":false},"author":2,"featured_media":0,"comment_status":"closed","ping_status":"open","sticky":false,"template":"","format":"standard","meta":{"_jetpack_memberships_contains_paid_content":false,"footnotes":""},"categories":[15],"tags":[],"class_list":["post-1644","post","type-post","status-publish","format-standard","hentry","category-hirdetesek"],"jetpack_featured_media_url":"","jetpack_shortlink":"https:\/\/wp.me\/p9doK4-qw","jetpack_sharing_enabled":true,"_links":{"self":[{"href":"https:\/\/szentannaplebania.dnyem.hu\/index.php?rest_route=\/wp\/v2\/posts\/1644","targetHints":{"allow":["GET"]}}],"collection":[{"href":"https:\/\/szentannaplebania.dnyem.hu\/index.php?rest_route=\/wp\/v2\/posts"}],"about":[{"href":"https:\/\/szentannaplebania.dnyem.hu\/index.php?rest_route=\/wp\/v2\/types\/post"}],"author":[{"embeddable":true,"href":"https:\/\/szentannaplebania.dnyem.hu\/index.php?rest_route=\/wp\/v2\/users\/2"}],"replies":[{"embeddable":true,"href":"https:\/\/szentannaplebania.dnyem.hu\/index.php?rest_route=%2Fwp%2Fv2%2Fcomments&post=1644"}],"version-history":[{"count":0,"href":"https:\/\/szentannaplebania.dnyem.hu\/index.php?rest_route=\/wp\/v2\/posts\/1644\/revisions"}],"wp:attachment":[{"href":"https:\/\/szentannaplebania.dnyem.hu\/index.php?rest_route=%2Fwp%2Fv2%2Fmedia&parent=1644"}],"wp:term":[{"taxonomy":"category","embeddable":true,"href":"https:\/\/szentannaplebania.dnyem.hu\/index.php?rest_route=%2Fwp%2Fv2%2Fcategories&post=1644"},{"taxonomy":"post_tag","embeddable":true,"href":"https:\/\/szentannaplebania.dnyem.hu\/index.php?rest_route=%2Fwp%2Fv2%2Ftags&post=1644"}],"curies":[{"name":"wp","href":"https:\/\/api.w.org\/{rel}","templated":true}]}}