{"id":1800,"date":"2018-06-22T14:25:25","date_gmt":"2018-06-22T12:25:25","guid":{"rendered":"http:\/\/szentannaplebania.dnyem.hu\/?p=1800"},"modified":"2018-06-22T14:25:25","modified_gmt":"2018-06-22T12:25:25","slug":"kirandulasunk-tarcalra-es-szabolcsra","status":"publish","type":"post","link":"https:\/\/szentannaplebania.dnyem.hu\/?p=1800","title":{"rendered":"Kir\u00e1ndul\u00e1sunk Tarcalra \u00e9s Szabolcsra"},"content":{"rendered":"<p>A j\u00fanius 18-\u00e1n megkezdett napk\u00f6zis t\u00e1boroz\u00f3k 20-\u00e1n, szerd\u00e1n, reggeli f\u00e9l kilenckor sz\u00e9les j\u00f3kedv\u00fckben aut\u00f3buszra sz\u00e1lltak pl\u00e9b\u00e1nosuk vezet\u00e9s\u00e9vel \u00e9s n\u00e9h\u00e1ny hitoktat\u00f3juk k\u00eds\u00e9ret\u00e9vel, hogy Tarcalra eljutv\u00e1n tisztelet\u00fcket tegy\u00e9k az \u00c1ld\u00f3 Krisztus szobr\u00e1n\u00e1l. A hajd\u00fas\u00e1g metropolisz\u00e1t elhagyva 30 gyermek \u00e9s 12 feln\u0151tt reggeli im\u00e1ds\u00e1g\u00e1ban k\u00f6sz\u00f6nte meg mennyei Aty\u00e1nknak az \u00faj, szikr\u00e1z\u00f3an f\u00e9nyes napot, \u00e9s k\u00e9rte Szent Krist\u00f3f, az utaz\u00f3k v\u00e9d\u0151szentje, k\u00f6zbenj\u00e1r\u00e1s\u00e1t.<\/p>\n<p>Terv\u00fcnk szerint \u00e9rkezt\u00fcnk Tarcalra, ahol az er\u0151s naps\u00fct\u00e9s elleni v\u00e9delemmel ell\u00e1tva nagy v\u00e1rakoz\u00e1ssal indultunk el a meredek kapaszkod\u00f3n, hogy a Krisztus-szobor l\u00e1bai el\u00e9 \u00e9rj\u00fcnk. \u00datk\u00f6zben l\u00e9pcs\u0151sz\u00e1ml\u00e1l\u00f3-versenyen vehettek r\u00e9szt a gyerekek. 130 l\u00e9pcs\u0151fokon szedt\u00fck a l\u00e1bunkat, k\u00f6zben felk\u00e9sz\u00fclt\u00fcnk a tal\u00e1lkoz\u00e1sra az \u00c1ld\u00f3 Krisztussal.<\/p>\n<p>A gy\u00f6ny\u00f6r\u0171 k\u00f6rnyezetben 2015-ben fel\u00e1ll\u00edtott szobor marasztal marad\u00e1sra. A szobort\u00f3l a kil\u00e1t\u00e1s pedig gy\u00f6ny\u00f6rk\u00f6dtet, megvid\u00e1m\u00edtja a sz\u00edvet, \u00e9s f\u00e9nyt gy\u00fajt a szemnek, hogy megsejthesse minden teremtett sz\u00e9ps\u00e9gen kereszt\u00fcl az \u00f6r\u00f6k Sz\u00e9ps\u00e9get.<\/p>\n<p>Tarcalr\u00f3l a nagy t\u00f6rt\u00e9nelmi jelent\u0151s\u00e9g\u0171 Szabolcs k\u00f6zs\u00e9gbe vett\u00fck az ir\u00e1nyt. Itt els\u0151k\u00e9nt tisztelegt\u00fcnk a szabolcsi f\u00f6ldv\u00e1r bej\u00e1rat\u00e1t \u0151rz\u0151 Szabolcs vez\u00e9r bronzszobr\u00e1n\u00e1l, majd a f\u00f6lds\u00e1nc gerinc\u00e9n majdnem bej\u00e1rtuk az eg\u00e9sz f\u00f6ldv\u00e1rat. H\u0171s\u00f6lni lement\u00fcnk a falu hat\u00e1r\u00e1ban m\u00e9lt\u00f3s\u00e1gteljesen tovairaml\u00f3 Tisz\u00e1hoz. A t\u00f6lt\u00e9sen felfriss\u00fcl\u00e9st keresve j\u00f3l esett az \u00e1rny\u00e9kban megh\u00faznunk magunkat egy kis id\u0151re.<\/p>\n<p>Ezt k\u00f6vet\u0151en ismerkedhett\u00fcnk az \u00c1rp\u00e1d-kori templom t\u00f6rt\u00e9net\u00e9vel, amelynek falai k\u00f6z\u00f6tt Szent L\u00e1szl\u00f3 kir\u00e1ly 1092-ben t\u00f6rv\u00e9nyhoz\u00f3 zsinatot tartott, \u00e9s igen szigor\u00fa t\u00f6rv\u00e9nyeket l\u00e9ptetett \u00e9letbe. A fi\u00fak hamar feltal\u00e1lt\u00e1k magukat, amikor unalom\u0171z\u0151k\u00e9nt a f\u00f6ldre hullott di\u00f3val kezdtek el c\u00e9lba dob\u00e1lni a kasz\u00e1l\u00f3n elhagyott nagy traktorgumiba.<\/p>\n<p>Sok-sok sz\u00e9p \u00e9lm\u00e9nnyel gazdagon \u00e9s \u00f6r\u00f6mteli megel\u00e9ged\u00e9s\u00fcnkre j\u00f3l haszn\u00e1lhattuk fel mai nap aj\u00e1nd\u00e9kait, testi-lelki er\u0151nl\u00e9t\u00fcnket, n\u00f6vekedv\u00e9n a teremtett \u00e9s \u00e9p\u00edtett vil\u00e1g megbecs\u00fcl\u00e9s\u00e9ben, valamint Isten \u00e9s egym\u00e1s szeretet\u00e9ben.<\/p>\n<p><em>a debreceni Szent Anna F\u0151pl\u00e9b\u00e1nia hitoktat\u00f3inak t\u00e1boroztat\u00e1si munkacsoportja<\/em><\/p>\n<style id=\"bwg-style-0\">    #bwg_container1_0 #bwg_container2_0 .bwg-container-0.bwg-standard-thumbnails {      width: 1254px;              justify-content: center;        margin:0 auto !important;              background-color: rgba(255, 255, 255, 0.00);            padding-left: 4px;      padding-top: 4px;      max-width: 100%;            }        #bwg_container1_0 #bwg_container2_0 .bwg-container-0.bwg-standard-thumbnails .bwg-item {    justify-content: flex-start;      max-width: 250px;          }    #bwg_container1_0 #bwg_container2_0 .bwg-container-0.bwg-standard-thumbnails .bwg-item a {       margin-right: 4px;       margin-bottom: 4px;    }    #bwg_container1_0 #bwg_container2_0 .bwg-container-0.bwg-standard-thumbnails .bwg-item0 {      padding: 0px;            background-color:rgba(232,232,232, 0.30);      border: 5px none #FFFFFF;      opacity: 1.00;      border-radius: 0;      box-shadow: 0px 0px 0px #888888;    }    #bwg_container1_0 #bwg_container2_0 .bwg-container-0.bwg-standard-thumbnails .bwg-item1 img {      max-height: none;      max-width: none;      padding: 0 !important;    }        @media only screen and (min-width: 480px) {      #bwg_container1_0 #bwg_container2_0 .bwg-container-0.bwg-standard-thumbnails .bwg-item0 {        transition: all 0.3s ease 0s;-webkit-transition: all 0.3s ease 0s;      }      #bwg_container1_0 #bwg_container2_0 .bwg-container-0.bwg-standard-thumbnails .bwg-item0:hover {        -ms-transform: scale(2deg);        -webkit-transform: scale(2deg);        transform: scale(2deg);      }    }          #bwg_container1_0 #bwg_container2_0 .bwg-container-0.bwg-standard-thumbnails .bwg-item1 {      padding-top: 56%;    }        #bwg_container1_0 #bwg_container2_0 .bwg-container-0.bwg-standard-thumbnails .bwg-title2,    #bwg_container1_0 #bwg_container2_0 .bwg-container-0.bwg-standard-thumbnails .bwg-ecommerce2 {      color: #CCCCCC;      font-family: segoe ui;      font-size: 16px;      font-weight: bold;      padding: 5px;      text-shadow: ;      max-height: 100%;    }    #bwg_container1_0 #bwg_container2_0 .bwg-container-0.bwg-standard-thumbnails .bwg-thumb-description span {    color: #323A45;    font-family: Ubuntu;    font-size: 12px;    max-height: 100%;    word-wrap: break-word;    }    #bwg_container1_0 #bwg_container2_0 .bwg-container-0.bwg-standard-thumbnails .bwg-play-icon2 {      font-size: 32px;    }    #bwg_container1_0 #bwg_container2_0 .bwg-container-0.bwg-standard-thumbnails .bwg-ecommerce2 {      font-size: 19.2px;      color: #CCCCCC;    }    <\/style>    <div id=\"bwg_container1_0\"         class=\"bwg_container bwg_thumbnail bwg_thumbnails \"         data-right-click-protection=\"0\"         data-bwg=\"0\"         data-scroll=\"0\"         data-gallery-type=\"thumbnails\"         data-gallery-view-type=\"thumbnails\"         data-current-url=\"\/index.php?rest_route=%2Fwp%2Fv2%2Fposts%2F1800\"         data-lightbox-url=\"https:\/\/szentannaplebania.dnyem.hu\/wp-admin\/admin-ajax.php?action=GalleryBox&#038;current_view=0&#038;gallery_id=0&#038;tag=0&#038;theme_id=2&#038;shortcode_id=3&#038;sort_by=order&#038;order_by=asc&#038;current_url=%2Findex.php%3Frest_route%3D%252Fwp%252Fv2%252Fposts%252F1800\"         data-gallery-id=\"0\"         data-popup-width=\"800\"         data-popup-height=\"500\"         data-is-album=\"gallery\"         data-buttons-position=\"bottom\">      <div id=\"bwg_container2_0\">             <div id=\"ajax_loading_0\" class=\"bwg_loading_div_1\">      <div class=\"bwg_loading_div_2\">        <div class=\"bwg_loading_div_3\">          <div id=\"loading_div_0\" class=\"bwg_spider_ajax_loading\">          <\/div>        <\/div>      <\/div>    <\/div>            <form id=\"gal_front_form_0\"              class=\"bwg-hidden\"              method=\"post\"              action=\"#\"              data-current=\"0\"              data-shortcode-id=\"3\"              data-gallery-type=\"thumbnails\"              data-gallery-id=\"0\"              data-tag=\"0\"              data-album-id=\"0\"              data-theme-id=\"2\"              data-ajax-url=\"https:\/\/szentannaplebania.dnyem.hu\/wp-admin\/admin-ajax.php?action=bwg_frontend_data\">          <div id=\"bwg_container3_0\" class=\"bwg-background bwg-background-0\">                <div data-max-count=\"5\"         data-thumbnail-width=\"250\"         data-bwg=\"0\"         data-gallery-id=\"0\"         data-lightbox-url=\"https:\/\/szentannaplebania.dnyem.hu\/wp-admin\/admin-ajax.php?action=GalleryBox&amp;current_view=0&amp;gallery_id=0&amp;tag=0&amp;theme_id=2&amp;shortcode_id=3&amp;sort_by=order&amp;order_by=asc&amp;current_url=%2Findex.php%3Frest_route%3D%252Fwp%252Fv2%252Fposts%252F1800\"         id=\"bwg_thumbnails_0\"         class=\"bwg-container-0 bwg-thumbnails bwg-standard-thumbnails bwg-container bwg-border-box\">            <div class=\"bwg-item\">        <a class=\"bwg-a  bwg_lightbox\"  data-image-id=\"29\" href=\"https:\/\/szentannaplebania.dnyem.hu\/wp-content\/uploads\/photo-gallery\/2..jpg\" data-elementor-open-lightbox=\"no\">                <div class=\"bwg-item0 \">          <div class=\"bwg-item1 \">            <div class=\"bwg-item2\">              <img decoding=\"async\" class=\"skip-lazy bwg_standart_thumb_img_0 \"                   data-id=\"29\"                   data-width=\"\"                   data-height=\"\"                   data-src=\"https:\/\/szentannaplebania.dnyem.hu\/wp-content\/uploads\/photo-gallery\/thumb\/2..jpg\"                   src=\"https:\/\/szentannaplebania.dnyem.hu\/wp-content\/uploads\/photo-gallery\/thumb\/2..jpg\"                   alt=\"2.\"                   title=\"2.\" \/>            <\/div>            <div class=\"\">                                                      <\/div>          <\/div>        <\/div>                        <\/a>              <\/div>            <div class=\"bwg-item\">        <a class=\"bwg-a  bwg_lightbox\"  data-image-id=\"65\" href=\"https:\/\/szentannaplebania.dnyem.hu\/wp-content\/uploads\/photo-gallery\/Ki_mit_tud\/1\/B\u00e1r\u00e1ny_Kata.jpg?bwg=1590474920\" data-elementor-open-lightbox=\"no\">                <div class=\"bwg-item0 \">          <div class=\"bwg-item1 \">            <div class=\"bwg-item2\">              <img decoding=\"async\" class=\"skip-lazy bwg_standart_thumb_img_0 \"                   data-id=\"65\"                   data-width=\"562\"                   data-height=\"724\"                   data-src=\"https:\/\/szentannaplebania.dnyem.hu\/wp-content\/uploads\/photo-gallery\/Ki_mit_tud\/1\/thumb\/B\u00e1r\u00e1ny_Kata.jpg?bwg=1590474920\"                   src=\"https:\/\/szentannaplebania.dnyem.hu\/wp-content\/uploads\/photo-gallery\/Ki_mit_tud\/1\/thumb\/B\u00e1r\u00e1ny_Kata.jpg?bwg=1590474920\"                   alt=\"B\u00e1r\u00e1ny Kata\"                   title=\"B\u00e1r\u00e1ny Kata\" \/>            <\/div>            <div class=\"\">                                                      <\/div>          <\/div>        <\/div>                        <\/a>              <\/div>            <div class=\"bwg-item\">        <a class=\"bwg-a  bwg_lightbox\"  data-image-id=\"90\" href=\"https:\/\/szentannaplebania.dnyem.hu\/wp-content\/uploads\/photo-gallery\/Ki_mit_tud\/2\/Borb\u00e9ly_Johanna.jpg?bwg=1590474975\" data-elementor-open-lightbox=\"no\">                <div class=\"bwg-item0 \">          <div class=\"bwg-item1 \">            <div class=\"bwg-item2\">              <img decoding=\"async\" class=\"skip-lazy bwg_standart_thumb_img_0 \"                   data-id=\"90\"                   data-width=\"860\"                   data-height=\"888\"                   data-src=\"https:\/\/szentannaplebania.dnyem.hu\/wp-content\/uploads\/photo-gallery\/Ki_mit_tud\/2\/thumb\/Borb\u00e9ly_Johanna.jpg?bwg=1590474975\"                   src=\"https:\/\/szentannaplebania.dnyem.hu\/wp-content\/uploads\/photo-gallery\/Ki_mit_tud\/2\/thumb\/Borb\u00e9ly_Johanna.jpg?bwg=1590474975\"                   alt=\"Borb\u00e9ly Johanna\"                   title=\"Borb\u00e9ly Johanna\" \/>            <\/div>            <div class=\"\">                                                      <\/div>          <\/div>        <\/div>                        <\/a>              <\/div>            <div class=\"bwg-item\">        <a class=\"bwg-a  bwg_lightbox\"  data-image-id=\"108\" href=\"https:\/\/szentannaplebania.dnyem.hu\/wp-content\/uploads\/photo-gallery\/Ki_mit_tud\/3\/Fekete_N\u00f3ra.jpg?bwg=1590475000\" data-elementor-open-lightbox=\"no\">                <div class=\"bwg-item0 \">          <div class=\"bwg-item1 \">            <div class=\"bwg-item2\">              <img decoding=\"async\" class=\"skip-lazy bwg_standart_thumb_img_0 \"                   data-id=\"108\"                   data-width=\"740\"                   data-height=\"1022\"                   data-src=\"https:\/\/szentannaplebania.dnyem.hu\/wp-content\/uploads\/photo-gallery\/Ki_mit_tud\/3\/thumb\/Fekete_N\u00f3ra.jpg?bwg=1590475000\"                   src=\"https:\/\/szentannaplebania.dnyem.hu\/wp-content\/uploads\/photo-gallery\/Ki_mit_tud\/3\/thumb\/Fekete_N\u00f3ra.jpg?bwg=1590475000\"                   alt=\"Fekete N\u00f3ra\"                   title=\"Fekete N\u00f3ra\" \/>            <\/div>            <div class=\"\">                                                      <\/div>          <\/div>        <\/div>                        <\/a>              <\/div>            <div class=\"bwg-item\">        <a class=\"bwg-a  bwg_lightbox\"  data-image-id=\"130\" href=\"https:\/\/szentannaplebania.dnyem.hu\/wp-content\/uploads\/photo-gallery\/Ki_mit_tud\/4\/Bartalos_Benedek.jpg?bwg=1594209230\" data-elementor-open-lightbox=\"no\">                <div class=\"bwg-item0 \">          <div class=\"bwg-item1 \">            <div class=\"bwg-item2\">              <img decoding=\"async\" class=\"skip-lazy bwg_standart_thumb_img_0 \"                   data-id=\"130\"                   data-width=\"439\"                   data-height=\"644\"                   data-src=\"https:\/\/szentannaplebania.dnyem.hu\/wp-content\/uploads\/photo-gallery\/Ki_mit_tud\/4\/thumb\/Bartalos_Benedek.jpg?bwg=1594209230\"                   src=\"https:\/\/szentannaplebania.dnyem.hu\/wp-content\/uploads\/photo-gallery\/Ki_mit_tud\/4\/thumb\/Bartalos_Benedek.jpg?bwg=1594209230\"                   alt=\"Bartalos Benedek\"                   title=\"Bartalos Benedek\" \/>            <\/div>            <div class=\"\">                                                      <\/div>          <\/div>        <\/div>                        <\/a>              <\/div>            <div class=\"bwg-item\">        <a class=\"bwg-a  bwg_lightbox\"  data-image-id=\"141\" href=\"https:\/\/szentannaplebania.dnyem.hu\/wp-content\/uploads\/photo-gallery\/Ki_mit_tud\/5\/Fekete_N\u00f3ra.jpg?bwg=1594209297\" data-elementor-open-lightbox=\"no\">                <div class=\"bwg-item0 \">          <div class=\"bwg-item1 \">            <div class=\"bwg-item2\">              <img decoding=\"async\" class=\"skip-lazy bwg_standart_thumb_img_0 \"                   data-id=\"141\"                   data-width=\"516\"                   data-height=\"444\"                   data-src=\"https:\/\/szentannaplebania.dnyem.hu\/wp-content\/uploads\/photo-gallery\/Ki_mit_tud\/5\/thumb\/Fekete_N\u00f3ra.jpg?bwg=1594209297\"                   src=\"https:\/\/szentannaplebania.dnyem.hu\/wp-content\/uploads\/photo-gallery\/Ki_mit_tud\/5\/thumb\/Fekete_N\u00f3ra.jpg?bwg=1594209297\"                   alt=\"Fekete N\u00f3ra\"                   title=\"Fekete N\u00f3ra\" \/>            <\/div>            <div class=\"\">                                                      <\/div>          <\/div>        <\/div>                        <\/a>              <\/div>            <div class=\"bwg-item\">        <a class=\"bwg-a  bwg_lightbox\"  data-image-id=\"152\" href=\"https:\/\/szentannaplebania.dnyem.hu\/wp-content\/uploads\/photo-gallery\/Ki_mit_tud\/6\/Gyarmati_Zs\u00f3fia.jpg?bwg=1594209317\" data-elementor-open-lightbox=\"no\">                <div class=\"bwg-item0 \">          <div class=\"bwg-item1 \">            <div class=\"bwg-item2\">              <img decoding=\"async\" class=\"skip-lazy bwg_standart_thumb_img_0 \"                   data-id=\"152\"                   data-width=\"856\"                   data-height=\"637\"                   data-src=\"https:\/\/szentannaplebania.dnyem.hu\/wp-content\/uploads\/photo-gallery\/Ki_mit_tud\/6\/thumb\/Gyarmati_Zs\u00f3fia.jpg?bwg=1594209317\"                   src=\"https:\/\/szentannaplebania.dnyem.hu\/wp-content\/uploads\/photo-gallery\/Ki_mit_tud\/6\/thumb\/Gyarmati_Zs\u00f3fia.jpg?bwg=1594209317\"                   alt=\"Gyarmati Zs\u00f3fia\"                   title=\"Gyarmati Zs\u00f3fia\" \/>            <\/div>            <div class=\"\">                                                      <\/div>          <\/div>        <\/div>                        <\/a>              <\/div>            <div class=\"bwg-item\">        <a class=\"bwg-a  bwg_lightbox\"  data-image-id=\"160\" href=\"https:\/\/szentannaplebania.dnyem.hu\/wp-content\/uploads\/photo-gallery\/Ki_mit_tud\/7\/Di\u00f3szegi_Vikt\u00f3ria.jpg?bwg=1594640629\" data-elementor-open-lightbox=\"no\">                <div class=\"bwg-item0 \">          <div class=\"bwg-item1 \">            <div class=\"bwg-item2\">              <img decoding=\"async\" class=\"skip-lazy bwg_standart_thumb_img_0 \"                   data-id=\"160\"                   data-width=\"488\"                   data-height=\"720\"                   data-src=\"https:\/\/szentannaplebania.dnyem.hu\/wp-content\/uploads\/photo-gallery\/Ki_mit_tud\/7\/thumb\/Di\u00f3szegi_Vikt\u00f3ria.jpg?bwg=1594640629\"                   src=\"https:\/\/szentannaplebania.dnyem.hu\/wp-content\/uploads\/photo-gallery\/Ki_mit_tud\/7\/thumb\/Di\u00f3szegi_Vikt\u00f3ria.jpg?bwg=1594640629\"                   alt=\"Di\u00f3szegi Vikt\u00f3ria\"                   title=\"Di\u00f3szegi Vikt\u00f3ria\" \/>            <\/div>            <div class=\"\">                                                      <\/div>          <\/div>        <\/div>                        <\/a>              <\/div>            <div class=\"bwg-item\">        <a class=\"bwg-a  bwg_lightbox\"  data-image-id=\"215\" href=\"https:\/\/szentannaplebania.dnyem.hu\/wp-content\/uploads\/photo-gallery\/Szent_Jozsef_gyermek-rajzpalyazat\/Varga_Vivien_3.A._-_Mikep\u00e9rcsi_Hunyadi.jpg?bwg=1617794495\" data-elementor-open-lightbox=\"no\">                <div class=\"bwg-item0 \">          <div class=\"bwg-item1 \">            <div class=\"bwg-item2\">              <img decoding=\"async\" class=\"skip-lazy bwg_standart_thumb_img_0 \"                   data-id=\"215\"                   data-width=\"843\"                   data-height=\"1200\"                   data-src=\"https:\/\/szentannaplebania.dnyem.hu\/wp-content\/uploads\/photo-gallery\/Szent_Jozsef_gyermek-rajzpalyazat\/thumb\/Varga_Vivien_3.A._-_Mikep\u00e9rcsi_Hunyadi.jpg?bwg=1617794495\"                   src=\"https:\/\/szentannaplebania.dnyem.hu\/wp-content\/uploads\/photo-gallery\/Szent_Jozsef_gyermek-rajzpalyazat\/thumb\/Varga_Vivien_3.A._-_Mikep\u00e9rcsi_Hunyadi.jpg?bwg=1617794495\"                   alt=\"Szent J\u00f3zsef az \u00e1cs\"                   title=\"Szent J\u00f3zsef az \u00e1cs\" \/>            <\/div>            <div class=\"\">                                                      <\/div>          <\/div>        <\/div>                        <\/a>              <\/div>            <div class=\"bwg-item\">        <a class=\"bwg-a  bwg_lightbox\"  data-image-id=\"28\" href=\"https:\/\/szentannaplebania.dnyem.hu\/wp-content\/uploads\/photo-gallery\/4.-1.jpg\" data-elementor-open-lightbox=\"no\">                <div class=\"bwg-item0 \">          <div class=\"bwg-item1 \">            <div class=\"bwg-item2\">              <img decoding=\"async\" class=\"skip-lazy bwg_standart_thumb_img_0 \"                   data-id=\"28\"                   data-width=\"\"                   data-height=\"\"                   data-src=\"https:\/\/szentannaplebania.dnyem.hu\/wp-content\/uploads\/photo-gallery\/thumb\/4.-1.jpg\"                   src=\"https:\/\/szentannaplebania.dnyem.hu\/wp-content\/uploads\/photo-gallery\/thumb\/4.-1.jpg\"                   alt=\"4.-1\"                   title=\"4.-1\" \/>            <\/div>            <div class=\"\">                                                      <\/div>          <\/div>        <\/div>                        <\/a>              <\/div>            <div class=\"bwg-item\">        <a class=\"bwg-a  bwg_lightbox\"  data-image-id=\"64\" href=\"https:\/\/szentannaplebania.dnyem.hu\/wp-content\/uploads\/photo-gallery\/Ki_mit_tud\/1\/Baratalos_Benedek.jpg?bwg=1590474920\" data-elementor-open-lightbox=\"no\">                <div class=\"bwg-item0 \">          <div class=\"bwg-item1 \">            <div class=\"bwg-item2\">              <img decoding=\"async\" class=\"skip-lazy bwg_standart_thumb_img_0 \"                   data-id=\"64\"                   data-width=\"1200\"                   data-height=\"754\"                   data-src=\"https:\/\/szentannaplebania.dnyem.hu\/wp-content\/uploads\/photo-gallery\/Ki_mit_tud\/1\/thumb\/Baratalos_Benedek.jpg?bwg=1590474920\"                   src=\"https:\/\/szentannaplebania.dnyem.hu\/wp-content\/uploads\/photo-gallery\/Ki_mit_tud\/1\/thumb\/Baratalos_Benedek.jpg?bwg=1590474920\"                   alt=\"Baratalos Benedek\"                   title=\"Baratalos Benedek\" \/>            <\/div>            <div class=\"\">                                                      <\/div>          <\/div>        <\/div>                        <\/a>              <\/div>            <div class=\"bwg-item\">        <a class=\"bwg-a  bwg_lightbox\"  data-image-id=\"89\" href=\"https:\/\/szentannaplebania.dnyem.hu\/wp-content\/uploads\/photo-gallery\/Ki_mit_tud\/2\/B\u00edr\u00f3_N\u00f3ra_Anna.jpg?bwg=1590474975\" data-elementor-open-lightbox=\"no\">                <div class=\"bwg-item0 \">          <div class=\"bwg-item1 \">            <div class=\"bwg-item2\">              <img decoding=\"async\" class=\"skip-lazy bwg_standart_thumb_img_0 \"                   data-id=\"89\"                   data-width=\"501\"                   data-height=\"591\"                   data-src=\"https:\/\/szentannaplebania.dnyem.hu\/wp-content\/uploads\/photo-gallery\/Ki_mit_tud\/2\/thumb\/B\u00edr\u00f3_N\u00f3ra_Anna.jpg?bwg=1590474975\"                   src=\"https:\/\/szentannaplebania.dnyem.hu\/wp-content\/uploads\/photo-gallery\/Ki_mit_tud\/2\/thumb\/B\u00edr\u00f3_N\u00f3ra_Anna.jpg?bwg=1590474975\"                   alt=\"B\u00edr\u00f3 N\u00f3ra Anna\"                   title=\"B\u00edr\u00f3 N\u00f3ra Anna\" \/>            <\/div>            <div class=\"\">                                                      <\/div>          <\/div>        <\/div>                        <\/a>              <\/div>            <div class=\"bwg-item\">        <a class=\"bwg-a  bwg_lightbox\"  data-image-id=\"107\" href=\"https:\/\/szentannaplebania.dnyem.hu\/wp-content\/uploads\/photo-gallery\/Ki_mit_tud\/3\/Fekete_Krist\u00f3f.jpg?bwg=1590475000\" data-elementor-open-lightbox=\"no\">                <div class=\"bwg-item0 \">          <div class=\"bwg-item1 \">            <div class=\"bwg-item2\">              <img decoding=\"async\" class=\"skip-lazy bwg_standart_thumb_img_0 \"                   data-id=\"107\"                   data-width=\"772\"                   data-height=\"737\"                   data-src=\"https:\/\/szentannaplebania.dnyem.hu\/wp-content\/uploads\/photo-gallery\/Ki_mit_tud\/3\/thumb\/Fekete_Krist\u00f3f.jpg?bwg=1590475000\"                   src=\"https:\/\/szentannaplebania.dnyem.hu\/wp-content\/uploads\/photo-gallery\/Ki_mit_tud\/3\/thumb\/Fekete_Krist\u00f3f.jpg?bwg=1590475000\"                   alt=\"Fekete Krist\u00f3f\"                   title=\"Fekete Krist\u00f3f\" \/>            <\/div>            <div class=\"\">                                                      <\/div>          <\/div>        <\/div>                        <\/a>              <\/div>            <div class=\"bwg-item\">        <a class=\"bwg-a  bwg_lightbox\"  data-image-id=\"129\" href=\"https:\/\/szentannaplebania.dnyem.hu\/wp-content\/uploads\/photo-gallery\/Ki_mit_tud\/4\/B\u00edr\u00f3_N\u00f3ra_Anna.jpg?bwg=1594209230\" data-elementor-open-lightbox=\"no\">                <div class=\"bwg-item0 \">          <div class=\"bwg-item1 \">            <div class=\"bwg-item2\">              <img decoding=\"async\" class=\"skip-lazy bwg_standart_thumb_img_0 \"                   data-id=\"129\"                   data-width=\"873\"                   data-height=\"439\"                   data-src=\"https:\/\/szentannaplebania.dnyem.hu\/wp-content\/uploads\/photo-gallery\/Ki_mit_tud\/4\/thumb\/B\u00edr\u00f3_N\u00f3ra_Anna.jpg?bwg=1594209230\"                   src=\"https:\/\/szentannaplebania.dnyem.hu\/wp-content\/uploads\/photo-gallery\/Ki_mit_tud\/4\/thumb\/B\u00edr\u00f3_N\u00f3ra_Anna.jpg?bwg=1594209230\"                   alt=\"B\u00edr\u00f3 N\u00f3ra Anna\"                   title=\"B\u00edr\u00f3 N\u00f3ra Anna\" \/>            <\/div>            <div class=\"\">                                                      <\/div>          <\/div>        <\/div>                        <\/a>              <\/div>            <div class=\"bwg-item\">        <a class=\"bwg-a  bwg_lightbox\"  data-image-id=\"140\" href=\"https:\/\/szentannaplebania.dnyem.hu\/wp-content\/uploads\/photo-gallery\/Ki_mit_tud\/5\/Bartalos_Benedek.jpg?bwg=1594209297\" data-elementor-open-lightbox=\"no\">                <div class=\"bwg-item0 \">          <div class=\"bwg-item1 \">            <div class=\"bwg-item2\">              <img decoding=\"async\" class=\"skip-lazy bwg_standart_thumb_img_0 \"                   data-id=\"140\"                   data-width=\"652\"                   data-height=\"484\"                   data-src=\"https:\/\/szentannaplebania.dnyem.hu\/wp-content\/uploads\/photo-gallery\/Ki_mit_tud\/5\/thumb\/Bartalos_Benedek.jpg?bwg=1594209297\"                   src=\"https:\/\/szentannaplebania.dnyem.hu\/wp-content\/uploads\/photo-gallery\/Ki_mit_tud\/5\/thumb\/Bartalos_Benedek.jpg?bwg=1594209297\"                   alt=\"Bartalos Benedek\"                   title=\"Bartalos Benedek\" \/>            <\/div>            <div class=\"\">                                                      <\/div>          <\/div>        <\/div>                        <\/a>              <\/div>            <div class=\"bwg-item\">        <a class=\"bwg-a  bwg_lightbox\"  data-image-id=\"151\" href=\"https:\/\/szentannaplebania.dnyem.hu\/wp-content\/uploads\/photo-gallery\/Ki_mit_tud\/6\/Gyarmati_Bal\u00e1zs.jpg?bwg=1594209317\" data-elementor-open-lightbox=\"no\">                <div class=\"bwg-item0 \">          <div class=\"bwg-item1 \">            <div class=\"bwg-item2\">              <img decoding=\"async\" class=\"skip-lazy bwg_standart_thumb_img_0 \"                   data-id=\"151\"                   data-width=\"865\"                   data-height=\"646\"                   data-src=\"https:\/\/szentannaplebania.dnyem.hu\/wp-content\/uploads\/photo-gallery\/Ki_mit_tud\/6\/thumb\/Gyarmati_Bal\u00e1zs.jpg?bwg=1594209317\"                   src=\"https:\/\/szentannaplebania.dnyem.hu\/wp-content\/uploads\/photo-gallery\/Ki_mit_tud\/6\/thumb\/Gyarmati_Bal\u00e1zs.jpg?bwg=1594209317\"                   alt=\"Gyarmati Bal\u00e1zs\"                   title=\"Gyarmati Bal\u00e1zs\" \/>            <\/div>            <div class=\"\">                                                      <\/div>          <\/div>        <\/div>                        <\/a>              <\/div>            <div class=\"bwg-item\">        <a class=\"bwg-a  bwg_lightbox\"  data-image-id=\"159\" href=\"https:\/\/szentannaplebania.dnyem.hu\/wp-content\/uploads\/photo-gallery\/Ki_mit_tud\/7\/J\u00f3cs\u00e1k_Zsombor.jpg?bwg=1594640629\" data-elementor-open-lightbox=\"no\">                <div class=\"bwg-item0 \">          <div class=\"bwg-item1 \">            <div class=\"bwg-item2\">              <img decoding=\"async\" class=\"skip-lazy bwg_standart_thumb_img_0 \"                   data-id=\"159\"                   data-width=\"667\"                   data-height=\"865\"                   data-src=\"https:\/\/szentannaplebania.dnyem.hu\/wp-content\/uploads\/photo-gallery\/Ki_mit_tud\/7\/thumb\/J\u00f3cs\u00e1k_Zsombor.jpg?bwg=1594640629\"                   src=\"https:\/\/szentannaplebania.dnyem.hu\/wp-content\/uploads\/photo-gallery\/Ki_mit_tud\/7\/thumb\/J\u00f3cs\u00e1k_Zsombor.jpg?bwg=1594640629\"                   alt=\"J\u00f3cs\u00e1k Zsombor\"                   title=\"J\u00f3cs\u00e1k Zsombor\" \/>            <\/div>            <div class=\"\">                                                      <\/div>          <\/div>        <\/div>                        <\/a>              <\/div>            <div class=\"bwg-item\">        <a class=\"bwg-a  bwg_lightbox\"  data-image-id=\"214\" href=\"https:\/\/szentannaplebania.dnyem.hu\/wp-content\/uploads\/photo-gallery\/Szent_Jozsef_gyermek-rajzpalyazat\/T\u00f6lli_\u00c1ron_1.png?bwg=1617794495\" data-elementor-open-lightbox=\"no\">                <div class=\"bwg-item0 \">          <div class=\"bwg-item1 \">            <div class=\"bwg-item2\">              <img decoding=\"async\" class=\"skip-lazy bwg_standart_thumb_img_0 \"                   data-id=\"214\"                   data-width=\"1200\"                   data-height=\"810\"                   data-src=\"https:\/\/szentannaplebania.dnyem.hu\/wp-content\/uploads\/photo-gallery\/Szent_Jozsef_gyermek-rajzpalyazat\/thumb\/T\u00f6lli_\u00c1ron_1.png?bwg=1617794495\"                   src=\"https:\/\/szentannaplebania.dnyem.hu\/wp-content\/uploads\/photo-gallery\/Szent_Jozsef_gyermek-rajzpalyazat\/thumb\/T\u00f6lli_\u00c1ron_1.png?bwg=1617794495\"                   alt=\"T\u00f6lli \u00c1ron 1\"                   title=\"T\u00f6lli \u00c1ron 1\" \/>            <\/div>            <div class=\"\">                                                      <\/div>          <\/div>        <\/div>                        <\/a>              <\/div>            <div class=\"bwg-item\">        <a class=\"bwg-a  bwg_lightbox\"  data-image-id=\"27\" href=\"https:\/\/szentannaplebania.dnyem.hu\/wp-content\/uploads\/photo-gallery\/1..jpg\" data-elementor-open-lightbox=\"no\">                <div class=\"bwg-item0 \">          <div class=\"bwg-item1 \">            <div class=\"bwg-item2\">              <img decoding=\"async\" class=\"skip-lazy bwg_standart_thumb_img_0 \"                   data-id=\"27\"                   data-width=\"\"                   data-height=\"\"                   data-src=\"https:\/\/szentannaplebania.dnyem.hu\/wp-content\/uploads\/photo-gallery\/thumb\/1..jpg\"                   src=\"https:\/\/szentannaplebania.dnyem.hu\/wp-content\/uploads\/photo-gallery\/thumb\/1..jpg\"                   alt=\"1.\"                   title=\"1.\" \/>            <\/div>            <div class=\"\">                                                      <\/div>          <\/div>        <\/div>                        <\/a>              <\/div>            <div class=\"bwg-item\">        <a class=\"bwg-a  bwg_lightbox\"  data-image-id=\"63\" href=\"https:\/\/szentannaplebania.dnyem.hu\/wp-content\/uploads\/photo-gallery\/Ki_mit_tud\/1\/B\u00e1r\u00e1ny_P\u00e9ter_.jpg?bwg=1590474920\" data-elementor-open-lightbox=\"no\">                <div class=\"bwg-item0 \">          <div class=\"bwg-item1 \">            <div class=\"bwg-item2\">              <img decoding=\"async\" class=\"skip-lazy bwg_standart_thumb_img_0 \"                   data-id=\"63\"                   data-width=\"517\"                   data-height=\"742\"                   data-src=\"https:\/\/szentannaplebania.dnyem.hu\/wp-content\/uploads\/photo-gallery\/Ki_mit_tud\/1\/thumb\/B\u00e1r\u00e1ny_P\u00e9ter_.jpg?bwg=1590474920\"                   src=\"https:\/\/szentannaplebania.dnyem.hu\/wp-content\/uploads\/photo-gallery\/Ki_mit_tud\/1\/thumb\/B\u00e1r\u00e1ny_P\u00e9ter_.jpg?bwg=1590474920\"                   alt=\"B\u00e1r\u00e1ny P\u00e9ter \"                   title=\"B\u00e1r\u00e1ny P\u00e9ter \" \/>            <\/div>            <div class=\"\">                                                      <\/div>          <\/div>        <\/div>                        <\/a>              <\/div>            <div class=\"bwg-item\">        <a class=\"bwg-a  bwg_lightbox\"  data-image-id=\"88\" href=\"https:\/\/szentannaplebania.dnyem.hu\/wp-content\/uploads\/photo-gallery\/Ki_mit_tud\/2\/Barna_Patr\u00edcia_T\u00edmea.jpg?bwg=1590474975\" data-elementor-open-lightbox=\"no\">                <div class=\"bwg-item0 \">          <div class=\"bwg-item1 \">            <div class=\"bwg-item2\">              <img decoding=\"async\" class=\"skip-lazy bwg_standart_thumb_img_0 \"                   data-id=\"88\"                   data-width=\"1061\"                   data-height=\"769\"                   data-src=\"https:\/\/szentannaplebania.dnyem.hu\/wp-content\/uploads\/photo-gallery\/Ki_mit_tud\/2\/thumb\/Barna_Patr\u00edcia_T\u00edmea.jpg?bwg=1590474975\"                   src=\"https:\/\/szentannaplebania.dnyem.hu\/wp-content\/uploads\/photo-gallery\/Ki_mit_tud\/2\/thumb\/Barna_Patr\u00edcia_T\u00edmea.jpg?bwg=1590474975\"                   alt=\"Barna Patr\u00edcia T\u00edmea\"                   title=\"Barna Patr\u00edcia T\u00edmea\" \/>            <\/div>            <div class=\"\">                                                      <\/div>          <\/div>        <\/div>                        <\/a>              <\/div>            <div class=\"bwg-item\">        <a class=\"bwg-a  bwg_lightbox\"  data-image-id=\"106\" href=\"https:\/\/szentannaplebania.dnyem.hu\/wp-content\/uploads\/photo-gallery\/Ki_mit_tud\/3\/B\u00edr\u00f3_N\u00f3ra_Anna.jpg?bwg=1590475000\" data-elementor-open-lightbox=\"no\">                <div class=\"bwg-item0 \">          <div class=\"bwg-item1 \">            <div class=\"bwg-item2\">              <img decoding=\"async\" class=\"skip-lazy bwg_standart_thumb_img_0 \"                   data-id=\"106\"                   data-width=\"614\"                   data-height=\"401\"                   data-src=\"https:\/\/szentannaplebania.dnyem.hu\/wp-content\/uploads\/photo-gallery\/Ki_mit_tud\/3\/thumb\/B\u00edr\u00f3_N\u00f3ra_Anna.jpg?bwg=1590475000\"                   src=\"https:\/\/szentannaplebania.dnyem.hu\/wp-content\/uploads\/photo-gallery\/Ki_mit_tud\/3\/thumb\/B\u00edr\u00f3_N\u00f3ra_Anna.jpg?bwg=1590475000\"                   alt=\"B\u00edr\u00f3 N\u00f3ra Anna\"                   title=\"B\u00edr\u00f3 N\u00f3ra Anna\" \/>            <\/div>            <div class=\"\">                                                      <\/div>          <\/div>        <\/div>                        <\/a>              <\/div>            <div class=\"bwg-item\">        <a class=\"bwg-a  bwg_lightbox\"  data-image-id=\"128\" href=\"https:\/\/szentannaplebania.dnyem.hu\/wp-content\/uploads\/photo-gallery\/Ki_mit_tud\/4\/Fekete_Krist\u00f3f.jpg?bwg=1594209230\" data-elementor-open-lightbox=\"no\">                <div class=\"bwg-item0 \">          <div class=\"bwg-item1 \">            <div class=\"bwg-item2\">              <img decoding=\"async\" class=\"skip-lazy bwg_standart_thumb_img_0 \"                   data-id=\"128\"                   data-width=\"483\"                   data-height=\"573\"                   data-src=\"https:\/\/szentannaplebania.dnyem.hu\/wp-content\/uploads\/photo-gallery\/Ki_mit_tud\/4\/thumb\/Fekete_Krist\u00f3f.jpg?bwg=1594209230\"                   src=\"https:\/\/szentannaplebania.dnyem.hu\/wp-content\/uploads\/photo-gallery\/Ki_mit_tud\/4\/thumb\/Fekete_Krist\u00f3f.jpg?bwg=1594209230\"                   alt=\"Fekete Krist\u00f3f\"                   title=\"Fekete Krist\u00f3f\" \/>            <\/div>            <div class=\"\">                                                      <\/div>          <\/div>        <\/div>                        <\/a>              <\/div>            <div class=\"bwg-item\">        <a class=\"bwg-a  bwg_lightbox\"  data-image-id=\"139\" href=\"https:\/\/szentannaplebania.dnyem.hu\/wp-content\/uploads\/photo-gallery\/Ki_mit_tud\/5\/Rost\u00e1s_Gy\u00f6ngyi.jpg?bwg=1594209297\" data-elementor-open-lightbox=\"no\">                <div class=\"bwg-item0 \">          <div class=\"bwg-item1 \">            <div class=\"bwg-item2\">              <img decoding=\"async\" class=\"skip-lazy bwg_standart_thumb_img_0 \"                   data-id=\"139\"                   data-width=\"1147\"                   data-height=\"829\"                   data-src=\"https:\/\/szentannaplebania.dnyem.hu\/wp-content\/uploads\/photo-gallery\/Ki_mit_tud\/5\/thumb\/Rost\u00e1s_Gy\u00f6ngyi.jpg?bwg=1594209297\"                   src=\"https:\/\/szentannaplebania.dnyem.hu\/wp-content\/uploads\/photo-gallery\/Ki_mit_tud\/5\/thumb\/Rost\u00e1s_Gy\u00f6ngyi.jpg?bwg=1594209297\"                   alt=\"Rost\u00e1s Gy\u00f6ngyi\"                   title=\"Rost\u00e1s Gy\u00f6ngyi\" \/>            <\/div>            <div class=\"\">                                                      <\/div>          <\/div>        <\/div>                        <\/a>              <\/div>            <div class=\"bwg-item\">        <a class=\"bwg-a  bwg_lightbox\"  data-image-id=\"150\" href=\"https:\/\/szentannaplebania.dnyem.hu\/wp-content\/uploads\/photo-gallery\/Ki_mit_tud\/6\/Gyarmati_Rita.jpg?bwg=1594209317\" data-elementor-open-lightbox=\"no\">                <div class=\"bwg-item0 \">          <div class=\"bwg-item1 \">            <div class=\"bwg-item2\">              <img decoding=\"async\" class=\"skip-lazy bwg_standart_thumb_img_0 \"                   data-id=\"150\"                   data-width=\"867\"                   data-height=\"643\"                   data-src=\"https:\/\/szentannaplebania.dnyem.hu\/wp-content\/uploads\/photo-gallery\/Ki_mit_tud\/6\/thumb\/Gyarmati_Rita.jpg?bwg=1594209317\"                   src=\"https:\/\/szentannaplebania.dnyem.hu\/wp-content\/uploads\/photo-gallery\/Ki_mit_tud\/6\/thumb\/Gyarmati_Rita.jpg?bwg=1594209317\"                   alt=\"Gyarmati Rita\"                   title=\"Gyarmati Rita\" \/>            <\/div>            <div class=\"\">                                                      <\/div>          <\/div>        <\/div>                        <\/a>              <\/div>            <div class=\"bwg-item\">        <a class=\"bwg-a  bwg_lightbox\"  data-image-id=\"158\" href=\"https:\/\/szentannaplebania.dnyem.hu\/wp-content\/uploads\/photo-gallery\/Ki_mit_tud\/7\/Gyarmati_Zs\u00f3fia.jpg?bwg=1594640629\" data-elementor-open-lightbox=\"no\">                <div class=\"bwg-item0 \">          <div class=\"bwg-item1 \">            <div class=\"bwg-item2\">              <img decoding=\"async\" class=\"skip-lazy bwg_standart_thumb_img_0 \"                   data-id=\"158\"                   data-width=\"487\"                   data-height=\"659\"                   data-src=\"https:\/\/szentannaplebania.dnyem.hu\/wp-content\/uploads\/photo-gallery\/Ki_mit_tud\/7\/thumb\/Gyarmati_Zs\u00f3fia.jpg?bwg=1594640629\"                   src=\"https:\/\/szentannaplebania.dnyem.hu\/wp-content\/uploads\/photo-gallery\/Ki_mit_tud\/7\/thumb\/Gyarmati_Zs\u00f3fia.jpg?bwg=1594640629\"                   alt=\"Gyarmati Zs\u00f3fia\"                   title=\"Gyarmati Zs\u00f3fia\" \/>            <\/div>            <div class=\"\">                                                      <\/div>          <\/div>        <\/div>                        <\/a>              <\/div>            <div class=\"bwg-item\">        <a class=\"bwg-a  bwg_lightbox\"  data-image-id=\"213\" href=\"https:\/\/szentannaplebania.dnyem.hu\/wp-content\/uploads\/photo-gallery\/Szent_Jozsef_gyermek-rajzpalyazat\/T\u00f3th_Erzs\u00e9bet_Berta_6_\u00e9ves-_Svetits_\u00d3voda.jpg?bwg=1617794495\" data-elementor-open-lightbox=\"no\">                <div class=\"bwg-item0 \">          <div class=\"bwg-item1 \">            <div class=\"bwg-item2\">              <img decoding=\"async\" class=\"skip-lazy bwg_standart_thumb_img_0 \"                   data-id=\"213\"                   data-width=\"1200\"                   data-height=\"978\"                   data-src=\"https:\/\/szentannaplebania.dnyem.hu\/wp-content\/uploads\/photo-gallery\/Szent_Jozsef_gyermek-rajzpalyazat\/thumb\/T\u00f3th_Erzs\u00e9bet_Berta_6_\u00e9ves-_Svetits_\u00d3voda.jpg?bwg=1617794495\"                   src=\"https:\/\/szentannaplebania.dnyem.hu\/wp-content\/uploads\/photo-gallery\/Szent_Jozsef_gyermek-rajzpalyazat\/thumb\/T\u00f3th_Erzs\u00e9bet_Berta_6_\u00e9ves-_Svetits_\u00d3voda.jpg?bwg=1617794495\"                   alt=\"T\u00f3th Erzs\u00e9bet Berta 6 \u00e9ves- Svetits \u00d3voda\"                   title=\"T\u00f3th Erzs\u00e9bet Berta 6 \u00e9ves- Svetits \u00d3voda\" \/>            <\/div>            <div class=\"\">                                                      <\/div>          <\/div>        <\/div>                        <\/a>              <\/div>            <div class=\"bwg-item\">        <a class=\"bwg-a  bwg_lightbox\"  data-image-id=\"26\" href=\"https:\/\/szentannaplebania.dnyem.hu\/wp-content\/uploads\/photo-gallery\/3.-1.jpg\" data-elementor-open-lightbox=\"no\">                <div class=\"bwg-item0 \">          <div class=\"bwg-item1 \">            <div class=\"bwg-item2\">              <img decoding=\"async\" class=\"skip-lazy bwg_standart_thumb_img_0 \"                   data-id=\"26\"                   data-width=\"\"                   data-height=\"\"                   data-src=\"https:\/\/szentannaplebania.dnyem.hu\/wp-content\/uploads\/photo-gallery\/thumb\/3.-1.jpg\"                   src=\"https:\/\/szentannaplebania.dnyem.hu\/wp-content\/uploads\/photo-gallery\/thumb\/3.-1.jpg\"                   alt=\"3.-1\"                   title=\"3.-1\" \/>            <\/div>            <div class=\"\">                                                      <\/div>          <\/div>        <\/div>                        <\/a>              <\/div>            <div class=\"bwg-item\">        <a class=\"bwg-a  bwg_lightbox\"  data-image-id=\"62\" href=\"https:\/\/szentannaplebania.dnyem.hu\/wp-content\/uploads\/photo-gallery\/Ki_mit_tud\/1\/Baranya_Tam\u00e1s_.jpg?bwg=1590474920\" data-elementor-open-lightbox=\"no\">                <div class=\"bwg-item0 \">          <div class=\"bwg-item1 \">            <div class=\"bwg-item2\">              <img decoding=\"async\" class=\"skip-lazy bwg_standart_thumb_img_0 \"                   data-id=\"62\"                   data-width=\"1200\"                   data-height=\"760\"                   data-src=\"https:\/\/szentannaplebania.dnyem.hu\/wp-content\/uploads\/photo-gallery\/Ki_mit_tud\/1\/thumb\/Baranya_Tam\u00e1s_.jpg?bwg=1590474920\"                   src=\"https:\/\/szentannaplebania.dnyem.hu\/wp-content\/uploads\/photo-gallery\/Ki_mit_tud\/1\/thumb\/Baranya_Tam\u00e1s_.jpg?bwg=1590474920\"                   alt=\"Baranya Tam\u00e1s \"                   title=\"Baranya Tam\u00e1s \" \/>            <\/div>            <div class=\"\">                                                      <\/div>          <\/div>        <\/div>                        <\/a>              <\/div>            <div class=\"bwg-item\">        <a class=\"bwg-a  bwg_lightbox\"  data-image-id=\"87\" href=\"https:\/\/szentannaplebania.dnyem.hu\/wp-content\/uploads\/photo-gallery\/Ki_mit_tud\/2\/Baranya_Tam\u00e1s,Luca,Gergely.jpg?bwg=1590474975\" data-elementor-open-lightbox=\"no\">                <div class=\"bwg-item0 \">          <div class=\"bwg-item1 \">            <div class=\"bwg-item2\">              <img decoding=\"async\" class=\"skip-lazy bwg_standart_thumb_img_0 \"                   data-id=\"87\"                   data-width=\"728\"                   data-height=\"693\"                   data-src=\"https:\/\/szentannaplebania.dnyem.hu\/wp-content\/uploads\/photo-gallery\/Ki_mit_tud\/2\/thumb\/Baranya_Tam\u00e1s,Luca,Gergely.jpg?bwg=1590474975\"                   src=\"https:\/\/szentannaplebania.dnyem.hu\/wp-content\/uploads\/photo-gallery\/Ki_mit_tud\/2\/thumb\/Baranya_Tam\u00e1s,Luca,Gergely.jpg?bwg=1590474975\"                   alt=\"Baranya Tam\u00e1s,Luca,Gergely\"                   title=\"Baranya Tam\u00e1s,Luca,Gergely\" \/>            <\/div>            <div class=\"\">                                                      <\/div>          <\/div>        <\/div>                        <\/a>              <\/div>          <\/div>    <style>      \/*pagination styles*\/      #bwg_container1_0 #bwg_container2_0 .tablenav-pages_0 {\t\t\t\ttext-align: center;\t\t\t\tfont-size: 12px;\t\t\t\tfont-family: segoe ui;\t\t\t\tfont-weight: bold;\t\t\t\tcolor: #666666;\t\t\t\tmargin: 6px 0 4px;\t\t\t\tdisplay: block;      }      @media only screen and (max-width : 320px) {      #bwg_container1_0 #bwg_container2_0 .displaying-num_0 {     \t display: none;      }      }      #bwg_container1_0 #bwg_container2_0 .displaying-num_0 {\t\t\t\tfont-size: 12px;\t\t\t\tfont-family: segoe ui;\t\t\t\tfont-weight: bold;\t\t\t\tcolor: #666666;\t\t\t\tmargin-right: 10px;\t\t\t\tvertical-align: middle;      }      #bwg_container1_0 #bwg_container2_0 .paging-input_0 {\t\t\t\tfont-size: 12px;\t\t\t\tfont-family: segoe ui;\t\t\t\tfont-weight: bold;\t\t\t\tcolor: #666666;\t\t\t\tvertical-align: middle;      }      #bwg_container1_0 #bwg_container2_0 .tablenav-pages_0 a.disabled,      #bwg_container1_0 #bwg_container2_0 .tablenav-pages_0 a.disabled:hover,      #bwg_container1_0 #bwg_container2_0 .tablenav-pages_0 a.disabled:focus,\t\t\t#bwg_container1_0 #bwg_container2_0 .tablenav-pages_0 input.bwg_current_page {\t\t\t\tcursor: default;\t\t\t\tcolor: rgba(102, 102, 102, 0.5);      }      #bwg_container1_0 #bwg_container2_0 .tablenav-pages_0 a,      #bwg_container1_0 #bwg_container2_0 .tablenav-pages_0 input.bwg_current_page {\t\t\t\tcursor: pointer;\t\t\t\ttext-align: center;\t\t\t\tfont-size: 12px;\t\t\t\tfont-family: segoe ui;\t\t\t\tfont-weight: bold;\t\t\t\tcolor: #666666;\t\t\t\ttext-decoration: none;\t\t\t\tpadding: 3px 6px;\t\t\t\tmargin: 0;\t\t\t\tborder-radius: 0;\t\t\t\tborder-style: none;\t\t\t\tborder-width: 1px;\t\t\t\tborder-color: #E3E3E3;\t\t\t\t\t\t\t\tbackground-color: rgba(252, 252, 252, 1.00);\t\t\t\tbox-shadow: 0;\t\t\t\ttransition: all 0.3s ease 0s;-webkit-transition: all 0.3s ease 0s;      }      <\/style>      <span class=\"bwg_nav_cont_0\">              <div class=\"tablenav-pages_0\">                      <span class=\"pagination-links_0 pagination-links\" data-pages-count=\"8\">              <span class=\"pagination-links_col1\">              <a class=\"bwg-a first-page disabled\" title=\"Ugr\u00e1s az els\u0151 oldalra\" >\u00ab<\/a>              <a class=\"bwg-a prev-page disabled\" title=\"Ugr\u00e1s az el\u0151z\u0151 oldalra\" >\u2039<\/a>              <\/span>\t\t\t\t\t\t\t<span class=\"pagination-links_col2\">\t\t\t\t\t\t\t\t\t<input type=\"number\" class=\"bwg_current_page\" name=\"bwg_current_page\" value=\"1\" data-url-info=\"page_number_0\" onkeypress=\"return bwg_change_page_0(event, this)\" min=\"1\" oninput=\"validity.valid||(value='')\" \/>\t\t\t\t\t\t\t\t\t\tA\t\t\t\t\t\t\t\t\t\t<span class=\"total-pages_0\">\t\t\t\t\t\t\t\t\t\t\t8\t\t\t\t\t\t\t\t\t\t<\/span>\t\t\t\t\t\t\t<\/span>              <span class=\"pagination-links_col3\">                <a class=\"bwg-a next-page-0\" title=\"Ugr\u00e1s a k\u00f6vetkez\u0151 oldalra\" href=\"\/index.php?rest_route=%2Fwp%2Fv2%2Fposts%2F1800&#038;page_number_0=2\">\u203a<\/a>                <a class=\"bwg-a last-page-0\" title=\"Menj az utols\u00f3 oldalra\" href=\"\/index.php?rest_route=%2Fwp%2Fv2%2Fposts%2F1800&#038;page_number_0=8\">\u00bb<\/a>              <\/span>\t\t\t\t\t\t<\/span>\t\t\t\t\t\t        <\/div>                <input type=\"hidden\" id=\"page_number_0\" name=\"page_number_0\" value=\"1\" \/>      <script type=\"text\/javascript\">        if( jQuery('.bwg_nav_cont_0').length > 1 ) {          jQuery('.bwg_nav_cont_0').first().remove()        }        function spider_page_0(cur, x, y, load_more) {          if (typeof load_more == \"undefined\") {            var load_more = false;          }          if (jQuery(cur).hasClass('disabled')) {            return false;          }          var items_county_0 = 8;          switch (y) {            case 1:              if (x >= items_county_0) {                document.getElementById('page_number_0').value = items_county_0;              }              else {                document.getElementById('page_number_0').value = x + 1;              }              break;            case 2:              document.getElementById('page_number_0').value = items_county_0;              break;            case -1:              if (x == 1) {                document.getElementById('page_number_0').value = 1;              }              else {                document.getElementById('page_number_0').value = x - 1;              }              break;            case -2:              document.getElementById('page_number_0').value = 1;              break;\t\t\t\t\t\tcase 0:              document.getElementById('page_number_0').value = x;              break;            default:              document.getElementById('page_number_0').value = 1;          }          bwg_ajax('gal_front_form_0', '0', 'bwg_thumbnails_0', '0', '', 'gallery', 0, '', '', load_more, '', 1);        }                    jQuery('.first-page disabled').on('click', function () {              spider_page_0(this, 1, -2, 'numeric');              return false;            });            jQuery('.prev-page disabled').on('click', function () {              spider_page_0(this, 1, -1, 'numeric');              return false;            });            jQuery('.next-page-0').on('click', function () {              spider_page_0(this, 1, 1, 'numeric');              return false;            });            jQuery('.last-page-0').on('click', function () {              spider_page_0(this, 1, 2, 'numeric');              return false;            });        \t\t\t\t\/* Change page on input enter. *\/        function bwg_change_page_0( e, that ) {          if (  e.key == 'Enter' ) {            var to_page = parseInt(jQuery(that).val());            var pages_count = jQuery(that).parents(\".pagination-links\").data(\"pages-count\");            var current_url_param = jQuery(that).attr('data-url-info');            if (to_page > pages_count) {              to_page = 1;            }\t \t\t\t\t\t\t\t\t\t\t\t\tspider_page_0(this, to_page, 0, 'numeric');\t\t\t\t\t\t\treturn false;\t\t\t\t\t\t          }          return true;        }        jQuery('.bwg_load_btn_0').on('click', function () {            spider_page_0(this, 1, 1, true);            return false;        });      <\/script>      <\/span>                <\/div>        <\/form>        <style>          #bwg_container1_0 #bwg_container2_0 #spider_popup_overlay_0 {          background-color: #000000;          opacity: 0.70;          }          <\/style>        <div id=\"bwg_spider_popup_loading_0\" class=\"bwg_spider_popup_loading\"><\/div>        <div id=\"spider_popup_overlay_0\" class=\"spider_popup_overlay\" onclick=\"spider_destroypopup(1000)\"><\/div>        <input type=\"hidden\" id=\"bwg_random_seed_0\" value=\"2120353660\">                <\/div>    <\/div>    <script>      if (document.readyState === 'complete') {        if( typeof bwg_main_ready == 'function' ) {          if ( jQuery(\"#bwg_container1_0\").height() ) {            bwg_main_ready(jQuery(\"#bwg_container1_0\"));          }        }      } else {        document.addEventListener('DOMContentLoaded', function() {          if( typeof bwg_main_ready == 'function' ) {            if ( jQuery(\"#bwg_container1_0\").height() ) {             bwg_main_ready(jQuery(\"#bwg_container1_0\"));            }          }        });      }    <\/script>    \n","protected":false},"excerpt":{"rendered":"<p>A j\u00fanius 18-\u00e1n megkezdett napk\u00f6zis t\u00e1boroz\u00f3k 20-\u00e1n, szerd\u00e1n, reggeli f\u00e9l kilenckor sz\u00e9les j\u00f3kedv\u00fckben aut\u00f3buszra sz\u00e1lltak pl\u00e9b\u00e1nosuk vezet\u00e9s\u00e9vel \u00e9s n\u00e9h\u00e1ny hitoktat\u00f3juk k\u00eds\u00e9ret\u00e9vel, hogy Tarcalra eljutv\u00e1n tisztelet\u00fcket tegy\u00e9k az \u00c1ld\u00f3 Krisztus szobr\u00e1n\u00e1l. A hajd\u00fas\u00e1g metropolisz\u00e1t elhagyva 30 gyermek \u00e9s 12 feln\u0151tt reggeli im\u00e1ds\u00e1g\u00e1ban k\u00f6sz\u00f6nte meg mennyei Aty\u00e1nknak az \u00faj, szikr\u00e1z\u00f3an f\u00e9nyes napot, \u00e9s k\u00e9rte Szent Krist\u00f3f, az &hellip; <a href=\"https:\/\/szentannaplebania.dnyem.hu\/?p=1800\" class=\"more-link\"><span class=\"screen-reader-text\">Kir\u00e1ndul\u00e1sunk Tarcalra \u00e9s Szabolcsra<\/span> r\u00e9szletei&#8230;<\/a><\/p>\n","protected":false},"author":2,"featured_media":0,"comment_status":"closed","ping_status":"open","sticky":false,"template":"","format":"standard","meta":{"_jetpack_memberships_contains_paid_content":false,"footnotes":""},"categories":[18],"tags":[],"class_list":["post-1800","post","type-post","status-publish","format-standard","hentry","category-beszamolok"],"jetpack_featured_media_url":"","jetpack_shortlink":"https:\/\/wp.me\/p9doK4-t2","jetpack_sharing_enabled":true,"_links":{"self":[{"href":"https:\/\/szentannaplebania.dnyem.hu\/index.php?rest_route=\/wp\/v2\/posts\/1800","targetHints":{"allow":["GET"]}}],"collection":[{"href":"https:\/\/szentannaplebania.dnyem.hu\/index.php?rest_route=\/wp\/v2\/posts"}],"about":[{"href":"https:\/\/szentannaplebania.dnyem.hu\/index.php?rest_route=\/wp\/v2\/types\/post"}],"author":[{"embeddable":true,"href":"https:\/\/szentannaplebania.dnyem.hu\/index.php?rest_route=\/wp\/v2\/users\/2"}],"replies":[{"embeddable":true,"href":"https:\/\/szentannaplebania.dnyem.hu\/index.php?rest_route=%2Fwp%2Fv2%2Fcomments&post=1800"}],"version-history":[{"count":1,"href":"https:\/\/szentannaplebania.dnyem.hu\/index.php?rest_route=\/wp\/v2\/posts\/1800\/revisions"}],"predecessor-version":[{"id":1801,"href":"https:\/\/szentannaplebania.dnyem.hu\/index.php?rest_route=\/wp\/v2\/posts\/1800\/revisions\/1801"}],"wp:attachment":[{"href":"https:\/\/szentannaplebania.dnyem.hu\/index.php?rest_route=%2Fwp%2Fv2%2Fmedia&parent=1800"}],"wp:term":[{"taxonomy":"category","embeddable":true,"href":"https:\/\/szentannaplebania.dnyem.hu\/index.php?rest_route=%2Fwp%2Fv2%2Fcategories&post=1800"},{"taxonomy":"post_tag","embeddable":true,"href":"https:\/\/szentannaplebania.dnyem.hu\/index.php?rest_route=%2Fwp%2Fv2%2Ftags&post=1800"}],"curies":[{"name":"wp","href":"https:\/\/api.w.org\/{rel}","templated":true}]}}