{"id":1929,"date":"2019-04-27T21:18:12","date_gmt":"2019-04-27T19:18:12","guid":{"rendered":"http:\/\/szentannaplebania.dnyem.hu\/?p=1929"},"modified":"2019-04-27T21:18:12","modified_gmt":"2019-04-27T19:18:12","slug":"27-april-2019-2118","status":"publish","type":"post","link":"https:\/\/szentannaplebania.dnyem.hu\/?p=1929","title":{"rendered":"27 April, 2019 21:18"},"content":{"rendered":"<p><strong>HIRDET\u00c9SEK H\u00daSV\u00c9T 2. VAS\u00c1RNAP, FEH\u00c9RVAS\u00c1RNAP,<\/strong><\/p>\n<p><strong>AZ ISTENI IRGALMASS\u00c1G VAS\u00c1RNAPJ\u00c1N <\/strong>(\u00c1PR. 28.)<\/p>\n<p>1. Ma van az <strong>ISTENI IRGALMASS\u00c1G VAS\u00c1RNAPJA<\/strong>, amelyen teljes b\u00facs\u00fa nyerhet\u0151 a szok\u00e1sos felt\u00e9telekkel. 15 \u00f3rakor, a irgalmass\u00e1g \u00f3r\u00e1j\u00e1ban, im\u00e1dkozzuk el az Isteni Irgalmass\u00e1g r\u00f3zsaf\u00fcz\u00e9r\u00e9t ak\u00e1r otthon, ak\u00e1r valamelyik templomban.<\/p>\n<p>17:30-kor esti dics\u00e9retet (vesper\u00e1st) \u00e9nekl\u00fcnk.<\/p>\n<p>2. K\u00f6sz\u00f6netet mondok Testv\u00e9reinknek, akik t\u00f6bbletmunk\u00e1jukkal \u00e9s \u2013szolg\u00e1latukkal hozz\u00e1j\u00e1rultak H\u00fasv\u00e9t min\u00e9l m\u00e9lt\u00f3bb meg\u00fcnnepl\u00e9s\u00e9hez! A felt\u00e1mad\u00e1si k\u00f6rmeneten haszn\u00e1lt m\u0171anyag gyertyab\u00far\u00e1k a k\u00f6vetkez\u0151 \u00e9vben is j\u00f3 szolg\u00e1latot fognak tenni. Ezeket \u0151rizz\u00fck meg otthon!<\/p>\n<p>3. <strong>H\u00e9tf\u0151n<\/strong> lesz Si\u00e9nai Szt. Katalin, sz\u0171z \u00e9s egyh\u00e1ztan\u00edt\u00f3, Eur\u00f3pa t\u00e1rsv\u00e9d\u0151szentj\u00e9nek \u00fcnnepe. Az esti szentmise ut\u00e1n folytat\u00f3dik a biblia\u00f3ra a 7. teremben.<\/p>\n<p>4. <strong>Szerd\u00e1n<\/strong> Szt. J\u00f3zsef, a munk\u00e1s eml\u00e9knapja. Szerd\u00e1t\u00f3l <strong>m\u00e1jusban<\/strong>, Sz\u0171z Any\u00e1nknak szentelt h\u00f3napban, \u00e9nekelj\u00fck\/im\u00e1dkozzuk a lor\u00e9t\u00f3i lit\u00e1ni\u00e1t az esti szentmis\u00e9k el\u0151tt f\u00e9l 6-t\u00f3l. Legyen gondunk arra, hogy ezzel otthon csal\u00e1dilag is k\u00f6sz\u00f6nts\u00fck a Boldogs\u00e1gos Sz\u0171z M\u00e1ri\u00e1t. A lit\u00e1nia a Hozsanna imak\u00f6nyvben \u00e9nekes form\u00e1ban is megtal\u00e1lhat\u00f3.<\/p>\n<p><strong>Szerd\u00e1n<\/strong> \u2014 j\u00f3 id\u0151 eset\u00e9n \u2014 9 \u00f3rakor indulunk biciklit\u00far\u00e1ra Ny\u00edradonyba. Gy\u00fclekez\u0151 \u00be 9-kor a pl\u00e9b\u00e1nia el\u0151tt. D\u00e9lut\u00e1n 4-5 \u00f3ra k\u00f6z\u00f6tt \u00e9r\u00fcnk vissza. L\u00e1that\u00f3s\u00e1gi mell\u00e9ny k\u00f6telez\u0151. \u00c9tkez\u00e9sr\u0151l a r\u00e9sztvev\u0151k maguk gondoskodnak.<\/p>\n<p>5. <strong>Cs\u00fct\u00f6rt\u00f6k\u00f6n<\/strong> Szt. Atan\u00e1z p\u00fcsp\u00f6k \u00e9s egyh\u00e1ztan\u00edt\u00f3 eml\u00e9knapja. Az eg\u00e9sz nap folyam\u00e1n csendes szents\u00e9gim\u00e1d\u00e1sra t\u00e9rhet\u00fcnk be templomunkba.<\/p>\n<p>6. <strong>P\u00e9nteken<\/strong> Szt. F\u00fcl\u00f6p \u00e9s Jakab apostolok \u00fcnnepe. Megl\u00e1togatjuk els\u0151p\u00e9nteki betegeinket.<\/p>\n<p>7. <strong>Szombaton, m\u00e1jus 4-\u00e9n, 15 \u00f3r\u00e1t\u00f3l<\/strong> lesza 2020-as Budapesti Eucharisztikus Kongresszusra felk\u00e9sz\u00edt\u0151 egyh\u00e1zmegyei programsorozat z\u00e1r\u00f3 alkalma, amelyen egyh\u00e1zmegy\u00e9nk f\u0151p\u00e1sztora buzd\u00edt minket az Eucharisztia tisztelet\u00e9re \u00e9s szeretet\u00e9re, \u00e9s lez\u00e1rja a felk\u00e9sz\u00fcl\u00e9snek ezt az \u00e9v\u00e9t<\/p>\n<p><strong>8. Vas\u00e1rnap<\/strong> az \u00e9desany\u00e1k k\u00f6sz\u00f6nt\u00e9se a 8:30-as szentmis\u00e9ben lesz.<\/p>\n<p>9. <strong>M\u00e1jus 11-\u00e9n, szombaton <\/strong>XIV. Egyh\u00e1zmegyei Gyermeknap<strong> Nagyk\u00e1ll\u00f3 \u2013 Harangodon <\/strong>3-8. oszt\u00e1lyos gyermekek sz\u00e1m\u00e1ra. A r\u00e9szv\u00e9teli d\u00edj 500 Ft. A gyermeknapra az aut\u00f3busz 8 \u00f3rakor indul sz\u00e9kesegyh\u00e1zunk el\u0151l. Miel\u0151bbi<strong> jelentkez\u00e9st k\u00e9rek legk\u00e9s\u0151b<em>b m\u00e1jus 6-ig.<\/em><\/strong><\/p>\n<p>10. Azok a fiatalok, akik Isten paps\u00e1gra h\u00edv\u00f3 szav\u00e1t felismert\u00e9k \u00f6nmagukban, \u00e9s a Debrecen-Ny\u00edregyh\u00e1zi Egyh\u00e1zmegy\u00e9ben szeretn\u00e9nek papk\u00e9nt szolg\u00e1lni, k\u00fcldj\u00e9k be jelentkez\u00e9s\u00fcket m\u00e1jus 31-ig a P\u00fcsp\u00f6ki Hivatalba. B\u0151vebb t\u00e1j\u00e9koztat\u00e1st a lelkiaty\u00e1kt\u00f3l k\u00e9rhetnek.<\/p>\n<p>11. <strong>A cs\u00edksomly\u00f3i a p\u00e1pai szentmis\u00e9re <\/strong>indul\u00f3 zar\u00e1ndoklaton m\u00e9g van 3 f\u00e9r\u0151hely. Ezekre v\u00e1rom a jelentkez\u0151ket.<\/p>\n","protected":false},"excerpt":{"rendered":"<p>HIRDET\u00c9SEK H\u00daSV\u00c9T 2. VAS\u00c1RNAP, FEH\u00c9RVAS\u00c1RNAP, AZ ISTENI IRGALMASS\u00c1G VAS\u00c1RNAPJ\u00c1N (\u00c1PR. 28.) 1. Ma van az ISTENI IRGALMASS\u00c1G VAS\u00c1RNAPJA, amelyen teljes b\u00facs\u00fa nyerhet\u0151 a szok\u00e1sos felt\u00e9telekkel. 15 \u00f3rakor, a irgalmass\u00e1g \u00f3r\u00e1j\u00e1ban, im\u00e1dkozzuk el az Isteni Irgalmass\u00e1g r\u00f3zsaf\u00fcz\u00e9r\u00e9t ak\u00e1r otthon, ak\u00e1r valamelyik templomban. 17:30-kor esti dics\u00e9retet (vesper\u00e1st) \u00e9nekl\u00fcnk. 2. K\u00f6sz\u00f6netet mondok Testv\u00e9reinknek, akik t\u00f6bbletmunk\u00e1jukkal \u00e9s \u2013szolg\u00e1latukkal hozz\u00e1j\u00e1rultak &hellip; <a href=\"https:\/\/szentannaplebania.dnyem.hu\/?p=1929\" class=\"more-link\"><span class=\"screen-reader-text\">27 April, 2019 21:18<\/span> r\u00e9szletei&#8230;<\/a><\/p>\n","protected":false},"author":2,"featured_media":0,"comment_status":"closed","ping_status":"open","sticky":false,"template":"","format":"standard","meta":{"_jetpack_memberships_contains_paid_content":false,"footnotes":""},"categories":[15],"tags":[],"class_list":["post-1929","post","type-post","status-publish","format-standard","hentry","category-hirdetesek"],"jetpack_featured_media_url":"","jetpack_shortlink":"https:\/\/wp.me\/p9doK4-v7","jetpack_sharing_enabled":true,"_links":{"self":[{"href":"https:\/\/szentannaplebania.dnyem.hu\/index.php?rest_route=\/wp\/v2\/posts\/1929","targetHints":{"allow":["GET"]}}],"collection":[{"href":"https:\/\/szentannaplebania.dnyem.hu\/index.php?rest_route=\/wp\/v2\/posts"}],"about":[{"href":"https:\/\/szentannaplebania.dnyem.hu\/index.php?rest_route=\/wp\/v2\/types\/post"}],"author":[{"embeddable":true,"href":"https:\/\/szentannaplebania.dnyem.hu\/index.php?rest_route=\/wp\/v2\/users\/2"}],"replies":[{"embeddable":true,"href":"https:\/\/szentannaplebania.dnyem.hu\/index.php?rest_route=%2Fwp%2Fv2%2Fcomments&post=1929"}],"version-history":[{"count":0,"href":"https:\/\/szentannaplebania.dnyem.hu\/index.php?rest_route=\/wp\/v2\/posts\/1929\/revisions"}],"wp:attachment":[{"href":"https:\/\/szentannaplebania.dnyem.hu\/index.php?rest_route=%2Fwp%2Fv2%2Fmedia&parent=1929"}],"wp:term":[{"taxonomy":"category","embeddable":true,"href":"https:\/\/szentannaplebania.dnyem.hu\/index.php?rest_route=%2Fwp%2Fv2%2Fcategories&post=1929"},{"taxonomy":"post_tag","embeddable":true,"href":"https:\/\/szentannaplebania.dnyem.hu\/index.php?rest_route=%2Fwp%2Fv2%2Ftags&post=1929"}],"curies":[{"name":"wp","href":"https:\/\/api.w.org\/{rel}","templated":true}]}}