{"id":1930,"date":"2019-05-11T20:41:27","date_gmt":"2019-05-11T18:41:27","guid":{"rendered":"http:\/\/szentannaplebania.dnyem.hu\/?p=1930"},"modified":"2019-05-11T20:41:27","modified_gmt":"2019-05-11T18:41:27","slug":"11-may-2019-2041","status":"publish","type":"post","link":"https:\/\/szentannaplebania.dnyem.hu\/?p=1930","title":{"rendered":"11 May, 2019 20:41"},"content":{"rendered":"<p><strong>HIRDET\u00c9SEK H\u00daSV\u00c9T 3. VAS\u00c1RNAP <\/strong>(M\u00c1JUS 5.)<\/p>\n<p>1. <strong>Ma<\/strong> az \u00e9desany\u00e1k k\u00f6sz\u00f6nt\u00e9se a 8:30-as szentmis\u00e9ben lesz. Illesse \u0151ket h\u00e1l\u00e1s k\u00f6sz\u00f6net \u00e1ldozatos \u00e9desanyas\u00e1guk megannyi sz\u00e9ps\u00e9g\u00e9\u00e9rt \u00e9s j\u00f3s\u00e1g\u00e1\u00e9rt. 12:30-t\u00f3l 17:30-ig szents\u00e9gim\u00e1d\u00e1sra t\u00e9rhet\u00fcnk be templomunkba.<\/p>\n<p>2. <strong>M\u00e1jusban<\/strong>, Sz\u0171z Any\u00e1nknak szentelt h\u00f3napban, \u00e9nekelj\u00fck\/im\u00e1dkozzuk a lor\u00e9t\u00f3i lit\u00e1ni\u00e1t az esti szentmis\u00e9k el\u0151tt f\u00e9l 6-t\u00f3l.<\/p>\n<p>3. <strong>Szombaton <\/strong>Egyh\u00e1zmegyei Gyermeknap lesz <strong>Nagyk\u00e1ll\u00f3\u2013Harangodon <\/strong>3-8. oszt\u00e1lyos gyermekek sz\u00e1m\u00e1ra. A r\u00e9szv\u00e9teli d\u00edj 500 Ft. A gyermeknapra az aut\u00f3busz 8 \u00f3rakor indul sz\u00e9kesegyh\u00e1zunk el\u0151l. Miel\u0151bbi <strong>jelentkez\u00e9st k\u00e9rek <em>holnappal bez\u00e1r\u00f3lag.<\/em><\/strong><\/p>\n<p>4. <strong>M\u00e1hoz egy h\u00e9tre<\/strong>, H\u00fasv\u00e9t 4. vas\u00e1rnapj\u00e1n, J\u00f3 P\u00e1sztor-vas\u00e1rnapj\u00e1n k\u00f6ny\u00f6rg\u0151napot tartunk papi hivat\u00e1sok\u00e9rt.<\/p>\n<p>Ezen a napon lesz az els\u0151\u00e1ldoz\u00e1s a 10-es szentmis\u00e9ben \u00e9s egyh\u00e1zk\u00f6zs\u00e9g\u00fcnk negyed\u00e9ves kiadv\u00e1ny\u00e1nak, a Debreceni Katolikus Figyel\u0151 lapz\u00e1rt\u00e1ja. K\u00e9rem a Kedves Testv\u00e9reket, hogy a Figyel\u0151 P\u00fcnk\u00f6sdre megjelen\u0151 sz\u00e1m\u00e1ba \u00edrt cikkeiket miel\u0151bb juttass\u00e1k el a szerkeszt\u0151s\u00e9gbe.<\/p>\n<p>5. Azok a fiatalok, akik Isten paps\u00e1gra h\u00edv\u00f3 szav\u00e1t felismert\u00e9k \u00f6nmagukban, \u00e9s a Debrecen- Ny\u00edregyh\u00e1zi Egyh\u00e1zmegy\u00e9ben szeretn\u00e9nek papk\u00e9nt szolg\u00e1lni, k\u00fcldj\u00e9k be jelentkez\u00e9s\u00fcket m\u00e1jus 31-ig a P\u00fcsp\u00f6ki Hivatalba. B\u0151vebb t\u00e1j\u00e9koztat\u00e1st a lelkiaty\u00e1kt\u00f3l k\u00e9rhetnek.<\/p>\n<p>6. A 13-18 \u00e9v k\u00f6z\u00f6tti fiataljainkat, f\u0151leg azokat, akik n\u00e1lunk j\u00fanius 9-\u00e9n fognak b\u00e9rm\u00e1lkozni, Egyh\u00e1zmegyei Ny\u00e1ri T\u00e1borba h\u00edvom j\u00falius 21-28. k\u00f6z\u00f6tt Nagyvisny\u00f3ra. A t\u00e1bor c\u00e9lkit\u0171z\u00e9se: a b\u00e9rm\u00e1lkoz\u00f3 fiatalok tapasztalj\u00e1k meg egyh\u00e1zunk fiatalos arc\u00e1t, \u00e9s azt, hogy j\u00f3 az egyh\u00e1zhoz tartozni. R\u00e9szv\u00e9teli d\u00edj szem\u00e9lyenk\u00e9nt 5 000 Ft. Miel\u0151bbi jelentkez\u00e9st v\u00e1rok legk\u00e9s\u0151bb j\u00fan. 6-ig. Jelentkez\u00e9si lap elvihet\u0151 a sekresty\u00e9b\u0151l.<\/p>\n<p>7. Liturgikus eml\u00e9knapok e h\u00e9ten: kedden \u2014 Boldog Gizella, szombaton \u2014 Boldog Salkah\u00e1zi S\u00e1ra sz\u0171z \u00e9s v\u00e9rtan\u00fa eml\u00e9knapja lesz.<\/p>\n<table>\n<tr>\n<td><a href=\"https:\/\/www.avast.com\/sig-email?utm_medium=email&amp;utm_source=link&amp;utm_campaign=sig-email&amp;utm_content=webmail\"><img loading=\"lazy\" decoding=\"async\" src=\"https:\/\/ipmcdn.avast.com\/images\/icons\/icon-envelope-tick-round-orange-animated-no-repeat-v1.gif\" alt=\"\" width=\"46\" height=\"29\" \/><\/a><\/td>\n<td>Mentes a v\u00edrusokt\u00f3l. <a href=\"https:\/\/www.avast.com\/sig-email?utm_medium=email&amp;utm_source=link&amp;utm_campaign=sig-email&amp;utm_content=webmail\">www.avast.com<\/a><\/td>\n<\/tr>\n<\/table>\n","protected":false},"excerpt":{"rendered":"<p>HIRDET\u00c9SEK H\u00daSV\u00c9T 3. VAS\u00c1RNAP (M\u00c1JUS 5.) 1. Ma az \u00e9desany\u00e1k k\u00f6sz\u00f6nt\u00e9se a 8:30-as szentmis\u00e9ben lesz. Illesse \u0151ket h\u00e1l\u00e1s k\u00f6sz\u00f6net \u00e1ldozatos \u00e9desanyas\u00e1guk megannyi sz\u00e9ps\u00e9g\u00e9\u00e9rt \u00e9s j\u00f3s\u00e1g\u00e1\u00e9rt. 12:30-t\u00f3l 17:30-ig szents\u00e9gim\u00e1d\u00e1sra t\u00e9rhet\u00fcnk be templomunkba. 2. M\u00e1jusban, Sz\u0171z Any\u00e1nknak szentelt h\u00f3napban, \u00e9nekelj\u00fck\/im\u00e1dkozzuk a lor\u00e9t\u00f3i lit\u00e1ni\u00e1t az esti szentmis\u00e9k el\u0151tt f\u00e9l 6-t\u00f3l. 3. Szombaton Egyh\u00e1zmegyei Gyermeknap lesz Nagyk\u00e1ll\u00f3\u2013Harangodon 3-8. oszt\u00e1lyos &hellip; <a href=\"https:\/\/szentannaplebania.dnyem.hu\/?p=1930\" class=\"more-link\"><span class=\"screen-reader-text\">11 May, 2019 20:41<\/span> r\u00e9szletei&#8230;<\/a><\/p>\n","protected":false},"author":2,"featured_media":0,"comment_status":"closed","ping_status":"open","sticky":false,"template":"","format":"standard","meta":{"_jetpack_memberships_contains_paid_content":false,"footnotes":""},"categories":[15],"tags":[],"class_list":["post-1930","post","type-post","status-publish","format-standard","hentry","category-hirdetesek"],"jetpack_featured_media_url":"","jetpack_shortlink":"https:\/\/wp.me\/p9doK4-v8","jetpack_sharing_enabled":true,"_links":{"self":[{"href":"https:\/\/szentannaplebania.dnyem.hu\/index.php?rest_route=\/wp\/v2\/posts\/1930","targetHints":{"allow":["GET"]}}],"collection":[{"href":"https:\/\/szentannaplebania.dnyem.hu\/index.php?rest_route=\/wp\/v2\/posts"}],"about":[{"href":"https:\/\/szentannaplebania.dnyem.hu\/index.php?rest_route=\/wp\/v2\/types\/post"}],"author":[{"embeddable":true,"href":"https:\/\/szentannaplebania.dnyem.hu\/index.php?rest_route=\/wp\/v2\/users\/2"}],"replies":[{"embeddable":true,"href":"https:\/\/szentannaplebania.dnyem.hu\/index.php?rest_route=%2Fwp%2Fv2%2Fcomments&post=1930"}],"version-history":[{"count":0,"href":"https:\/\/szentannaplebania.dnyem.hu\/index.php?rest_route=\/wp\/v2\/posts\/1930\/revisions"}],"wp:attachment":[{"href":"https:\/\/szentannaplebania.dnyem.hu\/index.php?rest_route=%2Fwp%2Fv2%2Fmedia&parent=1930"}],"wp:term":[{"taxonomy":"category","embeddable":true,"href":"https:\/\/szentannaplebania.dnyem.hu\/index.php?rest_route=%2Fwp%2Fv2%2Fcategories&post=1930"},{"taxonomy":"post_tag","embeddable":true,"href":"https:\/\/szentannaplebania.dnyem.hu\/index.php?rest_route=%2Fwp%2Fv2%2Ftags&post=1930"}],"curies":[{"name":"wp","href":"https:\/\/api.w.org\/{rel}","templated":true}]}}