{"id":1943,"date":"2019-05-19T09:07:44","date_gmt":"2019-05-19T07:07:44","guid":{"rendered":"http:\/\/szentannaplebania.dnyem.hu\/?p=1943"},"modified":"2019-05-19T09:07:44","modified_gmt":"2019-05-19T07:07:44","slug":"19-may-2019-0907","status":"publish","type":"post","link":"https:\/\/szentannaplebania.dnyem.hu\/?p=1943","title":{"rendered":"19 May, 2019 09:07"},"content":{"rendered":"<p><strong>HIRDET\u00c9SEK H\u00daSV\u00c9T 5. VAS\u00c1RNAP <\/strong>(m\u00e1jus 19.)<\/p>\n<p>1. <strong>Ma<\/strong> 19 \u00f3r\u00e1t\u00f3l T\u00f3th J. Mikl\u00f3s, mogyor\u00f3di pl\u00e9b\u00e1nos ad j\u00f3t\u00e9konys\u00e1gi orgonakoncertet templomunkban. M\u0171sora a hirdet\u0151n olvashat\u00f3.<\/p>\n<p>2. <strong>H\u00e9tf\u0151n<\/strong> 18 \u00f3r\u00e1t\u00f3l <strong>FILMKLUB<\/strong> lesz a Szent J\u00f3zsef Gimn\u00e1zium d\u00edszterm\u00e9ben (2. emelet). Megn\u00e9zz\u00fck a A VISK\u00d3 c. amerikai filmet. A filmn\u00e9z\u00e9st besz\u00e9lget\u00e9s k\u00f6veti a l\u00e1tottakr\u00f3l.<\/p>\n<p>3. <strong>Kedden <\/strong>\u00e9rkezik hozz\u00e1nk R\u00f3m\u00e1b\u00f3l a piarista rend k\u00f6zponti lev\u00e9lt\u00e1rosa \u00e9s t\u00f6rt\u00e9net\u00edr\u00f3ja, Jos\u00e9 Pascual Burgu\u00e9s (Burg\u00e9sz), hogy felkeresse a magyar piarist\u00e1k \u00e1ld\u00e1sos debreceni tev\u00e9kenys\u00e9g\u00e9nek helysz\u00edn\u00e9t.<\/p>\n<p>4. <strong>Szombaton, m\u00e1jus 25-\u00e9n az Egyh\u00e1zk\u00f6zs\u00e9gi\u2013Csal\u00e1di <strong>Napot<\/strong>9-kor kezdj\u00fck a Szt. J\u00f3zsef Koll\u00e9gium udvar\u00e1n (a templom szent\u00e9lye m\u00f6g\u00f6tt). H<\/strong>\u00edvom \u00e9s v\u00e1rom a Kedves Testv\u00e9rek minden koroszt\u00e1ly\u00e1t. Minden regisztr\u00e1lt r\u00e9sztvev\u0151 sz\u00e1m\u00e1ra eb\u00e9det biztos\u00edtunk. <em>Jelentkezni m\u00e1t\u00f3l lehet a kit\u00f6lt\u00f6tt regisztr\u00e1ci\u00f3s szelv\u00e9ny lead\u00e1s\u00e1val, amely egyben eb\u00e9djegy. Ez elvihet\u0151 az \u00fajs\u00e1gospolcr\u00f3l vagy a sekresty\u00e9b\u0151l, \u00e9s kit\u00f6ltve leadhat\u00f3 a pl\u00e9b\u00e1niairod\u00e1n vagy a sekresty\u00e9ben. Lesznek programok feln\u0151tteknek \u00e9s gyerekeknek (a leend\u0151 b\u00e9rm\u00e1lkoz\u00f3k tan\u00fas\u00e1gt\u00e9tele, ugr\u00e1l\u00f3v\u00e1r, k\u00e9zm\u0171ves foglalkoz\u00e1sok, sorversenyek, toronyt\u00fara stb).<\/em><\/p>\n<p>5. Liturgikus eml\u00e9knapok e h\u00e9ten: Szerd\u00e1n \u2014 Szt. Rita szerzetes, cs\u00fct\u00f6rt\u00f6k\u00f6n \u2013 Boldog Apor Vilmos p\u00fcsp\u00f6k \u00e9s v\u00e9rtan\u00fa, p\u00e9nteken \u2013 Sz\u0171z M\u00e1ria, Kereszt\u00e9nyek Seg\u00edt\u00e9ge eml\u00e9knapj\u00e1t tartjuk. M\u00e1hoz egy h\u00e9tre, vas\u00e1rnap, lesz a t\u00f6megt\u00e1j\u00e9koztat\u00e1si vil\u00e1gnap \u00e9s a Magyar H\u0151s\u00f6k Eml\u00e9knapja.<\/p>\n<p>6. J\u00fan. 17-21-ig lesz <strong>1 h\u00e9t<\/strong> <strong>Ny\u00e1ri Napk\u00f6zis T\u00e1bor a pl\u00e9b\u00e1ni\u00e1n<\/strong>. Als\u00f3- \u00e9s fels\u0151 tagozatos iskol\u00e1sok jelentkez\u00e9s\u00e9t v\u00e1rom. Lesz benne egynapos kir\u00e1ndul\u00e1s aut\u00f3busszal, amelyre azok a gyermekek is j\u00f6hetnek sz\u00fcleikkel, nagysz\u00fcleikkel, akik a t\u00e1borban nem vesznek r\u00e9szt. Miel\u0151bbi jelentkez\u00e9st v\u00e1rok j\u00fanius 10-ig. Jelentkez\u00e9si lap elvihet\u0151 a sekresty\u00e9b\u0151l. R\u00e9szv\u00e9teli d\u00edj egy h\u00e9tre szem\u00e9lyenk\u00e9nt 7500 Ft. Ebben minden k\u00f6lts\u00e9g benne van, bele\u00e9rtve t\u00edz\u00f3rait, meleg eb\u00e9det \u00e9s uzsonn\u00e1t.<\/p>\n<p>7. <strong>Ny\u00e1ri t\u00e1bor lesz Bog\u00e1cson<\/strong> a Szent M\u00e1rton-tany\u00e1n j\u00fal. 1-5-ig egyh\u00e1zk\u00f6zs\u00e9g\u00fcnk gyermekei sz\u00e1m\u00e1ra. A gyerekekt\u0151l <strong>15 000 Ft<\/strong>\/f\u0151 befizet\u00e9s\u00e9t k\u00e9rj\u00fck. A t\u00e1bor teljes k\u00f6lts\u00e9ge 20 000 Ft\/f\u0151. A fennmarad\u00f3 \u00f6sszeggel j\u00f3tev\u0151k hozz\u00e1j\u00e1rulhatnak a t\u00e1boroz\u00e1shoz. Miel\u0151bbi jelentkez\u00e9st v\u00e1rok a t\u00e1borba. Jelentkez\u00e9si lap k\u00e9rhet\u0151 a hitoktat\u00f3kt\u00f3l, a sekresty\u00e9ben \u00e9s a pl\u00e9b\u00e1niairod\u00e1n.<\/p>\n<p>8. Sr\u00ed Lank\u00e1n a h\u00fasv\u00e9tvas\u00e1rnapi terrorcselekm\u00e9nyek \u00e1ldozatainak megseg\u00edt\u00e9s\u00e9re \u00e9s a megrong\u00e1l\u00f3dott templomok helyre\u00e1ll\u00edt\u00e1s\u00e1nak t\u00e1mogat\u00e1s\u00e1ra a Magyar Katolikus P\u00fcsp\u00f6ki Konferencia j\u00fanius 9-ig, p\u00fcnk\u00f6sdvas\u00e1rnapig, gy\u0171jt\u00e9st hirdet. A banksz\u00e1mlasz\u00e1m: Magyar Katolikus P\u00fcsp\u00f6ki Konferencia, 11100104-18181490-14000003.<\/p>\n<table>\n<tr>\n<td><a href=\"https:\/\/www.avast.com\/sig-email?utm_medium=email&amp;utm_source=link&amp;utm_campaign=sig-email&amp;utm_content=webmail\"><img loading=\"lazy\" decoding=\"async\" src=\"https:\/\/ipmcdn.avast.com\/images\/icons\/icon-envelope-tick-round-orange-animated-no-repeat-v1.gif\" alt=\"\" width=\"46\" height=\"29\" \/><\/a><\/td>\n<td>Mentes a v\u00edrusokt\u00f3l. <a href=\"https:\/\/www.avast.com\/sig-email?utm_medium=email&amp;utm_source=link&amp;utm_campaign=sig-email&amp;utm_content=webmail\">www.avast.com<\/a><\/td>\n<\/tr>\n<\/table>\n","protected":false},"excerpt":{"rendered":"<p>HIRDET\u00c9SEK H\u00daSV\u00c9T 5. VAS\u00c1RNAP (m\u00e1jus 19.) 1. Ma 19 \u00f3r\u00e1t\u00f3l T\u00f3th J. Mikl\u00f3s, mogyor\u00f3di pl\u00e9b\u00e1nos ad j\u00f3t\u00e9konys\u00e1gi orgonakoncertet templomunkban. M\u0171sora a hirdet\u0151n olvashat\u00f3. 2. H\u00e9tf\u0151n 18 \u00f3r\u00e1t\u00f3l FILMKLUB lesz a Szent J\u00f3zsef Gimn\u00e1zium d\u00edszterm\u00e9ben (2. emelet). Megn\u00e9zz\u00fck a A VISK\u00d3 c. amerikai filmet. A filmn\u00e9z\u00e9st besz\u00e9lget\u00e9s k\u00f6veti a l\u00e1tottakr\u00f3l. 3. Kedden \u00e9rkezik hozz\u00e1nk R\u00f3m\u00e1b\u00f3l a &hellip; <a href=\"https:\/\/szentannaplebania.dnyem.hu\/?p=1943\" class=\"more-link\"><span class=\"screen-reader-text\">19 May, 2019 09:07<\/span> r\u00e9szletei&#8230;<\/a><\/p>\n","protected":false},"author":2,"featured_media":0,"comment_status":"closed","ping_status":"open","sticky":false,"template":"","format":"standard","meta":{"_jetpack_memberships_contains_paid_content":false,"footnotes":""},"categories":[15],"tags":[],"class_list":["post-1943","post","type-post","status-publish","format-standard","hentry","category-hirdetesek"],"jetpack_featured_media_url":"","jetpack_shortlink":"https:\/\/wp.me\/p9doK4-vl","jetpack_sharing_enabled":true,"_links":{"self":[{"href":"https:\/\/szentannaplebania.dnyem.hu\/index.php?rest_route=\/wp\/v2\/posts\/1943","targetHints":{"allow":["GET"]}}],"collection":[{"href":"https:\/\/szentannaplebania.dnyem.hu\/index.php?rest_route=\/wp\/v2\/posts"}],"about":[{"href":"https:\/\/szentannaplebania.dnyem.hu\/index.php?rest_route=\/wp\/v2\/types\/post"}],"author":[{"embeddable":true,"href":"https:\/\/szentannaplebania.dnyem.hu\/index.php?rest_route=\/wp\/v2\/users\/2"}],"replies":[{"embeddable":true,"href":"https:\/\/szentannaplebania.dnyem.hu\/index.php?rest_route=%2Fwp%2Fv2%2Fcomments&post=1943"}],"version-history":[{"count":0,"href":"https:\/\/szentannaplebania.dnyem.hu\/index.php?rest_route=\/wp\/v2\/posts\/1943\/revisions"}],"wp:attachment":[{"href":"https:\/\/szentannaplebania.dnyem.hu\/index.php?rest_route=%2Fwp%2Fv2%2Fmedia&parent=1943"}],"wp:term":[{"taxonomy":"category","embeddable":true,"href":"https:\/\/szentannaplebania.dnyem.hu\/index.php?rest_route=%2Fwp%2Fv2%2Fcategories&post=1943"},{"taxonomy":"post_tag","embeddable":true,"href":"https:\/\/szentannaplebania.dnyem.hu\/index.php?rest_route=%2Fwp%2Fv2%2Ftags&post=1943"}],"curies":[{"name":"wp","href":"https:\/\/api.w.org\/{rel}","templated":true}]}}