{"id":1972,"date":"2019-09-07T17:29:08","date_gmt":"2019-09-07T15:29:08","guid":{"rendered":"http:\/\/szentannaplebania.dnyem.hu\/?p=1972"},"modified":"2019-09-07T17:29:08","modified_gmt":"2019-09-07T15:29:08","slug":"7-september-2019-1729","status":"publish","type":"post","link":"https:\/\/szentannaplebania.dnyem.hu\/?p=1972","title":{"rendered":"7 September, 2019 17:29"},"content":{"rendered":"<p><strong>HIRDET\u00c9SEK AZ \u00c9VK\u00d6ZI 23. VAS\u00c1RNAP<\/strong> (szept. 8.)<\/p>\n<p>1. <strong>Kedden, szept. 10-\u00e9n megkezd\u0151dik a katekumen\u00e1tus<\/strong> az esti szentmise ut\u00e1n a 6. teremben. Mindenki megh\u00edvott, aki katolikus kereszt\u00e9ny akar lenni; aki b\u00e1r megkeresztelt, de a t\u00f6bbi szents\u00e9gben m\u00e9g nem r\u00e9szes\u00fclt \u00e9s aki a katolikus egyh\u00e1zzal teljes k\u00f6z\u00f6ss\u00e9gre k\u00edv\u00e1n l\u00e9pni, azaz katoliz\u00e1lni szeretne.<\/p>\n<p>2. <strong>P\u00e9nteken, szept. 13-\u00e1n<\/strong> kezd\u0151dik a templomi hitoktat\u00e1s, amelynek beoszt\u00e1sa olvashat\u00f3 a hirdet\u0151n.<\/p>\n<p>3. <strong>Szombaton biciklikir\u00e1ndul\u00e1sra indulunk Sz\u00e9kelyh\u00eddra <\/strong>a D\u00e9vai Szent Ferenc Alap\u00edtv\u00e1ny \u00e1ltal m\u0171k\u00f6dtetett Gyermek J\u00e9zus Otthonba. Gy\u00fclekez\u0151 7.15-t\u0151l a Szent J\u00f3zsef Gimn\u00e1zium el\u0151tt \u00e9s <strong>indul\u00e1s<\/strong>:<strong> 7.30-kor<\/strong>. Vissza kb. 18:30-ra \u00e9rkez\u00fcnk. B\u0151vebb tudnival\u00f3 olbashat\u00f3 a hirdet\u0151n.<\/p>\n<p>A gyermekek kedv\u00e9ben j\u00e1rhatunk iskolaszerek (iskolat\u00e1ska, tolltart\u00f3 stb.) aj\u00e1nd\u00e9koz\u00e1s\u00e1val. Az otthonnak legnagyobb sz\u00fcks\u00e9ge tiszt\u00edt\u00f3szerekre van (domestos, folttiszt\u00edt\u00f3, mos\u00f3- \u00e9s mosogat\u00f3szer).<\/p>\n<p>4. H\u00edvom \u00e9s v\u00e1rom az \u00e9nekes kedv\u0171 gyermekeket \u00e9s bar\u00e1taikat a <strong>Sz\u00e9kesegyh\u00e1zi Gyermekszk\u00f3l\u00e1ba<\/strong>. A kedves gyermeknevel\u0151 sz\u00fcl\u0151k \u00f6szt\u00f6n\u00f6zz\u00e9k gyermekeiket a r\u00e9szv\u00e9telre. A pr\u00f3b\u00e1k szeptember 21-\u00e9n kezd\u0151dnek el szombatonk\u00e9nt 9 \u00f3r\u00e1t\u00f3l. El\u0151zetes jelentkez\u00e9s sz\u00fcks\u00e9ges a sekresty\u00e9ben a n\u00e9v \u00e9s el\u00e9rhet\u0151s\u00e9gek megad\u00e1s\u00e1val.<\/p>\n<p>5. A <strong>Biblia-\u00f3ra holnaphoz egy h\u00e9tre, szept. 16-t\u00f3l <\/strong>veszi kezdet\u00e9t az esti szentmise ut\u00e1n a 7. teremben. Mindenki megh\u00edvott, aki v\u00e1gyakozik arra, hogy az Evang\u00e9lium f\u00e9ny\u00e9ben l\u00e1ssa \u00e9s alak\u00edtsa \u00e9let\u00e9t.<\/p>\n<p>6. Szept. 21-\u00e9n lesz Budapesten 15 \u00e9s 30 \u00e9v k\u00f6z\u00f6tti fiatalok sz\u00e1m\u00e1ra <strong>Forr\u00e1sPont \u2013 Ifj\u00fas\u00e1gi Eucharisztikus nap. <\/strong>Az utaz\u00e1s \u00e9s a r\u00e9szv\u00e9tel ingyenes. Indul\u00e1s: 10:00 \u00f3rakor, a Svetits Int\u00e9zet el\u0151l. \u00c9rkez\u00e9s: 23:00 \u2013 23:30 k\u00f6z\u00f6tt.<strong> Miel\u0151bbi jelentkez\u00e9st k\u00e9rek legk\u00e9s\u0151bb szept. 15-ig.<\/strong><\/p>\n<p>7. <strong>Minden katolikus h\u00e1ztart\u00e1sban legyen Debreceni Katolikus Figyel\u0151!<\/strong> Ezzel a mott\u00f3val elvihet\u0151 az \u00fajs\u00e1gos polcr\u00f3l 100 Ft-os (\u00f6nk\u00f6lts\u00e9gi) \u00e1ron egyh\u00e1zk\u00f6zs\u00e9g\u00fcnk kiadv\u00e1ny\u00e1nak leg\u00fajabb sz\u00e1ma. Megtal\u00e1lhat\u00f3 benne a templomi gyermek- \u00e9s ifj\u00fas\u00e1gi hitoktat\u00e1s, valamint a feln\u0151ttk\u00e9pz\u00e9s rendje.<\/p>\n<p>8. A j\u00fan. 16-t\u00f3l szept. 1-ig megtartott ny\u00e1ri ministr\u00e1nsversenybe 20 gyermek kapcsol\u00f3dott be. K\u00f6z\u00fcl\u00fck 3. helyezett: BARANYA GERGELY (11 alkalommal); 2. helyezett: \u00daJLAK\u00c1N ZOLT\u00c1N (12 alkalommal) \u00e9s 1. helyezettek BARANYA TAM\u00c1S \u00e9s GYARMATI BAL\u00c1ZS (13-13 alkalommal). Odaad\u00e1suk\u00e9rt k\u00f6sz\u00f6net illeti \u0151ket. Szorgalmuk j\u00f3 p\u00e9ldaad\u00e1sul szolg\u00e1l gyermekeinknek.<\/p>\n<p>9. <strong>E h\u00e9t liturgikus eml\u00e9knapjai:<\/strong> cs\u00fct\u00f6rt\u00f6k\u00f6n Sz\u0171z M\u00e1ria szent neve, p\u00e9nteken Aranysz\u00e1j\u00fa Szt. J\u00e1nos p\u00fcsp\u00f6k \u00e9s egyh\u00e1ztan\u00edt\u00f3 eml\u00e9knapja, szombaton Szt. Kereszt felmagasztal\u00e1s\u00e1nak \u00fcnnepe.<\/p>\n<table>\n<tr>\n<td><a href=\"https:\/\/www.avast.com\/sig-email?utm_medium=email&amp;utm_source=link&amp;utm_campaign=sig-email&amp;utm_content=webmail\"><img loading=\"lazy\" decoding=\"async\" src=\"https:\/\/ipmcdn.avast.com\/images\/icons\/icon-envelope-tick-round-orange-animated-no-repeat-v1.gif\" alt=\"\" width=\"46\" height=\"29\" \/><\/a><\/td>\n<td>Mentes a v\u00edrusokt\u00f3l. <a href=\"https:\/\/www.avast.com\/sig-email?utm_medium=email&amp;utm_source=link&amp;utm_campaign=sig-email&amp;utm_content=webmail\">www.avast.com<\/a><\/td>\n<\/tr>\n<\/table>\n","protected":false},"excerpt":{"rendered":"<p>HIRDET\u00c9SEK AZ \u00c9VK\u00d6ZI 23. VAS\u00c1RNAP (szept. 8.) 1. Kedden, szept. 10-\u00e9n megkezd\u0151dik a katekumen\u00e1tus az esti szentmise ut\u00e1n a 6. teremben. Mindenki megh\u00edvott, aki katolikus kereszt\u00e9ny akar lenni; aki b\u00e1r megkeresztelt, de a t\u00f6bbi szents\u00e9gben m\u00e9g nem r\u00e9szes\u00fclt \u00e9s aki a katolikus egyh\u00e1zzal teljes k\u00f6z\u00f6ss\u00e9gre k\u00edv\u00e1n l\u00e9pni, azaz katoliz\u00e1lni szeretne. 2. P\u00e9nteken, szept. 13-\u00e1n kezd\u0151dik &hellip; <a href=\"https:\/\/szentannaplebania.dnyem.hu\/?p=1972\" class=\"more-link\"><span class=\"screen-reader-text\">7 September, 2019 17:29<\/span> r\u00e9szletei&#8230;<\/a><\/p>\n","protected":false},"author":2,"featured_media":0,"comment_status":"closed","ping_status":"open","sticky":false,"template":"","format":"standard","meta":{"_jetpack_memberships_contains_paid_content":false,"footnotes":""},"categories":[15],"tags":[],"class_list":["post-1972","post","type-post","status-publish","format-standard","hentry","category-hirdetesek"],"jetpack_featured_media_url":"","jetpack_shortlink":"https:\/\/wp.me\/p9doK4-vO","jetpack_sharing_enabled":true,"_links":{"self":[{"href":"https:\/\/szentannaplebania.dnyem.hu\/index.php?rest_route=\/wp\/v2\/posts\/1972","targetHints":{"allow":["GET"]}}],"collection":[{"href":"https:\/\/szentannaplebania.dnyem.hu\/index.php?rest_route=\/wp\/v2\/posts"}],"about":[{"href":"https:\/\/szentannaplebania.dnyem.hu\/index.php?rest_route=\/wp\/v2\/types\/post"}],"author":[{"embeddable":true,"href":"https:\/\/szentannaplebania.dnyem.hu\/index.php?rest_route=\/wp\/v2\/users\/2"}],"replies":[{"embeddable":true,"href":"https:\/\/szentannaplebania.dnyem.hu\/index.php?rest_route=%2Fwp%2Fv2%2Fcomments&post=1972"}],"version-history":[{"count":0,"href":"https:\/\/szentannaplebania.dnyem.hu\/index.php?rest_route=\/wp\/v2\/posts\/1972\/revisions"}],"wp:attachment":[{"href":"https:\/\/szentannaplebania.dnyem.hu\/index.php?rest_route=%2Fwp%2Fv2%2Fmedia&parent=1972"}],"wp:term":[{"taxonomy":"category","embeddable":true,"href":"https:\/\/szentannaplebania.dnyem.hu\/index.php?rest_route=%2Fwp%2Fv2%2Fcategories&post=1972"},{"taxonomy":"post_tag","embeddable":true,"href":"https:\/\/szentannaplebania.dnyem.hu\/index.php?rest_route=%2Fwp%2Fv2%2Ftags&post=1972"}],"curies":[{"name":"wp","href":"https:\/\/api.w.org\/{rel}","templated":true}]}}