{"id":1975,"date":"2019-09-20T13:59:53","date_gmt":"2019-09-20T11:59:53","guid":{"rendered":"http:\/\/szentannaplebania.dnyem.hu\/?p=1975"},"modified":"2019-09-20T13:59:53","modified_gmt":"2019-09-20T11:59:53","slug":"szekelyhid-a-szeretet-otthona","status":"publish","type":"post","link":"https:\/\/szentannaplebania.dnyem.hu\/?p=1975","title":{"rendered":"Sz\u00e9kelyh\u00edd, a szeretet otthona"},"content":{"rendered":"<p>A debreceni Szent Anna Egyh\u00e1zk\u00f6zs\u00e9g biciklis t\u00far\u00e1t szervezett Sz\u00e9kelyh\u00eddra, a Stubenberg-kast\u00e9lyban elhelyezett Gyermek J\u00e9zus Gyermekotthonba. A t\u00fara 88 kilom\u00e9ter volt \u00f6sszesen, amely el\u0151sz\u00f6r soknak t\u0171nt, de a tudat, hogy szeg\u00e9ny sors\u00fa gyerekhez megy\u00fcnk l\u00e1togat\u00f3ba, \u00e9s visz\u00fcnk n\u00e9mi adom\u00e1nyt, fel\u00fcl\u00edrt mindent. Zolt\u00e1n atya vezet\u00e9s\u00e9vel huszonketten nekiv\u00e1gtunk a hossz\u00fa \u00fatnak.<\/p>\n<p><a href=\"http:\/\/szentannaplebania.dnyem.hu\/wp-content\/uploads\/1.jpg\"><img loading=\"lazy\" decoding=\"async\" class=\"aligncenter size-large wp-image-1976\" src=\"http:\/\/szentannaplebania.dnyem.hu\/wp-content\/uploads\/1-1024x499.jpg\" alt=\"\" width=\"660\" height=\"322\" srcset=\"https:\/\/szentannaplebania.dnyem.hu\/wp-content\/uploads\/1-1024x499.jpg 1024w, https:\/\/szentannaplebania.dnyem.hu\/wp-content\/uploads\/1-300x146.jpg 300w, https:\/\/szentannaplebania.dnyem.hu\/wp-content\/uploads\/1-768x374.jpg 768w, https:\/\/szentannaplebania.dnyem.hu\/wp-content\/uploads\/1.jpg 1529w\" sizes=\"auto, (max-width: 660px) 100vw, 660px\" \/><\/a><\/p>\n<p>&nbsp;<\/p>\n<p>Amikor Csaba testv\u00e9r\u00fcnk felh\u00edvta a sz\u00e9kelyh\u00eddi gyermekotthon vezet\u0151j\u00e9t, hogy hamarosan meg\u00e9rkez\u00fcnk a hat\u00e1rhoz, \u00fcdvrivalg\u00e1s t\u00f6rt ki a gyerekek k\u00f6z\u00f6tt. Rejt\u00e9ly, hogy mit \u00e9rezhettek mindek\u00f6zben, de mi tudtuk, hogy m\u00e1r nagyon v\u00e1rnak benn\u00fcnket. Az otthon lak\u00f3i k\u00f6z\u00fcl n\u00e9h\u00e1nyan nevel\u0151ik k\u00eds\u00e9ret\u00e9ben el\u00e9nk j\u00f6ttek hat\u00e1rhoz, hogy min\u00e9l hamarabb fogadni tudjanak benn\u00fcnket, \u00e9s onnan ker\u00e9kp\u00e1rozzanak vel\u00fcnk Sz\u00e9kelyh\u00eddra.<\/p>\n<p>Amint meg\u00e9rkezt\u00fcnk a hat\u00e1r menti kis pihen\u0151h\u00f6z, a gyerekek izgatottan, \u00e1m visszafogottan \u00fcdv\u00f6z\u00f6ltek benn\u00fcnket. Volt aki bemutatkozott, volt aki csak a t\u00e1rsai mell\u0151l figyelt, \u00e9s volt olyan, aki a kukoric\u00e1sban tal\u00e1lt szederrel k\u00edn\u00e1lt benn\u00fcnket. A helyzet sz\u00e1munkra tal\u00e1n idegenebb volt, de miut\u00e1n elindultunk a k\u00f6z\u00f6s \u00faton megny\u00edltunk egym\u00e1s fel\u00e9.<\/p>\n<p>Egy f\u00e9l \u00f3r\u00e1s \u00fat ut\u00e1n meg\u00e9rkezt\u00fcnk a gyermekotthonhoz. M\u00e9g le sem tettem a biciklimet, a kisl\u00e1ny, akivel egy\u00fctt j\u00f6ttem a hat\u00e1rt\u00f3l, m\u00e1ris k\u00e9zen ragadott \u00e9s a trambulin fel\u00e9 vonszolt. <em>\u201eGyere, gyere, megmutatom milyen l\u00e1bra szalt\u00f3t tudok ugrani!\u201d <\/em>\u00c9s val\u00f3ban, csak t\u00e1tottam a sz\u00e1mat, milyen \u00fcgyesen ugrott. Nem telt bele egy perc sem, sorra j\u00f6tt a t\u00f6bbi kisgyerek, hogy \u0151k is vel\u00fcnk j\u00e1tszhassanak az ugr\u00e1l\u00f3n. Itt hamarosan vita alakult ki, hogy ki menjen fel a trambulinra j\u00e1tszani, annyira izgatottak lettek az \u00e9rkez\u00e9s\u00fcnk miatt. Azt\u00e1n egy sr\u00e1c a m\u00e1sz\u00f3k\u00e1hoz h\u00edvott, ahol er\u0151gyakorlatot mutatott be nekem, hogy l\u00e1ssam, \u0151t is kem\u00e9ny f\u00e1b\u00f3l faragt\u00e1k, de sok\u00e1ig nem tudtam ott maradni vele, mert m\u00e1r a nevemet skand\u00e1lt\u00e1k a trambulinr\u00f3l, ahova vissza\u00e9rve egy l\u00e1ny s\u00fctit nyomott a kezembe \u00e9s m\u00e9g k\u00edn\u00e1lt egy m\u00e1sikkal is. Ahogy tele sz\u00e1jjal fordultam, megjelent egy sz\u0151ke kisfi\u00fa focilabd\u00e1val a kez\u00e9be, de l\u00e1tv\u00e1n, hogy \u00e9pp eszek, hagyta, hogy befejezzem. A gyerekek \u00f6szt\u00f6n\u00f6sen kerest\u00e9k a kapcsol\u00f3d\u00e1s lehet\u0151s\u00e9g\u00e9t, v\u00e1gytak az \u00faj t\u00e1rsas\u00e1gra. \u00c9s ez a \u00f6szt\u00f6n fel\u00fcl\u00edr mindent. Kit\u00f6rt bel\u0151l\u00fck az a hajthatatlan v\u00e1gy, ami a szeretet forr\u00e1s\u00e1b\u00f3l inni k\u00e9r. \u00c9s ezek a gyerekek folyamatosan szomjaznak \u00e9s inni k\u00e9rnek.<\/p>\n<p>R\u00f6vid id\u0151 eltelt\u00e9vel r\u00e9szt vett\u00fcnk a szentmis\u00e9n, melyet a gyermekotthon melletti templomban tartott Bal\u00e1zs atya, aki szint\u00e9n vel\u00fcnk tartott aznap. H\u00e1rom gyerekkel l\u00e9ptem be a templom ajtaj\u00e1n, ketten a kezemet fogt\u00e1k. Egy\u00fctt let\u00e9rdelt\u00fcnk, keresztet vetett\u00fcnk, \u00e9s \u00fcl\u0151helyet keresve a f\u00e9lig megtelt k\u00e1poln\u00e1ban az els\u0151 sorba h\u00faztak \u00e9s le\u00fcltettek maguk k\u00f6z\u00e9.<\/p>\n<p>Egy eleven 5 \u00e9vesnek neh\u00e9z csendben v\u00e9gig\u00fclni egy szertart\u00e1st, de p\u00e1r sz\u00e9p sz\u00f3 hat\u00e1s\u00e1ra csendben maradtak a j\u00f3l nevelt kicsik. Ut\u00e1noztak, n\u00e9zt\u00e9k mit csin\u00e1lok, tanultak.<\/p>\n<p>Mise ut\u00e1n szabad foglalkoz\u00e1s volt, p\u00e1ran focizni ment\u00fcnk, \u00edgy t\u00f6bben is bekapcsol\u00f3dhattak a k\u00f6z\u00f6s j\u00e1t\u00e9kba. Voltak akik k\u00f6rbej\u00e1rt\u00e1k az \u00e9p\u00fcletet, hiszen az otthon lak\u00f3i egy elhagyatott kast\u00e9lyban kaptak helyet Sz\u00e9kelyh\u00eddon. A szabadfoglalkoz\u00e1s ut\u00e1n k\u00e9sz\u00edtett\u00fcnk egy csoportk\u00e9pet az otthon lak\u00f3ival \u00e9s nevel\u0151ivel. Amikor ott \u00fclt\u00fcnk \u00e9s v\u00e1rtunk a t\u00f6bbiekre, sz\u00f3ba ker\u00fclt, hogy hamarosan indulunk haza. Gyurika, a z\u00f6ld p\u00f3l\u00f3s kisfi\u00fa mellettem \u00fclt, \u00e9s az el\u0151z\u0151 szavak hallat\u00e1n ijedt fejjel fel\u00e9m fordult \u00e9s megk\u00e9rdezte: \u201e<em>Ugye, nem fogsz hazamenni?<\/em>\u201d \u2013 \u201c<em>Nem, m\u00e9g nem<\/em>.\u201d \u2013 v\u00e1laszoltam mosolyogva. Ezt nyugt\u00e1zva \u0151 is elmosolyodott, \u00e9s v\u00e1rtuk a t\u00f6bbieket.<\/p>\n<p><a href=\"http:\/\/szentannaplebania.dnyem.hu\/wp-content\/uploads\/2.jpg\"><img loading=\"lazy\" decoding=\"async\" class=\"aligncenter size-large wp-image-1977\" src=\"http:\/\/szentannaplebania.dnyem.hu\/wp-content\/uploads\/2-1024x497.jpg\" alt=\"\" width=\"660\" height=\"320\" srcset=\"https:\/\/szentannaplebania.dnyem.hu\/wp-content\/uploads\/2.jpg 1024w, https:\/\/szentannaplebania.dnyem.hu\/wp-content\/uploads\/2-300x146.jpg 300w, https:\/\/szentannaplebania.dnyem.hu\/wp-content\/uploads\/2-768x373.jpg 768w\" sizes=\"auto, (max-width: 660px) 100vw, 660px\" \/><\/a><\/p>\n<p>&nbsp;<\/p>\n<p>Z\u00e1r\u00f3 programk\u00e9nt a szervezet \u00e1ltal m\u0171k\u00f6dtetett strandra ment\u00fcnk, ami a kast\u00e9lyt\u00f3l 15 perc s\u00e9t\u00e1ra van. A biciklinket tolva a gyerekek izgalomba j\u00f6ttek, \u00e9s sorra k\u00e9rt\u00e9k, hogy hadd \u00fcljenek fel \u00e9s toljuk \u0151ket. Minden apr\u00f3 alkalmat megragadtak, hogy egy kis sz\u00edn ker\u00fclj\u00f6n az \u00e9let\u00fckbe. A strandra \u00e9rve minden gyerek izgatottan futott a v\u00edzbe, mire levettem a cip\u0151m m\u00e1r mindenki bent j\u00e1tszott. A gyerekek hol a feln\u0151ttek nyak\u00e1ban, hol az \u00f6l\u00e9ben k\u00f6t\u00f6ttek ki, keresve a k\u00f6t\u0151d\u00e9st mindannyiunkkal. K\u00f6zeledve a z\u00e1r\u00f3r\u00e1hoz egy-k\u00e9t gyerek arc\u00e1n l\u00e1tni lehetett a lehangolts\u00e1got, hogy m\u00e1ris v\u00e9ge a napnak, \u00e9s hamarosan visszaindulunk. Gyurika, az 5 \u00e9ves kisfi\u00fa pedig er\u0151sen a kezembe csapott vigyorogva, \u00e9s megk\u00e9rdezte: \u201c<em>Ugye l\u00e1tlak m\u00e9g?\u201d \u2013 \u201cH\u00e1t hogyne!\u201c \u2013<\/em> v\u00e1laszoltam, \u00e9s tudtam, hogy nekem itt m\u00e9g lesz dolgom.<\/p>\n<p>&nbsp;<\/p>\n<p><a href=\"http:\/\/szentannaplebania.dnyem.hu\/wp-content\/uploads\/3.jpg\"><img loading=\"lazy\" decoding=\"async\" class=\"aligncenter size-large wp-image-1978\" src=\"http:\/\/szentannaplebania.dnyem.hu\/wp-content\/uploads\/3-1024x498.jpg\" alt=\"\" width=\"660\" height=\"321\" srcset=\"https:\/\/szentannaplebania.dnyem.hu\/wp-content\/uploads\/3-1024x498.jpg 1024w, https:\/\/szentannaplebania.dnyem.hu\/wp-content\/uploads\/3-300x146.jpg 300w, https:\/\/szentannaplebania.dnyem.hu\/wp-content\/uploads\/3-768x373.jpg 768w, https:\/\/szentannaplebania.dnyem.hu\/wp-content\/uploads\/3.jpg 1346w\" sizes=\"auto, (max-width: 660px) 100vw, 660px\" \/><\/a><\/p>\n<p><strong>Sz\u00e9kelyh\u00edd, a szeretet otthona<\/strong><\/p>\n<p>Mindenki nev\u00e9ben b\u00e1tran kijelenthetem, hogy csod\u00e1latos napnak lehett\u00fcnk r\u00e9szesei, amely ezeknek a gyerekeknek k\u00f6sz\u00f6nhet\u0151, hiszen mosolyt csaltak az arcunkra, \u00e9s melegs\u00e9get hoztak a sz\u00edv\u00fcnkbe. Ezek a gyerekek \u00f6szt\u00f6n\u00f6sen l\u00e1tt\u00e1k meg benn\u00fcnk a feln\u0151tt t\u00e1rsat, akit megismerhetnek, akivel j\u00e1tszhatnak, akit\u0151l tanulhatnak. Ez az olthatatlan szomj\u00fas\u00e1g sok\u00e1ig ott lesz m\u00e9g benn\u00fck, amelynek csillap\u00edt\u00e1s\u00e1t nemes feladat elv\u00e1llalni.<\/p>\n<p>&nbsp;<\/p>\n<p>Szab\u00f3 D\u00e1vid<\/p>\n","protected":false},"excerpt":{"rendered":"<p>A debreceni Szent Anna Egyh\u00e1zk\u00f6zs\u00e9g biciklis t\u00far\u00e1t szervezett Sz\u00e9kelyh\u00eddra, a Stubenberg-kast\u00e9lyban elhelyezett Gyermek J\u00e9zus Gyermekotthonba. A t\u00fara 88 kilom\u00e9ter volt \u00f6sszesen, amely el\u0151sz\u00f6r soknak t\u0171nt, de a tudat, hogy szeg\u00e9ny sors\u00fa gyerekhez megy\u00fcnk l\u00e1togat\u00f3ba, \u00e9s visz\u00fcnk n\u00e9mi adom\u00e1nyt, fel\u00fcl\u00edrt mindent. Zolt\u00e1n atya vezet\u00e9s\u00e9vel huszonketten nekiv\u00e1gtunk a hossz\u00fa \u00fatnak. &nbsp; Amikor Csaba testv\u00e9r\u00fcnk felh\u00edvta a sz\u00e9kelyh\u00eddi &hellip; <a href=\"https:\/\/szentannaplebania.dnyem.hu\/?p=1975\" class=\"more-link\"><span class=\"screen-reader-text\">Sz\u00e9kelyh\u00edd, a szeretet otthona<\/span> r\u00e9szletei&#8230;<\/a><\/p>\n","protected":false},"author":2,"featured_media":0,"comment_status":"closed","ping_status":"open","sticky":false,"template":"","format":"standard","meta":{"_jetpack_memberships_contains_paid_content":false,"footnotes":""},"categories":[18],"tags":[],"class_list":["post-1975","post","type-post","status-publish","format-standard","hentry","category-beszamolok"],"jetpack_featured_media_url":"","jetpack_shortlink":"https:\/\/wp.me\/p9doK4-vR","jetpack_sharing_enabled":true,"_links":{"self":[{"href":"https:\/\/szentannaplebania.dnyem.hu\/index.php?rest_route=\/wp\/v2\/posts\/1975","targetHints":{"allow":["GET"]}}],"collection":[{"href":"https:\/\/szentannaplebania.dnyem.hu\/index.php?rest_route=\/wp\/v2\/posts"}],"about":[{"href":"https:\/\/szentannaplebania.dnyem.hu\/index.php?rest_route=\/wp\/v2\/types\/post"}],"author":[{"embeddable":true,"href":"https:\/\/szentannaplebania.dnyem.hu\/index.php?rest_route=\/wp\/v2\/users\/2"}],"replies":[{"embeddable":true,"href":"https:\/\/szentannaplebania.dnyem.hu\/index.php?rest_route=%2Fwp%2Fv2%2Fcomments&post=1975"}],"version-history":[{"count":1,"href":"https:\/\/szentannaplebania.dnyem.hu\/index.php?rest_route=\/wp\/v2\/posts\/1975\/revisions"}],"predecessor-version":[{"id":1979,"href":"https:\/\/szentannaplebania.dnyem.hu\/index.php?rest_route=\/wp\/v2\/posts\/1975\/revisions\/1979"}],"wp:attachment":[{"href":"https:\/\/szentannaplebania.dnyem.hu\/index.php?rest_route=%2Fwp%2Fv2%2Fmedia&parent=1975"}],"wp:term":[{"taxonomy":"category","embeddable":true,"href":"https:\/\/szentannaplebania.dnyem.hu\/index.php?rest_route=%2Fwp%2Fv2%2Fcategories&post=1975"},{"taxonomy":"post_tag","embeddable":true,"href":"https:\/\/szentannaplebania.dnyem.hu\/index.php?rest_route=%2Fwp%2Fv2%2Ftags&post=1975"}],"curies":[{"name":"wp","href":"https:\/\/api.w.org\/{rel}","templated":true}]}}