{"id":2005,"date":"2019-09-29T21:02:22","date_gmt":"2019-09-29T19:02:22","guid":{"rendered":"http:\/\/szentannaplebania.dnyem.hu\/?p=2005"},"modified":"2019-09-29T21:02:22","modified_gmt":"2019-09-29T19:02:22","slug":"29-september-2019-2102","status":"publish","type":"post","link":"https:\/\/szentannaplebania.dnyem.hu\/?p=2005","title":{"rendered":"29 September, 2019 21:02"},"content":{"rendered":"<p><strong>HIRDET\u00c9SEK AZ \u00c9VK\u00d6ZI 26. VAS\u00c1RNAP<\/strong> (szept. 29.)<\/p>\n<p>1. Kedden kezdet\u00e9t veszi <strong>okt\u00f3ber, a r\u00f3zsaf\u00fcz\u00e9r h\u00f3napja<\/strong>. Reggel 0730-kor \u00e9s az esti szentmis\u00e9k el\u0151tt 1730-t\u00f3l im\u00e1dkozzuk a r\u00f3zsaf\u00fcz\u00e9rt. Egy-egy nap az esti r\u00f3zsaf\u00fcz\u00e9r-im\u00e1dkoz\u00e1st vezetheti egy-egy csal\u00e1d. A megfelel\u0151 naphoz feliratkozhatnak a sekresty\u00e9ben.<\/p>\n<p>Teljes b\u00facs\u00fat nyerhet az a h\u00edv\u0151, aki a r\u00f3zsaf\u00fcz\u00e9rt templomban vagy k\u00e1poln\u00e1ban, csal\u00e1dban vagy j\u00e1mbor sz\u00e1nd\u00e9kkal egy\u00fcttl\u00e9v\u0151k k\u00f6z\u00f6ss\u00e9g\u00e9ben elim\u00e1dkozza.<\/p>\n<p>2. <strong>Els\u0151cs\u00fct\u00f6rt\u00f6k\u00f6n<\/strong> eg\u00e9sz napos szents\u00e9gim\u00e1d\u00e1s lesz 18 \u00f3r\u00e1ig.<\/p>\n<p>3. <strong>Els\u0151p\u00e9nteken<\/strong>, a J\u00e9zus Sz\u00edve-tisztelet napj\u00e1n megl\u00e1togatjuk betegeinket, akik otthonukban akarj\u00e1k szentgy\u00f3n\u00e1sukat \u00e9s \u2013\u00e1ldoz\u00e1sukat elv\u00e9gezni.<\/p>\n<p>Az esti szentmise ut\u00e1n pedig, 18:45-t\u0151l, <strong>Pi\u00f3 atya le\u00e1nyai elnevez\u00e9ssel<\/strong> hitelm\u00e9ly\u00edt\u0151 tal\u00e1lkoz\u00e1sra: N\u0151i K\u00f6rbe h\u00edvom \u00e9s v\u00e1rom az asszonyokat \u00e9s feln\u0151tt l\u00e1nyokat. Fels\u0151 korhat\u00e1r nincs. Az 5. teremben fogunk gy\u00fclekezni. \u00d6sszej\u00f6vetel\u00fcnket szer\u00e9ny agap\u00e9val z\u00e1rjuk.<\/p>\n<p>4. <strong>Szombaton csal\u00e1di napra \u00e9s sz\u00fcret<\/strong>re h\u00edvom \u00e9s v\u00e1rom fiataljainkat, hittanos gyermekeinket, testv\u00e9reiket \u00e9s sz\u00fcleiket Pallagra az Agr\u00e1r Tangazdas\u00e1g\u00e1nak sz\u0151l\u0151j\u00e9be. Kijuthatnak csal\u00e1dilag g\u00e9pkocsival, aut\u00f3busszal vagy ker\u00e9kp\u00e1rral. A biciklisek f\u00e9l 9-kor indulnak a sz\u00e9kesegyh\u00e1z el\u0151l. F\u00e9l 10-kor kezdj\u00fck a sz\u00fcretet<strong>. <\/strong>A szervez\u00e9s \u00e9s eb\u00e9deltet\u00e9s megk\u00f6nny\u00edt\u00e9se \u00e9rdek\u00e9ben feliratkoz\u00e1ssal lehet jelentkezni a sz\u00fcretre <strong>legk\u00e9s\u0151bb okt\u00f3ber 2-ig<\/strong>. A r\u00e9sztvev\u0151k k\u00e9st vagy metsz\u0151oll\u00f3t hozzanak magukkal.<\/p>\n<p>5. <strong>Okt\u00f3ber 10\u201313. k\u00f6z\u00f6tt<\/strong> rendezik meg <strong>\u201e72 \u00f3ra kompromisszum n\u00e9lk\u00fcl\u201d<\/strong> elnevez\u00e9s\u0171, h\u00e1romnapos \u00f6nk\u00e9ntes ifj\u00fas\u00e1gi akci\u00f3t. Ebben a programban a fiatalokat arra h\u00edvj\u00e1k, hogy egy\u00fctt tegyenek m\u00e1sok\u00e9rt, k\u00f6rnyezet\u00fck\u00e9rt, \u00e9s seg\u00edtsenek ott, ahol sz\u00fcks\u00e9g van r\u00e1juk. A r\u00e9sztvenni akar\u00f3 fiatalok jelentkezhetnek feliratkoz\u00e1ssala sekresty\u00e9ben vagy a pl\u00e9b\u00e1niairod\u00e1n.<\/p>\n<p>6. <strong>E h\u00e9t liturgikus eml\u00e9knapjai<\/strong> h\u00e9tf\u0151n Szt. Jeromos \u00e1ldoz\u00f3pap \u00e9s egyh\u00e1ztan\u00edt\u00f3, kedden a Gyermek J\u00e9zusr\u00f3l nevezett (Lisieux-i) Szt. Ter\u00e9z sz\u0171z \u00e9s egyh\u00e1ztan\u00edt\u00f3, szerd\u00e1n Szent \u0150rz\u0151angyalok \u00e9s p\u00e9nteken Assisi Szent Ferenc eml\u00e9knapja.<\/p>\n<p>M\u00e1hoz egy h\u00e9tre term\u00e9nybetakar\u00edt\u00e1si h\u00e1laad\u00e1st tartunk, \u00e9s 16.30-kor pedig kezd\u0151dik a homokkerti Magyarok Nagyasszonya-k\u00e1polna b\u00facs\u00faja.<\/p>\n<p>7. <strong>2 t\u00e1volabbi hit\u00e9leti program:<\/strong><\/p>\n<p>\u2014 <strong>Nov. 9-\u00e9n<\/strong> 19:00-t\u00f3l <strong>Szt. Erzs\u00e9bet-b\u00e1l<\/strong> lesz a Szt. J\u00f3zsef Gimn\u00e1zium tornaterm\u00e9ben. Mindenki: gyerek, fiatal \u00e9s id\u0151s j\u00f6jj\u00f6n el, \u00e9s legyen r\u00e9szese a b\u00e1li mulatoz\u00e1snak! Becsomagolt tombolat\u00e1rgyak felaj\u00e1nlhat\u00f3k, \u00e9s holnapt\u00f3l leadhat\u00f3k a pl\u00e9b\u00e1ni\u00e1n vagy a sekresty\u00e9ben!<\/p>\n<p>\u2014 Dics\u00e9retes \u00e9s nagyon aj\u00e1nlott \u00e9vente is meg\u00fcnnepelni a h\u00e1zass\u00e1gi \u00e9vfordul\u00f3kat, m\u00e9g ink\u00e1bb a kerek\u00e9ves \u00e9s kiemelten a 25., 50., 60., \u00e9s 65. h\u00e1zass\u00e1gi \u00e9vfordul\u00f3t. <strong>November 23-\u00e1n, szombaton este 6 \u00f3r\u00e1t\u00f3l<\/strong> tartjuk az id\u00e9n jubil\u00e1l\u00f3 h\u00e1zasp\u00e1rok szentmis\u00e9j\u00e9t, akik 5-10-15-20 vagy enn\u00e9l t\u00f6bb \u00e9ve k\u00f6t\u00f6ttek szents\u00e9gi h\u00e1zass\u00e1got. K\u00e9rem ezeknek a h\u00e1zasp\u00e1roknak a jelentkez\u00e9s\u00e9t ak\u00e1r a sekresty\u00e9ben, ak\u00e1r a pl\u00e9b\u00e1niairod\u00e1n.<\/p>\n<table>\n<tr>\n<td><a href=\"https:\/\/www.avast.com\/sig-email?utm_medium=email&amp;utm_source=link&amp;utm_campaign=sig-email&amp;utm_content=webmail\"><img loading=\"lazy\" decoding=\"async\" src=\"https:\/\/ipmcdn.avast.com\/images\/icons\/icon-envelope-tick-round-orange-animated-no-repeat-v1.gif\" alt=\"\" width=\"46\" height=\"29\" \/><\/a><\/td>\n<td>Mentes a v\u00edrusokt\u00f3l. <a href=\"https:\/\/www.avast.com\/sig-email?utm_medium=email&amp;utm_source=link&amp;utm_campaign=sig-email&amp;utm_content=webmail\">www.avast.com<\/a><\/td>\n<\/tr>\n<\/table>\n","protected":false},"excerpt":{"rendered":"<p>HIRDET\u00c9SEK AZ \u00c9VK\u00d6ZI 26. VAS\u00c1RNAP (szept. 29.) 1. Kedden kezdet\u00e9t veszi okt\u00f3ber, a r\u00f3zsaf\u00fcz\u00e9r h\u00f3napja. Reggel 0730-kor \u00e9s az esti szentmis\u00e9k el\u0151tt 1730-t\u00f3l im\u00e1dkozzuk a r\u00f3zsaf\u00fcz\u00e9rt. Egy-egy nap az esti r\u00f3zsaf\u00fcz\u00e9r-im\u00e1dkoz\u00e1st vezetheti egy-egy csal\u00e1d. A megfelel\u0151 naphoz feliratkozhatnak a sekresty\u00e9ben. Teljes b\u00facs\u00fat nyerhet az a h\u00edv\u0151, aki a r\u00f3zsaf\u00fcz\u00e9rt templomban vagy k\u00e1poln\u00e1ban, csal\u00e1dban vagy j\u00e1mbor &hellip; <a href=\"https:\/\/szentannaplebania.dnyem.hu\/?p=2005\" class=\"more-link\"><span class=\"screen-reader-text\">29 September, 2019 21:02<\/span> r\u00e9szletei&#8230;<\/a><\/p>\n","protected":false},"author":2,"featured_media":0,"comment_status":"closed","ping_status":"open","sticky":false,"template":"","format":"standard","meta":{"_jetpack_memberships_contains_paid_content":false,"footnotes":""},"categories":[15],"tags":[],"class_list":["post-2005","post","type-post","status-publish","format-standard","hentry","category-hirdetesek"],"jetpack_featured_media_url":"","jetpack_shortlink":"https:\/\/wp.me\/p9doK4-wl","jetpack_sharing_enabled":true,"_links":{"self":[{"href":"https:\/\/szentannaplebania.dnyem.hu\/index.php?rest_route=\/wp\/v2\/posts\/2005","targetHints":{"allow":["GET"]}}],"collection":[{"href":"https:\/\/szentannaplebania.dnyem.hu\/index.php?rest_route=\/wp\/v2\/posts"}],"about":[{"href":"https:\/\/szentannaplebania.dnyem.hu\/index.php?rest_route=\/wp\/v2\/types\/post"}],"author":[{"embeddable":true,"href":"https:\/\/szentannaplebania.dnyem.hu\/index.php?rest_route=\/wp\/v2\/users\/2"}],"replies":[{"embeddable":true,"href":"https:\/\/szentannaplebania.dnyem.hu\/index.php?rest_route=%2Fwp%2Fv2%2Fcomments&post=2005"}],"version-history":[{"count":0,"href":"https:\/\/szentannaplebania.dnyem.hu\/index.php?rest_route=\/wp\/v2\/posts\/2005\/revisions"}],"wp:attachment":[{"href":"https:\/\/szentannaplebania.dnyem.hu\/index.php?rest_route=%2Fwp%2Fv2%2Fmedia&parent=2005"}],"wp:term":[{"taxonomy":"category","embeddable":true,"href":"https:\/\/szentannaplebania.dnyem.hu\/index.php?rest_route=%2Fwp%2Fv2%2Fcategories&post=2005"},{"taxonomy":"post_tag","embeddable":true,"href":"https:\/\/szentannaplebania.dnyem.hu\/index.php?rest_route=%2Fwp%2Fv2%2Ftags&post=2005"}],"curies":[{"name":"wp","href":"https:\/\/api.w.org\/{rel}","templated":true}]}}