{"id":2006,"date":"2019-10-05T20:28:42","date_gmt":"2019-10-05T18:28:42","guid":{"rendered":"http:\/\/szentannaplebania.dnyem.hu\/?p=2006"},"modified":"2019-10-05T20:28:42","modified_gmt":"2019-10-05T18:28:42","slug":"5-october-2019-2028","status":"publish","type":"post","link":"https:\/\/szentannaplebania.dnyem.hu\/?p=2006","title":{"rendered":"5 October, 2019 20:28"},"content":{"rendered":"<p><strong>HIRDET\u00c9SEK AZ \u00c9VK\u00d6ZI 27. VAS\u00c1RNAP<\/strong> (okt\u00f3ber 6.)<\/p>\n<p>1. Ma term\u00e9nybetakar\u00edt\u00e1si h\u00e1laad\u00e1st tartunk. Els\u0151vas\u00e1rnap l\u00e9v\u00e9n a f\u00e9l 12-es szentmise ut\u00e1n szents\u00e9gim\u00e1d\u00e1sra t\u00e9rhet\u00fcnk be 18 \u00f3r\u00e1ig. A homokkerti Magyarok Nagyasszonya-k\u00e1polna b\u00facs\u00fai szentmis\u00e9je 16:30-kor kezd\u0151dik.<\/p>\n<p>2. Cs\u00fct\u00f6rt\u00f6kt\u0151l vas\u00e1rnapig rendezik meg <strong>\u201e72 \u00f3ra kompromisszum n\u00e9lk\u00fcl\u201d<\/strong> elnevez\u00e9s\u0171, h\u00e1romnapos \u00f6nk\u00e9ntes ifj\u00fas\u00e1gi akci\u00f3t. Ebben a programban a fiatalokat arra h\u00edvj\u00e1k, hogy egy\u00fctt tegyenek m\u00e1sok\u00e9rt, k\u00f6rnyezet\u00fck\u00e9rt, \u00e9s seg\u00edtsenek ott, ahol sz\u00fcks\u00e9g van r\u00e1juk.<\/p>\n<p>3. P\u00e9nteken az esti szentmise ut\u00e1n, 18:45-t\u0151l tartjuk a k\u00f6vetkez\u0151 <strong>f\u00e9rfik\u00f6rt az 5. teremben<\/strong>. H\u00edvom \u00e9s v\u00e1rom egyh\u00e1zk\u00f6zs\u00e9g\u00fcnk f\u00e9rfiait.<\/p>\n<p>4. <strong>E h\u00e9t liturgikus eml\u00e9knapjai<\/strong> h\u00e9tf\u0151n R\u00f3zsaf\u00fcz\u00e9r Kir\u00e1lyn\u0151je eml\u00e9knap, kedden Sz\u0171z M\u00e1ria, Magyarok Nagyasszonya f\u0151\u00fcnnepe \u00e9s cs\u00fct\u00f6rt\u00f6k\u00f6n Szent XXIII. J\u00e1nos p\u00e1pa eml\u00e9knapja. <strong>M\u00e1hoz egy h\u00e9tre, okt\u00f3ber 13-\u00e1n <\/strong>a 18 \u00f3rai szentmis\u00e9n a Dal\u00e1rda fog \u00e9nekelni.<\/p>\n<p>5. <strong>November 23-\u00e1n, szombaton este 6 \u00f3r\u00e1t\u00f3l<\/strong> tartjuk az id\u00e9n jubil\u00e1l\u00f3 h\u00e1zasp\u00e1rok szentmis\u00e9j\u00e9t, akik 5-10-15-20 vagy enn\u00e9l t\u00f6bb \u00e9ve k\u00f6t\u00f6ttek szents\u00e9gi h\u00e1zass\u00e1got.<\/p>\n<p>K\u00e9rem ezeknek a h\u00e1zasp\u00e1roknak a jelentkez\u00e9s\u00e9t ak\u00e1r a sekresty\u00e9ben, ak\u00e1r a pl\u00e9b\u00e1niairod\u00e1n.<\/p>\n<p>6. Okt\u00f3berben reggel 07:30-kor \u00e9s az esti szentmis\u00e9k el\u0151tt 17:30-t\u00f3l im\u00e1dkozzuk a r\u00f3zsaf\u00fcz\u00e9rt. Egy-egy nap esti r\u00f3zsaf\u00fcz\u00e9r-im\u00e1dkoz\u00e1s\u00e1nak vezet\u00e9s\u00e9re k\u00e9rem a Kedves Testv\u00e9rek feliratkoz\u00e1s\u00e1t a sekresty\u00e9ben. Minden nap egy valaki, vagy 2-3-an, vagy ak\u00e1r egy csal\u00e1d is lehet a r\u00f3zsaf\u00fcz\u00e9r elim\u00e1dkoz\u00e1s\u00e1nak felel\u0151s vezet\u0151je.<\/p>\n<table>\n<tr>\n<td><a href=\"https:\/\/www.avast.com\/sig-email?utm_medium=email&amp;utm_source=link&amp;utm_campaign=sig-email&amp;utm_content=webmail\"><img loading=\"lazy\" decoding=\"async\" src=\"https:\/\/ipmcdn.avast.com\/images\/icons\/icon-envelope-tick-round-orange-animated-no-repeat-v1.gif\" alt=\"\" width=\"46\" height=\"29\" \/><\/a><\/td>\n<td>Mentes a v\u00edrusokt\u00f3l. <a href=\"https:\/\/www.avast.com\/sig-email?utm_medium=email&amp;utm_source=link&amp;utm_campaign=sig-email&amp;utm_content=webmail\">www.avast.com<\/a><\/td>\n<\/tr>\n<\/table>\n","protected":false},"excerpt":{"rendered":"<p>HIRDET\u00c9SEK AZ \u00c9VK\u00d6ZI 27. VAS\u00c1RNAP (okt\u00f3ber 6.) 1. Ma term\u00e9nybetakar\u00edt\u00e1si h\u00e1laad\u00e1st tartunk. Els\u0151vas\u00e1rnap l\u00e9v\u00e9n a f\u00e9l 12-es szentmise ut\u00e1n szents\u00e9gim\u00e1d\u00e1sra t\u00e9rhet\u00fcnk be 18 \u00f3r\u00e1ig. A homokkerti Magyarok Nagyasszonya-k\u00e1polna b\u00facs\u00fai szentmis\u00e9je 16:30-kor kezd\u0151dik. 2. Cs\u00fct\u00f6rt\u00f6kt\u0151l vas\u00e1rnapig rendezik meg \u201e72 \u00f3ra kompromisszum n\u00e9lk\u00fcl\u201d elnevez\u00e9s\u0171, h\u00e1romnapos \u00f6nk\u00e9ntes ifj\u00fas\u00e1gi akci\u00f3t. Ebben a programban a fiatalokat arra h\u00edvj\u00e1k, hogy egy\u00fctt &hellip; <a href=\"https:\/\/szentannaplebania.dnyem.hu\/?p=2006\" class=\"more-link\"><span class=\"screen-reader-text\">5 October, 2019 20:28<\/span> r\u00e9szletei&#8230;<\/a><\/p>\n","protected":false},"author":2,"featured_media":0,"comment_status":"closed","ping_status":"open","sticky":false,"template":"","format":"standard","meta":{"_jetpack_memberships_contains_paid_content":false,"footnotes":""},"categories":[15],"tags":[],"class_list":["post-2006","post","type-post","status-publish","format-standard","hentry","category-hirdetesek"],"jetpack_featured_media_url":"","jetpack_shortlink":"https:\/\/wp.me\/p9doK4-wm","jetpack_sharing_enabled":true,"_links":{"self":[{"href":"https:\/\/szentannaplebania.dnyem.hu\/index.php?rest_route=\/wp\/v2\/posts\/2006","targetHints":{"allow":["GET"]}}],"collection":[{"href":"https:\/\/szentannaplebania.dnyem.hu\/index.php?rest_route=\/wp\/v2\/posts"}],"about":[{"href":"https:\/\/szentannaplebania.dnyem.hu\/index.php?rest_route=\/wp\/v2\/types\/post"}],"author":[{"embeddable":true,"href":"https:\/\/szentannaplebania.dnyem.hu\/index.php?rest_route=\/wp\/v2\/users\/2"}],"replies":[{"embeddable":true,"href":"https:\/\/szentannaplebania.dnyem.hu\/index.php?rest_route=%2Fwp%2Fv2%2Fcomments&post=2006"}],"version-history":[{"count":0,"href":"https:\/\/szentannaplebania.dnyem.hu\/index.php?rest_route=\/wp\/v2\/posts\/2006\/revisions"}],"wp:attachment":[{"href":"https:\/\/szentannaplebania.dnyem.hu\/index.php?rest_route=%2Fwp%2Fv2%2Fmedia&parent=2006"}],"wp:term":[{"taxonomy":"category","embeddable":true,"href":"https:\/\/szentannaplebania.dnyem.hu\/index.php?rest_route=%2Fwp%2Fv2%2Fcategories&post=2006"},{"taxonomy":"post_tag","embeddable":true,"href":"https:\/\/szentannaplebania.dnyem.hu\/index.php?rest_route=%2Fwp%2Fv2%2Ftags&post=2006"}],"curies":[{"name":"wp","href":"https:\/\/api.w.org\/{rel}","templated":true}]}}