{"id":2088,"date":"2020-05-24T06:18:41","date_gmt":"2020-05-24T04:18:41","guid":{"rendered":"http:\/\/szentannaplebania.dnyem.hu\/?p=2088"},"modified":"2020-05-24T06:18:41","modified_gmt":"2020-05-24T04:18:41","slug":"24-may-2020-0618","status":"publish","type":"post","link":"https:\/\/szentannaplebania.dnyem.hu\/?p=2088","title":{"rendered":"24 May, 2020 06:18"},"content":{"rendered":"<p><strong>HIRDET\u00c9SEK URUNK MENNYBEMENETELE F\u0150\u00dcNNEP\u00c9N <\/strong>(m\u00e1j. 24.)<\/p>\n<p>1. Liturgikus eml\u00e9knapok e h\u00e9ten: <strong>kedden<\/strong> \u2014 N\u00e9ri Szt. F\u00fcl\u00f6p \u00e1ldoz\u00f3pap, <strong>p\u00e9nteken<\/strong> \u2014 Szt. VI. P\u00e1l p\u00e1pa eml\u00e9knapj\u00e1t tartjuk.<\/p>\n<p>2. M\u00e1hoz egy h\u00e9tre lesz p\u00fcnk\u00f6sdvas\u00e1rnap \u00e9s a Magyar H\u0151s\u00f6k Eml\u00e9knapja.<\/p>\n<p>3. P\u00fcnk\u00f6sd \u00fcnnep\u00e9n \u201eteljes b\u00facs\u00fat nyerhet az a h\u00edv\u0151, aki templomban vagy k\u00e1poln\u00e1ban \u00e1h\u00edtattal r\u00e9szt vesz a [\u2026] J\u00f6jj, Szentl\u00e9lek Isten\u00fcnk (Veni Creator) himnusz \u00fcnnep\u00e9lyes \u00e9nekl\u00e9s\u00e9ben vagy elmond\u00e1s\u00e1ban\u201d (A B\u00facs\u00fak K\u00e9zik\u00f6nyve, B\u00facs\u00faenged\u00e9lyek 26. 1. \u00a7. 1.)<\/p>\n<p>4. <strong>A p\u00fcnk\u00f6sdre k\u00f6vetkez\u0151 h\u00e9tf\u0151n<\/strong> a Boldogs\u00e1gos Sz\u0171z M\u00e1ria, az Egyh\u00e1z Anyja k\u00f6telez\u0151 eml\u00e9knapj\u00e1t tartjuk. 7, f\u00e9l 9 \u00e9s 18 \u00f3rakor lesz szentmise.<\/p>\n<p>5. H\u00e9tk\u00f6znap a 7-kor kezd\u0151d\u0151 szentmise tov\u00e1bbra is \u00e9l\u0151ben k\u00f6vethet\u0151 a Debrecen-Ny\u00edregyh\u00e1zi Egyh\u00e1zmegye (<a href=\"https:\/\/www.facebook.com\/dnyem\/\">https:\/\/www.facebook.com\/dnyem\/<\/a>) \u00e9s pl\u00e9b\u00e1ni\u00e1nk facebook oldal\u00e1n. Vas\u00e1rnap a 11:30-kor kezd\u0151d\u0151 szentmis\u00e9t tov\u00e1bbra is \u00e9l\u0151ben k\u00f6zvet\u00edti a Debrecen Telev\u00edzi\u00f3.<\/p>\n<p>Akik ilyen m\u00f3don vesznek r\u00e9szt szentmis\u00e9n otthonaikban, \u00e9ljenek a lelki\u00e1ldoz\u00e1s lehet\u0151s\u00e9g\u00e9vel.<\/p>\n<p>6. <strong>A szent\u00e1ldoz\u00e1s rendje<\/strong>: A h\u00edvek soronk\u00e9nt \u00e1llnak fel \u00e9s v\u00e9d\u0151maszkban j\u00e1rulnak szent\u00e1ldoz\u00e1shoz csak a k\u00e9t padt\u00f6mb k\u00f6z\u00f6tt. A v\u00e9d\u0151t\u00e1vols\u00e1g megtart\u00e1s\u00e1n\u00e1l vegy\u00e9k figyelembe s\u00e1rga sz\u00edn\u0171 t\u00e1vols\u00e1gjelz\u00e9st a padl\u00f3zaton, \u00e9s igazodjanak hozz\u00e1.<\/p>\n<p>Mindk\u00e9t kez\u00fcket \u2014 amennyire hosszan csak lehet \u2014 ny\u00fajts\u00e1k el\u0151re (ugyan\u00edgy tegyen az \u00e1ldoztat\u00f3 pap, ill. akolitus), majd tegyenek 4-5 l\u00e9p\u00e9st oldalra, igaz\u00edts\u00e1k a sz\u00e1jmaszkot az \u00e1lluk al\u00e1 \u00e9s \u00edgy vegy\u00e9k magukhoz az Olt\u00e1riszents\u00e9get. Ut\u00e1na visszaigaz\u00edtott sz\u00e1jmaszkkal a padokat megker\u00fclve menjenek vissza a hely\u00fckre.<\/p>\n<p>7. A <strong>perselyadom\u00e1nyok<\/strong>at t\u00e1voz\u00e1skor helyezz\u00e9k a kosarakba a kij\u00e1ratn\u00e1l ker\u00fclve a csoportosul\u00e1st. Banki \u00e1tutal\u00e1ssal is eljuttathatj\u00e1k perselyadom\u00e1nyukat vagy m\u00e1s c\u00e9l\u00fa t\u00e1mogat\u00e1sukat.<\/p>\n<p>8. A <strong>t\u00e1vozni a szentmis\u00e9r\u0151l <\/strong>csak a 2 mell\u00e9kajt\u00f3n lehet, egym\u00e1st\u00f3l 1,5-2m t\u00e1vols\u00e1gban \u00e9s ker\u00fclve a csoportosul\u00e1st.<\/p>\n<p>9. <strong>Folytassuk az imakilencedet <\/strong>a Szentl\u00e9lekhez <strong>m\u00e1jus 30-ig <\/strong>\u2014 pl. a Szentl\u00e9lek-lit\u00e1nia elim\u00e1dkoz\u00e1s\u00e1val \u2014 p\u00fcnk\u00f6sdi k\u00e9sz\u00fcletk\u00e9nt.<\/p>\n<table>\n<tr>\n<td><a href=\"https:\/\/www.avast.com\/sig-email?utm_medium=email&amp;utm_source=link&amp;utm_campaign=sig-email&amp;utm_content=webmail\"><img loading=\"lazy\" decoding=\"async\" src=\"https:\/\/ipmcdn.avast.com\/images\/icons\/icon-envelope-tick-round-orange-animated-no-repeat-v1.gif\" alt=\"\" width=\"46\" height=\"29\" \/><\/a><\/td>\n<td>Mentes a v\u00edrusokt\u00f3l. <a href=\"https:\/\/www.avast.com\/sig-email?utm_medium=email&amp;utm_source=link&amp;utm_campaign=sig-email&amp;utm_content=webmail\">www.avast.com<\/a><\/td>\n<\/tr>\n<\/table>\n","protected":false},"excerpt":{"rendered":"<p>HIRDET\u00c9SEK URUNK MENNYBEMENETELE F\u0150\u00dcNNEP\u00c9N (m\u00e1j. 24.) 1. Liturgikus eml\u00e9knapok e h\u00e9ten: kedden \u2014 N\u00e9ri Szt. F\u00fcl\u00f6p \u00e1ldoz\u00f3pap, p\u00e9nteken \u2014 Szt. VI. P\u00e1l p\u00e1pa eml\u00e9knapj\u00e1t tartjuk. 2. M\u00e1hoz egy h\u00e9tre lesz p\u00fcnk\u00f6sdvas\u00e1rnap \u00e9s a Magyar H\u0151s\u00f6k Eml\u00e9knapja. 3. P\u00fcnk\u00f6sd \u00fcnnep\u00e9n \u201eteljes b\u00facs\u00fat nyerhet az a h\u00edv\u0151, aki templomban vagy k\u00e1poln\u00e1ban \u00e1h\u00edtattal r\u00e9szt vesz a [\u2026] J\u00f6jj, &hellip; <a href=\"https:\/\/szentannaplebania.dnyem.hu\/?p=2088\" class=\"more-link\"><span class=\"screen-reader-text\">24 May, 2020 06:18<\/span> r\u00e9szletei&#8230;<\/a><\/p>\n","protected":false},"author":2,"featured_media":0,"comment_status":"closed","ping_status":"open","sticky":false,"template":"","format":"standard","meta":{"_jetpack_memberships_contains_paid_content":false,"footnotes":""},"categories":[15],"tags":[],"class_list":["post-2088","post","type-post","status-publish","format-standard","hentry","category-hirdetesek"],"jetpack_featured_media_url":"","jetpack_shortlink":"https:\/\/wp.me\/p9doK4-xG","jetpack_sharing_enabled":true,"_links":{"self":[{"href":"https:\/\/szentannaplebania.dnyem.hu\/index.php?rest_route=\/wp\/v2\/posts\/2088","targetHints":{"allow":["GET"]}}],"collection":[{"href":"https:\/\/szentannaplebania.dnyem.hu\/index.php?rest_route=\/wp\/v2\/posts"}],"about":[{"href":"https:\/\/szentannaplebania.dnyem.hu\/index.php?rest_route=\/wp\/v2\/types\/post"}],"author":[{"embeddable":true,"href":"https:\/\/szentannaplebania.dnyem.hu\/index.php?rest_route=\/wp\/v2\/users\/2"}],"replies":[{"embeddable":true,"href":"https:\/\/szentannaplebania.dnyem.hu\/index.php?rest_route=%2Fwp%2Fv2%2Fcomments&post=2088"}],"version-history":[{"count":0,"href":"https:\/\/szentannaplebania.dnyem.hu\/index.php?rest_route=\/wp\/v2\/posts\/2088\/revisions"}],"wp:attachment":[{"href":"https:\/\/szentannaplebania.dnyem.hu\/index.php?rest_route=%2Fwp%2Fv2%2Fmedia&parent=2088"}],"wp:term":[{"taxonomy":"category","embeddable":true,"href":"https:\/\/szentannaplebania.dnyem.hu\/index.php?rest_route=%2Fwp%2Fv2%2Fcategories&post=2088"},{"taxonomy":"post_tag","embeddable":true,"href":"https:\/\/szentannaplebania.dnyem.hu\/index.php?rest_route=%2Fwp%2Fv2%2Ftags&post=2088"}],"curies":[{"name":"wp","href":"https:\/\/api.w.org\/{rel}","templated":true}]}}