{"id":2099,"date":"2020-05-31T08:49:36","date_gmt":"2020-05-31T06:49:36","guid":{"rendered":"http:\/\/szentannaplebania.dnyem.hu\/?p=2099"},"modified":"2020-05-31T08:49:36","modified_gmt":"2020-05-31T06:49:36","slug":"31-may-2020-0849","status":"publish","type":"post","link":"https:\/\/szentannaplebania.dnyem.hu\/?p=2099","title":{"rendered":"31 May, 2020 08:49"},"content":{"rendered":"<p>HIRDET\u00c9SEK P\u00dcNK\u00d6SD \u00dcNNEP\u00c9N \u00e9s a Magyar H\u0151s\u00f6k Eml\u00e9knapj\u00e1n (m\u00e1j. 31.)<\/p>\n<p>1. Ma a Szent Efr\u00e9m F\u00e9rfikar \u00e9nekel 16 \u00f3r\u00e1t\u00f3l a Szent Anna-sz\u00e9kesegyh\u00e1z el\u0151tt.<\/p>\n<p>2. Ma \u201eteljes b\u00facs\u00fat nyerhet az a h\u00edv\u0151, aki templomban vagy k\u00e1poln\u00e1ban \u00e1h\u00edtattal r\u00e9szt vesz a [\u2026] J\u00f6jj, Szentl\u00e9lek Isten\u00fcnk (Veni Creator) himnusz \u00fcnnep\u00e9lyes \u00e9nekl\u00e9s\u00e9ben vagy elmond\u00e1s\u00e1ban\u201d (A B\u00facs\u00fak K\u00e9zik\u00f6nyve, B\u00facs\u00faenged\u00e9lyek 26. 1. \u00a7. 1.)<\/p>\n<p>3. Ma befejez\u0151dik a h\u00fasv\u00e9ti id\u0151, \u00e9s megkezd\u0151dik az \u00e9vk\u00f6zi id\u0151 h\u00fasv\u00e9t ut\u00e1ni r\u00e9sze. Holnapt\u00f3l a Mennynek kir\u00e1lyn\u00e9 asszonya h\u00fasv\u00e9ti antif\u00f3na helyett \u00fajra im\u00e1dkozzuk az \u00dar Angyal\u00e1t naponta 3X.<\/p>\n<p>4. Holnap, a Boldogs\u00e1gos Sz\u0171z M\u00e1ria, az Egyh\u00e1z Anyja eml\u00e9knapj\u00e1t tartjuk. 7-kor, f\u00e9l 9-kor \u00e9s 18 \u00f3rakor lesz szentmise.<\/p>\n<p>5. <strong>Szerd\u00e1n 10 \u00f3r\u00e1t\u00f3l<\/strong> folytat\u00f3dik a 7. teremben az <strong>Id\u0151sek Akad\u00e9mi\u00e1ja<\/strong>. H\u00edvom \u00e9s v\u00e1rom az id\u0151seket, hogy vel\u00fck egykor\u00fa emberek der\u0171s t\u00e1rsas\u00e1g\u00e1ban t\u00f6ltsenek el 1-2 tartalmas d\u00e9lel\u0151tti \u00f3r\u00e1t.<\/p>\n<p><em>6. <\/em><strong>Cs\u00fct\u00f6rt\u00f6k\u00f6n <\/strong>a trianoni orsz\u00e1gcsonk\u00edt\u00e1s 100. \u00e9vfordul\u00f3j\u00e1n16 \u00f3ra 30 perckor 100 m\u00e1sodpercig fognak sz\u00f3lni a harangok orsz\u00e1gszerte. Aki a harangsz\u00f3t hallja, k\u00f6ny\u00f6r\u00f6gj\u00f6n nemzet\u00fcnk\u00e9rt hat\u00e1rainkon innen \u00e9s t\u00fal, valamint K\u00f6z\u00e9p-Eur\u00f3pa \u00f6sszes n\u00e9p\u00e9\u00e9rt, hogy b\u00e9k\u00e9ben, szeretetben \u00e9s alkot\u00f3 egy\u00fcttm\u0171k\u00f6d\u00e9sben \u00e9p\u00edthess\u00fck k\u00f6z\u00f6s j\u00f6v\u0151nket.<\/p>\n<p>7. <strong>P\u00e9nteken<\/strong>, j\u00fanius 5-\u00e9n, lesz <strong>sz\u00e9kesegyh\u00e1zunk felszentel\u00e9s\u00e9nek 274. \u00e9vfordul\u00f3ja<\/strong>. E nap f\u0151\u00fcnnep\u00fcnk \u00e9s egyh\u00e1zk\u00f6zs\u00e9g\u00fcnk szents\u00e9gim\u00e1d\u00e1si napja. A 8 \u00f3rai szentmise ut\u00e1n eg\u00e9sz napos szents\u00e9gim\u00e1d\u00e1st tartunk. Ennek ok\u00e1val els\u0151cs\u00fct\u00f6rt\u00f6k\u00f6n nem lesz szents\u00e9gim\u00e1d\u00e1s. Min\u00e9l t\u00f6bben t\u00e9rj\u00fcnk be szents\u00e9gim\u00e1d\u00e1sra! Egy-egy szents\u00e9gim\u00e1d\u00e1si \u00f3ra megtart\u00e1s\u00e1ra ketten-h\u00e1rman \u00f6sszefogva feliratkozhatnak a sekresty\u00e9ben. 17-kor kezdj\u00fck a szents\u00e9gim\u00e1d\u00e1si \u00f3r\u00e1t papi hivat\u00e1sok\u00e9rt.<\/p>\n<p>8. Ez a p\u00e9ntek egyben a J\u00e9zus Sz\u00edve-tisztelet napja. Folytatjuk a J\u00e9zus Sz\u00edve-nagykilencedet, \u00e9s megl\u00e1togatjuk az els\u0151p\u00e9nteki betegeket. 17:30-kor \u00e9nekelj\u00fck a J\u00e9zus sz\u00edve lit\u00e1ni\u00e1t.<\/p>\n<p>9. Liturgikus eml\u00e9knapok e h\u00e9ten: szerd\u00e1n \u2014 Lwanga Szt. K\u00e1roly \u00e9s t\u00e1rsai, ugandai v\u00e9rtan\u00fak eml\u00e9knapja; cs\u00fct\u00f6rt\u00f6k\u00f6n \u2014 a mi Urunk, J\u00e9zus Krisztus, az \u00f6r\u00f6k F\u0151pap \u00fcnnepe.<\/p>\n<p>10. M\u00e1hoz egy h\u00e9tre \u00fcnnepelj\u00fck Szenth\u00e1roms\u00e1g vas\u00e1rnapj\u00e1t. A 11:30-kor kezd\u0151d\u0151 szentmis\u00e9t tov\u00e1bbra is \u00e9l\u0151ben k\u00f6zvet\u00edti a Debrecen Telev\u00edzi\u00f3. Akik ilyen m\u00f3don vesznek r\u00e9szt szentmis\u00e9n otthonaikban, \u00e9ljenek a lelki\u00e1ldoz\u00e1s lehet\u0151s\u00e9g\u00e9vel.<\/p>\n<p>A h\u00e9tk\u00f6znapi misek\u00f6zvet\u00edt\u00e9sek befejez\u0151dtek.<\/p>\n<p>11. Minden katolikus h\u00e1ztart\u00e1sban legyen Debreceni Katolikus Figyel\u0151! Ezzel a mott\u00f3val elvihet\u0151 egyh\u00e1zk\u00f6zs\u00e9g\u00fcnk p\u00fcnk\u00f6sdi kiadv\u00e1nya az \u00fajs\u00e1gospolcr\u00f3l 100 Ft-os (\u00f6nk\u00f6lts\u00e9gi) \u00e1ron. Gondoljunk azokra is, akiknek kedv\u00e9ben j\u00e1rhatunk azzal, ha \u0151k is k\u00e9zbe vehetik a Figyel\u0151 egy p\u00e9ld\u00e1ny\u00e1t. K\u00f6sz\u00f6netet mondok mindazoknak, akik \u00edr\u00e1saikkal \u00e9s h\u00e1tt\u00e9rmunk\u00e1jukkal kivett\u00e9k r\u00e9sz\u00fcket e leg\u00fajabb sz\u00e1m megjelentet\u00e9s\u00e9b\u0151l.<\/p>\n<p>12. Ny\u00e1ri Napk\u00f6zis T\u00e1borba h\u00edvom az \u00f3vod\u00e1sokat \u00e9s als\u00f3 tagozatos gyermekeket j\u00fanius 22-t\u0151l 26-ig a pl\u00e9b\u00e1ni\u00e1ra. Reggel f\u00e9l 8-t\u00f3l tudjuk fogadni a gyermekeket, \u00e9s 16:30-ig biztos\u00edtunk fel\u00fcgyeletet. A r\u00e9sztvev\u0151k minden nap t\u00edz\u00f3rait, eb\u00e9det \u00e9s uzsonn\u00e1t kapnak. <strong>R\u00e9szv\u00e9teli d\u00edj<\/strong>: szem\u00e9lyenk\u00e9nt<strong> 5000 Ft. Jelentkez\u00e9si hat\u00e1rid\u0151<\/strong>: j\u00fanius 18. Jelentkezni lehet egyh\u00e1zk\u00f6zs\u00e9g\u00fcnk honlapj\u00e1n vagy facebook oldal\u00e1n a jelentkezes.sza elektronikus postac\u00edmen.<\/p>\n<p>13. A perselyadom\u00e1nyokat t\u00e1voz\u00e1skor helyezz\u00e9k a kosarakba a kij\u00e1ratn\u00e1l, ker\u00fclve a csoportosul\u00e1st. Banki \u00e1tutal\u00e1ssal is eljuttathatj\u00e1k perselyadom\u00e1nyukat vagy m\u00e1s c\u00e9l\u00fa t\u00e1mogat\u00e1sukat.<\/p>\n<p>14. T\u00e1vozni a szentmis\u00e9r\u0151l csak a 2 mell\u00e9kajt\u00f3n lehet, egym\u00e1st\u00f3l 1,5-2m t\u00e1vols\u00e1gban \u00e9s ker\u00fclve a csoportosul\u00e1st.<\/p>\n","protected":false},"excerpt":{"rendered":"<p>HIRDET\u00c9SEK P\u00dcNK\u00d6SD \u00dcNNEP\u00c9N \u00e9s a Magyar H\u0151s\u00f6k Eml\u00e9knapj\u00e1n (m\u00e1j. 31.) 1. Ma a Szent Efr\u00e9m F\u00e9rfikar \u00e9nekel 16 \u00f3r\u00e1t\u00f3l a Szent Anna-sz\u00e9kesegyh\u00e1z el\u0151tt. 2. Ma \u201eteljes b\u00facs\u00fat nyerhet az a h\u00edv\u0151, aki templomban vagy k\u00e1poln\u00e1ban \u00e1h\u00edtattal r\u00e9szt vesz a [\u2026] J\u00f6jj, Szentl\u00e9lek Isten\u00fcnk (Veni Creator) himnusz \u00fcnnep\u00e9lyes \u00e9nekl\u00e9s\u00e9ben vagy elmond\u00e1s\u00e1ban\u201d (A B\u00facs\u00fak K\u00e9zik\u00f6nyve, B\u00facs\u00faenged\u00e9lyek 26. &hellip; <a href=\"https:\/\/szentannaplebania.dnyem.hu\/?p=2099\" class=\"more-link\"><span class=\"screen-reader-text\">31 May, 2020 08:49<\/span> r\u00e9szletei&#8230;<\/a><\/p>\n","protected":false},"author":2,"featured_media":0,"comment_status":"closed","ping_status":"open","sticky":false,"template":"","format":"standard","meta":{"_jetpack_memberships_contains_paid_content":false,"footnotes":""},"categories":[15],"tags":[],"class_list":["post-2099","post","type-post","status-publish","format-standard","hentry","category-hirdetesek"],"jetpack_featured_media_url":"","jetpack_shortlink":"https:\/\/wp.me\/p9doK4-xR","jetpack_sharing_enabled":true,"_links":{"self":[{"href":"https:\/\/szentannaplebania.dnyem.hu\/index.php?rest_route=\/wp\/v2\/posts\/2099","targetHints":{"allow":["GET"]}}],"collection":[{"href":"https:\/\/szentannaplebania.dnyem.hu\/index.php?rest_route=\/wp\/v2\/posts"}],"about":[{"href":"https:\/\/szentannaplebania.dnyem.hu\/index.php?rest_route=\/wp\/v2\/types\/post"}],"author":[{"embeddable":true,"href":"https:\/\/szentannaplebania.dnyem.hu\/index.php?rest_route=\/wp\/v2\/users\/2"}],"replies":[{"embeddable":true,"href":"https:\/\/szentannaplebania.dnyem.hu\/index.php?rest_route=%2Fwp%2Fv2%2Fcomments&post=2099"}],"version-history":[{"count":0,"href":"https:\/\/szentannaplebania.dnyem.hu\/index.php?rest_route=\/wp\/v2\/posts\/2099\/revisions"}],"wp:attachment":[{"href":"https:\/\/szentannaplebania.dnyem.hu\/index.php?rest_route=%2Fwp%2Fv2%2Fmedia&parent=2099"}],"wp:term":[{"taxonomy":"category","embeddable":true,"href":"https:\/\/szentannaplebania.dnyem.hu\/index.php?rest_route=%2Fwp%2Fv2%2Fcategories&post=2099"},{"taxonomy":"post_tag","embeddable":true,"href":"https:\/\/szentannaplebania.dnyem.hu\/index.php?rest_route=%2Fwp%2Fv2%2Ftags&post=2099"}],"curies":[{"name":"wp","href":"https:\/\/api.w.org\/{rel}","templated":true}]}}