{"id":2100,"date":"2020-06-07T19:39:28","date_gmt":"2020-06-07T17:39:28","guid":{"rendered":"http:\/\/szentannaplebania.dnyem.hu\/?p=2100"},"modified":"2020-06-07T19:39:28","modified_gmt":"2020-06-07T17:39:28","slug":"7-june-2020-1939","status":"publish","type":"post","link":"https:\/\/szentannaplebania.dnyem.hu\/?p=2100","title":{"rendered":"7 June, 2020 19:39"},"content":{"rendered":"<p><strong>HIRDET\u00c9SEK SZENTH\u00c1ROMS\u00c1G VAS\u00c1RNAPJ\u00c1N <\/strong>(J\u00daNIUS 7.)<\/p>\n<p>1. <strong>Ma<\/strong> a f\u00e9l 12 \u00f3rai szentmise ut\u00e1n szents\u00e9gim\u00e1d\u00e1st tartunk 16:30-ig.<\/p>\n<p>2. <strong>Szerd\u00e1n <\/strong>a 8 \u00f3rai szentmise ut\u00e1n folytat\u00f3dik a 7. teremben a M\u00e1ria L\u00e9gi\u00f3 ima\u00f3r\u00e1ja, amelyre v\u00e1rnak minden \u00e9rdekl\u0151d\u0151t szeretettel.<\/p>\n<p>3. <strong>P\u00e9nteken<\/strong> az esti szentmise ut\u00e1n, 18:45-t\u0151l f\u00e9rfik\u00f6rbe v\u00e1rom egyh\u00e1zk\u00f6zs\u00e9g\u00fcnk f\u00e9rfiait. \u00d6sszej\u00f6vetel\u00fcnket az 5. teremben tartjuk. Szeretettel v\u00e1rjuk a csoporthoz csatlakozni akar\u00f3 f\u00e9rfitestv\u00e9reinket!<\/p>\n<p>4. Liturgikus eml\u00e9knapok e h\u00e9ten: cs\u00fct\u00f6rt\u00f6k\u00f6n Szt. Barnab\u00e1s apostol \u00e9s szombaton P\u00e1duai Szt. Antal \u00e1ldoz\u00f3pap \u00e9s egyh\u00e1ztan\u00edt\u00f3 eml\u00e9knapja.<\/p>\n<p>5. M\u00e1hoz egy h\u00e9tre lesz Krisztus Szent Teste \u00e9s V\u00e9re \u2014 \u00darnapja \u00fcnnepe. Az \u00farnapi k\u00f6rmenet elmarad, hiszen a j\u00e1rv\u00e1nyvesz\u00e9ly m\u00e9g nem m\u00falt el. \u00darnapj\u00e1n minden szentmise v\u00e9g\u00e9n tartunk r\u00f6vid szents\u00e9gim\u00e1d\u00e1st. Ezen a napon<strong>, j\u00fanius 14-\u00e9n, m\u00e1r nem tartunk szentmis\u00e9t vas\u00e1rnap d\u00e9lut\u00e1n f\u00e9l 5-kor.<\/strong><\/p>\n<p>6. A vas\u00e1rnapi 11:30-kor kezd\u0151d\u0151 szentmis\u00e9t tov\u00e1bbra is \u00e9l\u0151ben k\u00f6zvet\u00edti a Debrecen Telev\u00edzi\u00f3. Akik ilyen m\u00f3don vesznek r\u00e9szt szentmis\u00e9n otthonaikban, \u00e9ljenek a lelki\u00e1ldoz\u00e1s lehet\u0151s\u00e9g\u00e9vel.<\/p>\n<p>7. Pal\u00e1nki Ferenc p\u00fcsp\u00f6k atya<strong> j\u00fanius 14-i hat\u00e1llyal<\/strong> <strong>visszavonja <\/strong>afelment\u00e9st a vas\u00e1rnapi szentmis\u00e9n val\u00f3 r\u00e9szv\u00e9tel k\u00f6telezetts\u00e9ge al\u00f3l \u00e9s az \u00e1ltal\u00e1nos feloldoz\u00e1s megad\u00e1s\u00e1t.<\/p>\n<p>Tudatos\u00edtsuk \u00fajra \u00e9s seg\u00edts\u00fcnk tudatos\u00edtani csal\u00e1dtagjainkban \u00e9s ismer\u0151seinkben, hogy \u201ea vas\u00e1rnapi szentmise megalapozza \u00e9s er\u0151s\u00edti az eg\u00e9sz kereszt\u00e9ny \u00e9letet. Ez\u00e9rt a h\u00edveknek r\u00e9szt kell venni\u00fck az szentmis\u00e9n vas\u00e1rnap \u00e9s parancsolt \u00fcnnepen, hacsak komoly okuk nincs r\u00e1, hogy elmaradjanak. Akik sz\u00e1nd\u00e9kosan nem tesznek eleget e k\u00f6telezetts\u00e9g\u00fcknek, s\u00falyos b\u0171nt k\u00f6vetnek el\u201d (KEK 2181).<\/p>\n<p>Ha valakinek s\u00falyos okb\u00f3l \u2014 pl. kisgyermek ell\u00e1t\u00e1sa, otthoni beteg\u00e1pol\u00e1s, betegs\u00e9g vagy eg\u00e9szs\u00e9gvesz\u00e9lyeztet\u00e9s j\u00e1rv\u00e1ny idej\u00e9n, vagy olyan munkav\u00e9gz\u00e9s, amelynek idej\u00e9t a munkav\u00e1llal\u00f3 nem v\u00e1laszthatja meg szabadon \u2014 lehetetlenn\u00e9 v\u00e1lik r\u00e9szv\u00e9tele vas\u00e1rnap a szentmis\u00e9n, akkor igen aj\u00e1nlatos, hogy helyette t\u00f6lts\u00f6n kell\u0151 id\u0151t im\u00e1ds\u00e1ggal, a Szent\u00edr\u00e1s olvas\u00e1s\u00e1val egy\u00e9nileg vagy a csal\u00e1dban, illetve az online \u00e9s a k\u00f6zszolg\u00e1lati telev\u00edzi\u00f3ban el\u00e9rhet\u0151 misek\u00f6zvet\u00edt\u00e9sbe \u00e1h\u00edtatos l\u00e9lekkel kapcsol\u00f3djon be, \u00e9s v\u00e9gezzen lelki \u00e1ldoz\u00e1st.<\/p>\n<p>8. Templomunkban tov\u00e1bbra is k\u00f6telez\u0151 a sz\u00e1jat \u00e9s orrot eltakar\u00f3 v\u00e9d\u0151maszk vagy kend\u0151 visel\u00e9se \u00e9s a k\u00e9zfert\u0151tlen\u00edt\u00e9s.<\/p>\n<p>9. Minden katolikus h\u00e1ztart\u00e1sban legyen Debreceni Katolikus Figyel\u0151! Ezzel a mott\u00f3val elvihet\u0151 egyh\u00e1zk\u00f6zs\u00e9g\u00fcnk p\u00fcnk\u00f6sdi kiadv\u00e1nya az \u00fajs\u00e1gospolcr\u00f3l 100 Ft-os (\u00f6nk\u00f6lts\u00e9gi) \u00e1ron.<\/p>\n<p>10. Ny\u00e1ri Napk\u00f6zis T\u00e1borba h\u00edvom az \u00f3vod\u00e1sokat \u00e9s als\u00f3 tagozatos gyermekeket j\u00fanius 22-t\u0151l 26-ig a pl\u00e9b\u00e1ni\u00e1ra. Reggel f\u00e9l 8-t\u00f3l tudjuk fogadni a gyermekeket, \u00e9s 16:30-ig biztos\u00edtunk fel\u00fcgyeletet. A r\u00e9sztvev\u0151k minden nap t\u00edz\u00f3rait, eb\u00e9det \u00e9s uzsonn\u00e1t kapnak. <strong>R\u00e9szv\u00e9teli d\u00edj<\/strong>: szem\u00e9lyenk\u00e9nt<strong> 5000 Ft. Jelentkez\u00e9si hat\u00e1rid\u0151<\/strong>: j\u00fanius 18. Jelentkezni lehet egyh\u00e1zk\u00f6zs\u00e9g\u00fcnk honlapj\u00e1n vagy facebook oldal\u00e1n a jelentkezes.sza elektronikus postac\u00edmen.<\/p>\n<p>11. A perselyadom\u00e1nyokat t\u00e1voz\u00e1skor helyezz\u00e9k a kosarakba a kij\u00e1ratn\u00e1l, ker\u00fclve a csoportosul\u00e1st. Banki \u00e1tutal\u00e1ssal is eljuttathatj\u00e1k perselyadom\u00e1nyukat vagy m\u00e1s c\u00e9l\u00fa t\u00e1mogat\u00e1sukat.<\/p>\n<p>12. T\u00e1vozni a szentmis\u00e9r\u0151l csak a 2 mell\u00e9kajt\u00f3n lehet, egym\u00e1st\u00f3l 1,5-2m t\u00e1vols\u00e1gban \u00e9s ker\u00fclve a csoportosul\u00e1st.<\/p>\n<p>&#8211;<\/p>\n<table>\n<tr>\n<td><a href=\"https:\/\/www.avast.com\/sig-email?utm_medium=email&amp;utm_source=link&amp;utm_campaign=sig-email&amp;utm_content=webmail\"><img loading=\"lazy\" decoding=\"async\" src=\"https:\/\/ipmcdn.avast.com\/images\/icons\/icon-envelope-tick-round-orange-animated-no-repeat-v1.gif\" alt=\"\" width=\"46\" height=\"29\" \/><\/a><\/td>\n<td>Mentes a v\u00edrusokt\u00f3l. <a href=\"https:\/\/www.avast.com\/sig-email?utm_medium=email&amp;utm_source=link&amp;utm_campaign=sig-email&amp;utm_content=webmail\">www.avast.com<\/a><\/td>\n<\/tr>\n<\/table>\n","protected":false},"excerpt":{"rendered":"<p>HIRDET\u00c9SEK SZENTH\u00c1ROMS\u00c1G VAS\u00c1RNAPJ\u00c1N (J\u00daNIUS 7.) 1. Ma a f\u00e9l 12 \u00f3rai szentmise ut\u00e1n szents\u00e9gim\u00e1d\u00e1st tartunk 16:30-ig. 2. Szerd\u00e1n a 8 \u00f3rai szentmise ut\u00e1n folytat\u00f3dik a 7. teremben a M\u00e1ria L\u00e9gi\u00f3 ima\u00f3r\u00e1ja, amelyre v\u00e1rnak minden \u00e9rdekl\u0151d\u0151t szeretettel. 3. P\u00e9nteken az esti szentmise ut\u00e1n, 18:45-t\u0151l f\u00e9rfik\u00f6rbe v\u00e1rom egyh\u00e1zk\u00f6zs\u00e9g\u00fcnk f\u00e9rfiait. \u00d6sszej\u00f6vetel\u00fcnket az 5. teremben tartjuk. Szeretettel v\u00e1rjuk a &hellip; <a href=\"https:\/\/szentannaplebania.dnyem.hu\/?p=2100\" class=\"more-link\"><span class=\"screen-reader-text\">7 June, 2020 19:39<\/span> r\u00e9szletei&#8230;<\/a><\/p>\n","protected":false},"author":2,"featured_media":0,"comment_status":"closed","ping_status":"open","sticky":false,"template":"","format":"standard","meta":{"_jetpack_memberships_contains_paid_content":false,"footnotes":""},"categories":[15],"tags":[],"class_list":["post-2100","post","type-post","status-publish","format-standard","hentry","category-hirdetesek"],"jetpack_featured_media_url":"","jetpack_shortlink":"https:\/\/wp.me\/p9doK4-xS","jetpack_sharing_enabled":true,"_links":{"self":[{"href":"https:\/\/szentannaplebania.dnyem.hu\/index.php?rest_route=\/wp\/v2\/posts\/2100","targetHints":{"allow":["GET"]}}],"collection":[{"href":"https:\/\/szentannaplebania.dnyem.hu\/index.php?rest_route=\/wp\/v2\/posts"}],"about":[{"href":"https:\/\/szentannaplebania.dnyem.hu\/index.php?rest_route=\/wp\/v2\/types\/post"}],"author":[{"embeddable":true,"href":"https:\/\/szentannaplebania.dnyem.hu\/index.php?rest_route=\/wp\/v2\/users\/2"}],"replies":[{"embeddable":true,"href":"https:\/\/szentannaplebania.dnyem.hu\/index.php?rest_route=%2Fwp%2Fv2%2Fcomments&post=2100"}],"version-history":[{"count":0,"href":"https:\/\/szentannaplebania.dnyem.hu\/index.php?rest_route=\/wp\/v2\/posts\/2100\/revisions"}],"wp:attachment":[{"href":"https:\/\/szentannaplebania.dnyem.hu\/index.php?rest_route=%2Fwp%2Fv2%2Fmedia&parent=2100"}],"wp:term":[{"taxonomy":"category","embeddable":true,"href":"https:\/\/szentannaplebania.dnyem.hu\/index.php?rest_route=%2Fwp%2Fv2%2Fcategories&post=2100"},{"taxonomy":"post_tag","embeddable":true,"href":"https:\/\/szentannaplebania.dnyem.hu\/index.php?rest_route=%2Fwp%2Fv2%2Ftags&post=2100"}],"curies":[{"name":"wp","href":"https:\/\/api.w.org\/{rel}","templated":true}]}}