{"id":2251,"date":"2021-11-28T07:20:36","date_gmt":"2021-11-28T05:20:36","guid":{"rendered":"http:\/\/szentannaplebania.dnyem.hu\/?p=2251"},"modified":"2021-11-28T07:20:36","modified_gmt":"2021-11-28T05:20:36","slug":"28-november-2021-0720","status":"publish","type":"post","link":"https:\/\/szentannaplebania.dnyem.hu\/?p=2251","title":{"rendered":"28 November, 2021 07:20"},"content":{"rendered":"<p><strong>HIRDET\u00c9SEK ADVENT 1. VAS\u00c1RNAPJ\u00c1N (nov. 28.)<\/strong><\/p>\n<p>1. \u201eEgy T\u00e1ny\u00e9r Szeretet\u201d mott\u00f3val k\u00e9t hete f\u0151ztek a sz\u00e9kesegyh\u00e1zunkba j\u00e1r\u00f3 fiatal katolikus v\u00e1llalkoz\u00f3k, \u00e9s 4 helysz\u00ednen 225 adag egyt\u00e1l\u00e9telt osztottak ki neh\u00e9z helyzetben l\u00e9v\u0151 embereknek. K\u00f6sz\u00f6netet mondok nekik \u00e9s pl\u00e9b\u00e1ni\u00e1nk h\u00edveinek, akik s\u00fctem\u00e9nnyel hozz\u00e1j\u00e1rultak az eb\u00e9deltet\u00e9shez.<\/p>\n<p>2. Az egy hete megtartott Karit\u00e1sz-gy\u0171jt\u00e9s 318 ezer Ft-ot eredm\u00e9nyezett. Mindenkinek k\u00f6sz\u00f6n\u00f6m nagylelk\u0171 perselyadom\u00e1ny\u00e1t.<\/p>\n<p>3. Ma 17 \u00f3rakor lesz a v\u00e1rosi adventi koszor\u00fa 1. gyerty\u00e1j\u00e1nak meggy\u00fajt\u00e1sa a reform\u00e1tus Nagytemplom m\u00f6g\u00f6tti eml\u00e9kkertben. Besz\u00e9det mond Pal\u00e1nki Ferenc rk. p\u00fcsp\u00f6k, Kocsis F\u00fcl\u00f6p g\u00f6r\u00f6gkatolikus \u00e9rsek-metropolita, P\u00fcski Lajos, a Tisz\u00e1nt\u00fali Reform\u00e1tus Egyh\u00e1zker\u00fclet lelk\u00e9szi f\u0151jegyz\u0151je \u00e9s Dr. Papp L\u00e1szl\u00f3 polg\u00e1rmester. Minden vas\u00e1rnap online \u00e9l\u0151ben is lehet k\u00f6vetni a gyertyagy\u00fajt\u00e1st Debrecen Facebook oldal\u00e1n \u00e9s a Debrecen Telev\u00edzi\u00f3ban.<\/p>\n<p>4. Holnapt\u00f3l advent h\u00e9tk\u00f6znapjain 6 \u00f3rakor kezdj\u00fck a ror\u00e1te-szentmis\u00e9ket. A szentmise v\u00e9gezt\u00e9vel \u00e9nekelj\u00fck az \u00darangyal\u00e1t. Ezeken \u00e9s a t\u00f6bbi szentmis\u00e9n felolvas\u00e1sra \u00e9s ministr\u00e1ci\u00f3ra h\u00edvom \u00e9s v\u00e1rom a feln\u0151tteket, az iskol\u00e1s fi\u00fakat \u00e9s l\u00e1nyokat. A felolvas\u00e1shoz feliratkozhatnak a sekresty\u00e9ben. 7 \u00f3rakor nem tartunk szentmis\u00e9t.<\/p>\n<p>5. Els\u0151cs\u00fct\u00f6rt\u00f6k\u00f6n a 8 \u00f3r\u00e1t\u00f3l eg\u00e9sz napos szents\u00e9gim\u00e1d\u00e1s lesz 18 \u00f3r\u00e1ig. 17 \u00f3r\u00e1t\u00f3l kezd\u0151dik az ima\u00f3ra papi hivat\u00e1sok\u00e9rt.<\/p>\n<p>6. Els\u0151p\u00e9nteken, a J\u00e9zus Sz\u00edve-tisztelet napj\u00e1n, megl\u00e1togatjuk betegeinket, akik otthonukban akarj\u00e1k szentgy\u00f3n\u00e1sukat \u00e9s \u2013\u00e1ldoz\u00e1sukat elv\u00e9gezni. 17:30-kor \u00e9nekelj\u00fck a J\u00e9zus sz\u00edve lit\u00e1ni\u00e1t.<\/p>\n<p>7. Szombaton 15 \u00f3r\u00e1t\u00f3l m\u00e9zess\u00fct\u00e9sre, j\u00e1t\u00e9kd\u00e9lut\u00e1nra \u00e9s Mikul\u00e1sra h\u00edvjuk gyermekeinket. Mindez a keresztfolyos\u00f3r\u00f3l ny\u00edl\u00f3 hittantermekben lesz.<\/p>\n<p>8. M\u00e1hoz egy h\u00e9tre, vas\u00e1rnap 19 \u00f3r\u00e1t\u00f3l Tabajdi \u00c1d\u00e1m orgonam\u0171v\u00e9sz el\u0151ad\u00e1s\u00e1ban hallhatjuk Olivier Messiaen: <em>Az \u00dar Sz\u00fclet\u00e9se (La Nativit\u00e9 du Seigneur) <\/em>c\u00edm\u0171 h\u00edres m\u0171vet, amelyet dr. karasszon Dezs\u0151 ismertet.<\/p>\n<p>9. \u00dcnnepek e h\u00e9ten: kedden Szt. Andr\u00e1s apostol \u00fcnnepe \u00e9s p\u00e9nteken Xav\u00e9ri Szt. Ferenc \u00e1ldoz\u00f3pap eml\u00e9knapja.<\/p>\n<p>10. Minden katolikus h\u00e1ztart\u00e1sban legyen Debreceni Katolikus Figyel\u0151! Ezzel a mott\u00f3val vigy\u00e9k magukkal az \u00fajs\u00e1gospolcr\u00f3l 100 Ft-os \u00e1ron egyh\u00e1zk\u00f6zs\u00e9g\u00fcnk kiadv\u00e1ny\u00e1nak adventre megjelent leg\u00fajabb sz\u00e1m\u00e1t.<\/p>\n<p>11. A v\u00e1rosi Karitat\u00edv Test\u00fclet \u00f6sszefog\u00e1sban az \u00f6nkorm\u00e1nyzattal, a Debrecen-Ny\u00edregyh\u00e1zi Egyh\u00e1zmegy\u00e9vel, a Hajd\u00fadorogi F\u0151egyh\u00e1zmegy\u00e9vel \u00e9s a Tisz\u00e1nt\u00fali Reform\u00e1tus Egyh\u00e1zker\u00fclettel december 23-ig tart\u00f3 <strong>adventi adom\u00e1nygy\u0171jt\u00e9s<\/strong>re h\u00edv. Az id\u00e9n is els\u0151sorban tart\u00f3s \u00e9lelmiszert, tiszt\u00e1lkod\u00e1si- \u00e9s tiszt\u00edt\u00f3szert, valamint a kisgyermekes csal\u00e1dokra gondolva \u00e9dess\u00e9get gy\u0171jtenek. Az adom\u00e1nyok leadhat\u00f3k a sekresty\u00e9ben vagy a pl\u00e9b\u00e1niairod\u00e1n. Az \u00f6sszegy\u0171jt\u00f6tt szeretet-tasakokat Pal\u00e1nki Ferenc p\u00fcsp\u00f6k atya fogja \u00e1tadni a szervez\u0151knek. Csatlakozzunk min\u00e9l t\u00f6bben ehhez az adom\u00e1nygy\u0171jt\u00e9shez!<\/p>\n<p>12. M\u00e1ria \u00e9s M\u00e1rta elnevez\u00e9ssel tal\u00e1lkoz\u00e1si lehet\u0151s\u00e9get k\u00edn\u00e1lunk azoknak az egyed\u00fcl\u00e1ll\u00f3 n\u0151knek \u00e9s asszonyoknak (\u00e9desany\u00e1knak \u00e9s nagymam\u00e1knak), akik sz\u00edvesen j\u00e1rn\u00e1nak imak\u00f6rbe k\u00e9thetente. Minden alkalom Szent\u00edr\u00e1s-olvas\u00e1ssal \u00e9s r\u00f6vid elm\u00e9lked\u00e9ssel kezd\u0151dik. A programot k\u00f6z\u00f6sen alak\u00edtjuk, melynek sor\u00e1n lehet\u0151s\u00e9g lenne \u0151szint\u00e9n megnyilatkozni, m\u00e1sokat \u00e9rdekl\u0151dve meghallgatni, form\u00e1l\u00f3dni, \u00e9s ezek \u00e1ltal egy\u00fctt haladni, hiszen k\u00fcldet\u00e9s\u00fck van. Az els\u0151 tal\u00e1lkoz\u00f3 december 7-\u00e9n, kedden lesz 16:30-t\u00f3l az 5-\u00f6s teremben. Nagyon v\u00e1rom az \u00e9rintett korcsoportot!<\/p>\n","protected":false},"excerpt":{"rendered":"<p>HIRDET\u00c9SEK ADVENT 1. VAS\u00c1RNAPJ\u00c1N (nov. 28.) 1. \u201eEgy T\u00e1ny\u00e9r Szeretet\u201d mott\u00f3val k\u00e9t hete f\u0151ztek a sz\u00e9kesegyh\u00e1zunkba j\u00e1r\u00f3 fiatal katolikus v\u00e1llalkoz\u00f3k, \u00e9s 4 helysz\u00ednen 225 adag egyt\u00e1l\u00e9telt osztottak ki neh\u00e9z helyzetben l\u00e9v\u0151 embereknek. K\u00f6sz\u00f6netet mondok nekik \u00e9s pl\u00e9b\u00e1ni\u00e1nk h\u00edveinek, akik s\u00fctem\u00e9nnyel hozz\u00e1j\u00e1rultak az eb\u00e9deltet\u00e9shez. 2. Az egy hete megtartott Karit\u00e1sz-gy\u0171jt\u00e9s 318 ezer Ft-ot eredm\u00e9nyezett. Mindenkinek k\u00f6sz\u00f6n\u00f6m &hellip; <a href=\"https:\/\/szentannaplebania.dnyem.hu\/?p=2251\" class=\"more-link\"><span class=\"screen-reader-text\">28 November, 2021 07:20<\/span> r\u00e9szletei&#8230;<\/a><\/p>\n","protected":false},"author":2,"featured_media":0,"comment_status":"closed","ping_status":"open","sticky":false,"template":"","format":"standard","meta":{"_jetpack_memberships_contains_paid_content":false,"footnotes":""},"categories":[15],"tags":[],"class_list":["post-2251","post","type-post","status-publish","format-standard","hentry","category-hirdetesek"],"jetpack_featured_media_url":"","jetpack_shortlink":"https:\/\/wp.me\/p9doK4-Aj","jetpack_sharing_enabled":true,"_links":{"self":[{"href":"https:\/\/szentannaplebania.dnyem.hu\/index.php?rest_route=\/wp\/v2\/posts\/2251","targetHints":{"allow":["GET"]}}],"collection":[{"href":"https:\/\/szentannaplebania.dnyem.hu\/index.php?rest_route=\/wp\/v2\/posts"}],"about":[{"href":"https:\/\/szentannaplebania.dnyem.hu\/index.php?rest_route=\/wp\/v2\/types\/post"}],"author":[{"embeddable":true,"href":"https:\/\/szentannaplebania.dnyem.hu\/index.php?rest_route=\/wp\/v2\/users\/2"}],"replies":[{"embeddable":true,"href":"https:\/\/szentannaplebania.dnyem.hu\/index.php?rest_route=%2Fwp%2Fv2%2Fcomments&post=2251"}],"version-history":[{"count":0,"href":"https:\/\/szentannaplebania.dnyem.hu\/index.php?rest_route=\/wp\/v2\/posts\/2251\/revisions"}],"wp:attachment":[{"href":"https:\/\/szentannaplebania.dnyem.hu\/index.php?rest_route=%2Fwp%2Fv2%2Fmedia&parent=2251"}],"wp:term":[{"taxonomy":"category","embeddable":true,"href":"https:\/\/szentannaplebania.dnyem.hu\/index.php?rest_route=%2Fwp%2Fv2%2Fcategories&post=2251"},{"taxonomy":"post_tag","embeddable":true,"href":"https:\/\/szentannaplebania.dnyem.hu\/index.php?rest_route=%2Fwp%2Fv2%2Ftags&post=2251"}],"curies":[{"name":"wp","href":"https:\/\/api.w.org\/{rel}","templated":true}]}}