{"id":2256,"date":"2021-12-05T17:57:38","date_gmt":"2021-12-05T15:57:38","guid":{"rendered":"http:\/\/szentannaplebania.dnyem.hu\/?p=2256"},"modified":"2021-12-05T17:57:38","modified_gmt":"2021-12-05T15:57:38","slug":"5-december-2021-1757","status":"publish","type":"post","link":"https:\/\/szentannaplebania.dnyem.hu\/?p=2256","title":{"rendered":"5 December, 2021 17:57"},"content":{"rendered":"<p><strong>HIRDET\u00c9SEK ADVENT 2. VAS\u00c1RNAPJ\u00c1N (DEC. 5.)<\/strong><\/p>\n<p>1. <strong>Ma<\/strong> 15 \u00f3r\u00e1t\u00f3l szents\u00e9gim\u00e1d\u00e1sra t\u00e9rhet\u00fcnk be 18 \u00f3r\u00e1ig. 19 \u00f3r\u00e1t\u00f3l Tabajdi \u00c1d\u00e1m orgonam\u0171v\u00e9sz el\u0151ad\u00e1s\u00e1ban hallhatjuk Olivier Messiaen: <em>Az \u00dar Sz\u00fclet\u00e9se (La Nativit\u00e9 du Seigneur) <\/em>c\u00edm\u0171 h\u00edres m\u0171vet, amelyet dr. Karasszon Dezs\u0151 ismertet.<\/p>\n<p>2. <strong>Kedden<\/strong> 16:30-t\u00f3l az 5. teremben M\u00e1ria \u00e9s M\u00e1rta elnevez\u00e9ssel tal\u00e1lkoz\u00e1si lehet\u0151s\u00e9get k\u00edn\u00e1lunk azoknak az egyed\u00fcl\u00e1ll\u00f3 n\u0151knek \u00e9s asszonyoknak (\u00e9desany\u00e1knak \u00e9s nagymam\u00e1knak), akik sz\u00edvesen j\u00e1rn\u00e1nak imak\u00f6rbe k\u00e9thetente. A programot k\u00f6z\u00f6sen alak\u00edtjuk, melynek sor\u00e1n lehet\u0151s\u00e9g lenne \u0151szint\u00e9n megnyilatkozni, m\u00e1sokat \u00e9rdekl\u0151dve meghallgatni, form\u00e1l\u00f3dni, \u00e9s ezek \u00e1ltal egy\u00fctt haladni, hiszen k\u00fcldet\u00e9s\u00fck van.<\/p>\n<p>3. <strong>P\u00e9nteken<\/strong> az esti szentmise ut\u00e1n, 18:45-t\u0151l adventi f\u00e9rfik\u00f6rbe h\u00edvom egyh\u00e1zk\u00f6zs\u00e9g\u00fcnk f\u00e9rfiait. \u00d6sszej\u00f6vetel\u00fcnket a 5. teremben tartjuk. Szeretettel v\u00e1rjuk a csoporthoz csatlakozni akar\u00f3 f\u00e9rfitestv\u00e9reinket!<\/p>\n<p>4. <strong>Szombaton<\/strong> d\u00e9lel\u0151tt\u201eEgy T\u00e1ny\u00e9r Szeretet\u201d mott\u00f3val a sz\u00e9kesegyh\u00e1zunkba j\u00e1r\u00f3 fiatal katolikus v\u00e1llalkoz\u00f3k fognak f\u0151zni r\u00e1szorul\u00f3knak \u00e9s hajl\u00e9ktalanoknak. Az eb\u00e9deltet\u00e9shez s\u00fctem\u00e9nnyel b\u00e1rki hozz\u00e1j\u00e1rulhat. A s\u00fctem\u00e9nyek leadhat\u00f3k 10 \u00e9s 11 \u00f3ra k\u00f6z\u00f6tt a 7. teremben.<\/p>\n<p>15 \u00f3r\u00e1t\u00f3l az Adventi Filmes D\u00e9lut\u00e1nok keret\u00e9ben megn\u00e9zz\u00fck <em>Magyar Passi\u00f3<\/em> c. filmet az Apoll\u00f3 Mozi Kert\u00e9sz Mih\u00e1ly term\u00e9ben. A filmn\u00e9z\u00e9st p\u00f3diumbesz\u00e9lget\u00e9s k\u00f6veti a l\u00e1tottakr\u00f3l. A bel\u00e9p\u00e9s d\u00edjtalan. Jelentkezni lehet feliratkoz\u00e1ssal a sekresty\u00e9ben vagy a pl\u00e9b\u00e1niairod\u00e1n, ill. elektronikus regisztr\u00e1l\u00e1ssal az al\u00e1bbi linken:<\/p>\n<p><a href=\"https:\/\/docs.google.com\/forms\/d\/e\/1FAIpQLSfqtxSSUxajV716br6MG5hSbtD7o-zOo4AU9ONN4fDNSrLwqw\/viewform\">https:\/\/docs.google.com\/forms\/d\/e\/1FAIpQLSfqtxSSUxajV716br6MG5hSbtD7o-zOo4AU9ONN4fDNSrLwqw\/viewform<\/a><\/p>\n<p>19.15 a <strong>Lautitia K\u00f3rus hangversenye<\/strong>. Jegyek el\u0151v\u00e9telben a Szent Efr\u00e9m \u00c1lt. Iskol\u00e1ban kaphat\u00f3k 2000 Ft-\u00e9rt, a helysz\u00ednen 2500 Ft-\u00e9rt.<\/p>\n<p>5. \u00dcnnepek e h\u00e9ten: kedden Szt. Ambrus p\u00fcsp\u00f6k \u00e9s egyh\u00e1ztan\u00edt\u00f3 eml\u00e9knapja \u00e9s szerd\u00e1n a Boldogs\u00e1gos Sz\u0171z M\u00e1ria szepl\u0151telen fogantat\u00e1s\u00e1nak f\u0151\u00fcnnepe.<\/p>\n<p>6. M\u00e1hoz egy h\u00e9tre lesz advent III. VAS\u00c1RNAPJA, az \u00f6r\u00f6m vas\u00e1rnapja. A 10.00-kor kezd\u0151d\u0151 szentmis\u00e9n \u00e9nekel a Mar\u00f3thi Gy\u00f6rgy Pedag\u00f3gusk\u00f3rus, az esti 6-os szentmis\u00e9ben pedig pl\u00e9b\u00e1ni\u00e1nk ifj\u00fas\u00e1gi zenekara.<\/p>\n<p>7. Minden katolikus h\u00e1ztart\u00e1sban legyen Debreceni Katolikus Figyel\u0151! Ezzel a mott\u00f3val elvihet\u0151 egyh\u00e1zk\u00f6zs\u00e9g\u00fcnk kiadv\u00e1ny\u00e1nak adventre megjelent sz\u00e1ma az \u00fajs\u00e1gospolcr\u00f3l 100 Ft-os \u00e1ron.<\/p>\n<p>8. A j\u00f6v\u0151 \u00e9vre m\u00e1r lehet szentmise-sz\u00e1nd\u00e9kokat el\u0151jegyeztetni a pl\u00e9b\u00e1ni\u00e1n szem\u00e9lyesen vagy telefonon.<\/p>\n<p>9. Folytat\u00f3dik az adventi adom\u00e1nygy\u0171jt\u00e9s december 23-ig, amellyel enyh\u00edthet\u00fcnk a neh\u00e9z helyzet\u0171 csal\u00e1dok \u00e9s id\u0151sek n\u00e9lk\u00fcl\u00f6z\u00e9s\u00e9n. Csatlakozzunk min\u00e9l t\u00f6bben az adom\u00e1nygy\u0171jt\u00e9shez!<\/p>\n<p>10. Legy\u00fcnk Krisztus munkat\u00e1rsai! Ezzel a mott\u00f3val h\u00edvjuk azokat a testv\u00e9reket, akik szeretn\u00e9k a gyakorlatban is megval\u00f3s\u00edtani a \u201elegkisebbeknek\u201d tett szolg\u00e1latot. Ez\u00e9rt v\u00e1rjuk a jelentkez\u00e9seket pl\u00e9b\u00e1ni\u00e1nk \u00f6nk\u00e9ntes karit\u00e1sz-csoportj\u00e1ba. Lelkes\u00edtsen benn\u00fcnket az adventi id\u0151ben J\u00e9zus tan\u00edt\u00e1sa: \u201eAmit e legkisebb testv\u00e9reim k\u00f6z\u00fcl eggyel is tettetek, azt velem tett\u00e9tek\u201d.<\/p>\n<table>\n<tr>\n<td><a href=\"https:\/\/www.avast.com\/sig-email?utm_medium=email&amp;utm_source=link&amp;utm_campaign=sig-email&amp;utm_content=webmail\"><img loading=\"lazy\" decoding=\"async\" src=\"https:\/\/ipmcdn.avast.com\/images\/icons\/icon-envelope-tick-round-orange-animated-no-repeat-v1.gif\" alt=\"\" width=\"46\" height=\"29\" \/><\/a><\/td>\n<td>Mentes a v\u00edrusokt\u00f3l. <a href=\"https:\/\/www.avast.com\/sig-email?utm_medium=email&amp;utm_source=link&amp;utm_campaign=sig-email&amp;utm_content=webmail\">www.avast.com<\/a><\/td>\n<\/tr>\n<\/table>\n","protected":false},"excerpt":{"rendered":"<p>HIRDET\u00c9SEK ADVENT 2. VAS\u00c1RNAPJ\u00c1N (DEC. 5.) 1. Ma 15 \u00f3r\u00e1t\u00f3l szents\u00e9gim\u00e1d\u00e1sra t\u00e9rhet\u00fcnk be 18 \u00f3r\u00e1ig. 19 \u00f3r\u00e1t\u00f3l Tabajdi \u00c1d\u00e1m orgonam\u0171v\u00e9sz el\u0151ad\u00e1s\u00e1ban hallhatjuk Olivier Messiaen: Az \u00dar Sz\u00fclet\u00e9se (La Nativit\u00e9 du Seigneur) c\u00edm\u0171 h\u00edres m\u0171vet, amelyet dr. Karasszon Dezs\u0151 ismertet. 2. Kedden 16:30-t\u00f3l az 5. teremben M\u00e1ria \u00e9s M\u00e1rta elnevez\u00e9ssel tal\u00e1lkoz\u00e1si lehet\u0151s\u00e9get k\u00edn\u00e1lunk azoknak az egyed\u00fcl\u00e1ll\u00f3 &hellip; <a href=\"https:\/\/szentannaplebania.dnyem.hu\/?p=2256\" class=\"more-link\"><span class=\"screen-reader-text\">5 December, 2021 17:57<\/span> r\u00e9szletei&#8230;<\/a><\/p>\n","protected":false},"author":2,"featured_media":0,"comment_status":"closed","ping_status":"open","sticky":false,"template":"","format":"standard","meta":{"_jetpack_memberships_contains_paid_content":false,"footnotes":""},"categories":[15],"tags":[],"class_list":["post-2256","post","type-post","status-publish","format-standard","hentry","category-hirdetesek"],"jetpack_featured_media_url":"","jetpack_shortlink":"https:\/\/wp.me\/p9doK4-Ao","jetpack_sharing_enabled":true,"_links":{"self":[{"href":"https:\/\/szentannaplebania.dnyem.hu\/index.php?rest_route=\/wp\/v2\/posts\/2256","targetHints":{"allow":["GET"]}}],"collection":[{"href":"https:\/\/szentannaplebania.dnyem.hu\/index.php?rest_route=\/wp\/v2\/posts"}],"about":[{"href":"https:\/\/szentannaplebania.dnyem.hu\/index.php?rest_route=\/wp\/v2\/types\/post"}],"author":[{"embeddable":true,"href":"https:\/\/szentannaplebania.dnyem.hu\/index.php?rest_route=\/wp\/v2\/users\/2"}],"replies":[{"embeddable":true,"href":"https:\/\/szentannaplebania.dnyem.hu\/index.php?rest_route=%2Fwp%2Fv2%2Fcomments&post=2256"}],"version-history":[{"count":0,"href":"https:\/\/szentannaplebania.dnyem.hu\/index.php?rest_route=\/wp\/v2\/posts\/2256\/revisions"}],"wp:attachment":[{"href":"https:\/\/szentannaplebania.dnyem.hu\/index.php?rest_route=%2Fwp%2Fv2%2Fmedia&parent=2256"}],"wp:term":[{"taxonomy":"category","embeddable":true,"href":"https:\/\/szentannaplebania.dnyem.hu\/index.php?rest_route=%2Fwp%2Fv2%2Fcategories&post=2256"},{"taxonomy":"post_tag","embeddable":true,"href":"https:\/\/szentannaplebania.dnyem.hu\/index.php?rest_route=%2Fwp%2Fv2%2Ftags&post=2256"}],"curies":[{"name":"wp","href":"https:\/\/api.w.org\/{rel}","templated":true}]}}