{"id":2257,"date":"2021-12-11T21:53:38","date_gmt":"2021-12-11T19:53:38","guid":{"rendered":"http:\/\/szentannaplebania.dnyem.hu\/?p=2257"},"modified":"2021-12-11T21:53:38","modified_gmt":"2021-12-11T19:53:38","slug":"11-december-2021-2153","status":"publish","type":"post","link":"https:\/\/szentannaplebania.dnyem.hu\/?p=2257","title":{"rendered":"11 December, 2021 21:53"},"content":{"rendered":"<h6>HIRDET\u00c9SEK ADVENT 3. \u2013 GAUDETE \u2013 VAS\u00c1RNAPJ\u00c1N (dec. 12.)<\/h6>\n<p>1. Ma van advent 3. vas\u00e1rnapja, az \u00f6rvendez\u00e9s vas\u00e1rnapja. A Gaudete vas\u00e1rnap a latin \u00d6rvendjetek <em>\u2014 <\/em>Szt. P\u00e1l apostol szavait id\u00e9z\u0151<em>(v\u00f6. Fil 4,4-6) \u2014 kezd\u0151\u00e9nekr\u0151l (<\/em>introitusr\u00f3l)kapta a nev\u00e9t.<\/p>\n<p>15 \u00f3r\u00e1t\u00f3l a K\u00f6lcsey K\u00f6zpont Nagyterm\u00e9ben a szeptemberben megtartott 52. Nemzetk\u00f6zi Eucharisztikus Kongresszus 12 h\u00edrn\u00f6ke k\u00f6z\u00fcl Cs\u00f3kay Andr\u00e1s idegseb\u00e9sz, Lackfi J\u00e1nos k\u00f6lt\u0151-m\u0171ford\u00edt\u00f3 \u00e9s Szikora R\u00f3bert zen\u00e9sz vall hit\u00e9r\u0151l \u00e9s szolg\u00e1lat\u00e1r\u00f3l. A rendezv\u00e9ny csak v\u00e9detts\u00e9gi igazolv\u00e1nnyal \u00e9s sz\u00e1jmaszkkal l\u00e1togathat\u00f3.<\/p>\n<p>Az esti 6-os szentmis\u00e9n pl\u00e9b\u00e1ni\u00e1nk ifj\u00fas\u00e1gi hittanosaib\u00f3l \u00e1ll\u00f3 zenekara fog \u00e9nekelni.<\/p>\n<p>2. <strong>Keddt\u0151l <\/strong>h\u00e9tk\u00f6znaponk\u00e9nt reggel f\u00e9l 8-t\u00f3l v\u00e9gezz\u00fck a <strong>Szent Csal\u00e1d-j\u00e1r\u00e1s<\/strong> kilencedet.<\/p>\n<p>3. <strong>Szerd\u00e1n<\/strong><\/p>\n<p>\u2014 9 \u00f3r\u00e1t\u00f3l folytat\u00f3dik az Id\u0151sek Akad\u00e9mi\u00e1ja a 7. teremben. H\u00edvom \u00e9s v\u00e1rom az id\u0151seket, hogy vel\u00fck egykor\u00faak der\u0171s t\u00e1rsas\u00e1g\u00e1ban t\u00f6ltsenek el n\u00e9h\u00e1ny tartalmas d\u00e9lel\u0151tti \u00f3r\u00e1t.<\/p>\n<p>\u2014 19 \u00f3r\u00e1t\u00f3l kezd\u0151dik a Szent J\u00f3zsef Koll\u00e9gium di\u00e1kjainak betlehemese \u00e9s kar\u00e1csonyi koncertje templomunkban.<\/p>\n<p>4. <strong>Cs\u00fct\u00f6rt\u00f6k\u00f6n<\/strong> 16 \u00f3rakor lesz Betlehemi l\u00e1ng fogad\u00e1sa a reform\u00e1tus Nagytemplom m\u00f6g\u00f6tti Eml\u00e9kkertben, ahonnan otthonainkba vihet\u0151 a l\u00e1ng.<\/p>\n<p>5. M\u00e1hoz egy h\u00e9tre este f\u00e9l 6-kor \u00fcnnep\u00e9lyes esti dics\u00e9retet \u00e9nekl\u00fcnk.<\/p>\n<p>6. Folytat\u00f3dik az adventi adom\u00e1nygy\u0171jt\u00e9s december 23-ig, amellyel enyh\u00edthet\u00fcnk a neh\u00e9z helyzet\u0171 csal\u00e1dok \u00e9s id\u0151sek n\u00e9lk\u00fcl\u00f6z\u00e9s\u00e9n. Csatlakozzunk min\u00e9l t\u00f6bben az adom\u00e1nygy\u0171jt\u00e9shez! Az adom\u00e1nyok leadhat\u00f3k a sekresty\u00e9ben vagy a pl\u00e9b\u00e1niairod\u00e1n.<\/p>\n<p>7. A j\u00f6v\u0151 \u00e9vre m\u00e1r lehet szentmise-sz\u00e1nd\u00e9kokat (\u00e9l\u0151k\u00e9rt \u00e9s holtak\u00e9rt egyar\u00e1nt) el\u0151jegyeztetni a pl\u00e9b\u00e1ni\u00e1n szem\u00e9lyesen vagy telefonon.<\/p>\n<p>8. <strong>Liturgikus eml\u00e9knapok e h\u00e9ten: <\/strong>h\u00e9tf\u0151n Szent L\u00facia sz\u0171z \u00e9s v\u00e9rtan\u00fa, kedden Keresztes Szt. J\u00e1nos \u00e1ldoz\u00f3pap \u00e9s egyh\u00e1ztan\u00edt\u00f3 eml\u00e9knapja.<\/p>\n<table>\n<tr>\n<td><a href=\"https:\/\/www.avast.com\/sig-email?utm_medium=email&amp;utm_source=link&amp;utm_campaign=sig-email&amp;utm_content=webmail\"><img loading=\"lazy\" decoding=\"async\" src=\"https:\/\/ipmcdn.avast.com\/images\/icons\/icon-envelope-tick-round-orange-animated-no-repeat-v1.gif\" alt=\"\" width=\"46\" height=\"29\" \/><\/a><\/td>\n<td>Mentes a v\u00edrusokt\u00f3l. <a href=\"https:\/\/www.avast.com\/sig-email?utm_medium=email&amp;utm_source=link&amp;utm_campaign=sig-email&amp;utm_content=webmail\">www.avast.com<\/a><\/td>\n<\/tr>\n<\/table>\n","protected":false},"excerpt":{"rendered":"<p>HIRDET\u00c9SEK ADVENT 3. \u2013 GAUDETE \u2013 VAS\u00c1RNAPJ\u00c1N (dec. 12.) 1. Ma van advent 3. vas\u00e1rnapja, az \u00f6rvendez\u00e9s vas\u00e1rnapja. A Gaudete vas\u00e1rnap a latin \u00d6rvendjetek \u2014 Szt. P\u00e1l apostol szavait id\u00e9z\u0151(v\u00f6. Fil 4,4-6) \u2014 kezd\u0151\u00e9nekr\u0151l (introitusr\u00f3l)kapta a nev\u00e9t. 15 \u00f3r\u00e1t\u00f3l a K\u00f6lcsey K\u00f6zpont Nagyterm\u00e9ben a szeptemberben megtartott 52. Nemzetk\u00f6zi Eucharisztikus Kongresszus 12 h\u00edrn\u00f6ke k\u00f6z\u00fcl Cs\u00f3kay Andr\u00e1s &hellip; <a href=\"https:\/\/szentannaplebania.dnyem.hu\/?p=2257\" class=\"more-link\"><span class=\"screen-reader-text\">11 December, 2021 21:53<\/span> r\u00e9szletei&#8230;<\/a><\/p>\n","protected":false},"author":2,"featured_media":0,"comment_status":"closed","ping_status":"open","sticky":false,"template":"","format":"standard","meta":{"_jetpack_memberships_contains_paid_content":false,"footnotes":""},"categories":[15],"tags":[],"class_list":["post-2257","post","type-post","status-publish","format-standard","hentry","category-hirdetesek"],"jetpack_featured_media_url":"","jetpack_shortlink":"https:\/\/wp.me\/p9doK4-Ap","jetpack_sharing_enabled":true,"_links":{"self":[{"href":"https:\/\/szentannaplebania.dnyem.hu\/index.php?rest_route=\/wp\/v2\/posts\/2257","targetHints":{"allow":["GET"]}}],"collection":[{"href":"https:\/\/szentannaplebania.dnyem.hu\/index.php?rest_route=\/wp\/v2\/posts"}],"about":[{"href":"https:\/\/szentannaplebania.dnyem.hu\/index.php?rest_route=\/wp\/v2\/types\/post"}],"author":[{"embeddable":true,"href":"https:\/\/szentannaplebania.dnyem.hu\/index.php?rest_route=\/wp\/v2\/users\/2"}],"replies":[{"embeddable":true,"href":"https:\/\/szentannaplebania.dnyem.hu\/index.php?rest_route=%2Fwp%2Fv2%2Fcomments&post=2257"}],"version-history":[{"count":0,"href":"https:\/\/szentannaplebania.dnyem.hu\/index.php?rest_route=\/wp\/v2\/posts\/2257\/revisions"}],"wp:attachment":[{"href":"https:\/\/szentannaplebania.dnyem.hu\/index.php?rest_route=%2Fwp%2Fv2%2Fmedia&parent=2257"}],"wp:term":[{"taxonomy":"category","embeddable":true,"href":"https:\/\/szentannaplebania.dnyem.hu\/index.php?rest_route=%2Fwp%2Fv2%2Fcategories&post=2257"},{"taxonomy":"post_tag","embeddable":true,"href":"https:\/\/szentannaplebania.dnyem.hu\/index.php?rest_route=%2Fwp%2Fv2%2Ftags&post=2257"}],"curies":[{"name":"wp","href":"https:\/\/api.w.org\/{rel}","templated":true}]}}