{"id":2258,"date":"2021-12-19T07:19:42","date_gmt":"2021-12-19T05:19:42","guid":{"rendered":"http:\/\/szentannaplebania.dnyem.hu\/?p=2258"},"modified":"2021-12-19T07:19:42","modified_gmt":"2021-12-19T05:19:42","slug":"19-december-2021-0719","status":"publish","type":"post","link":"https:\/\/szentannaplebania.dnyem.hu\/?p=2258","title":{"rendered":"19 December, 2021 07:19"},"content":{"rendered":"<p><strong>HIRDET\u00c9SEK ADVENT 4. VAS\u00c1RNAPJ\u00c1N (DEC. 19.)<\/strong><\/p>\n<p>1. Ma este f\u00e9l 6-kor \u00fcnnep\u00e9lyes esti dics\u00e9retet \u00e9nekl\u00fcnk.<\/p>\n<p>2.<\/p>\n<p>3. <strong>Kedden<\/strong> 8 \u00f3r\u00e1t\u00f3l kezdj\u00fck sz\u00e9kesegyh\u00e1zunk kar\u00e1csonyi nagytakar\u00edt\u00e1s\u00e1t \u00e9s a kar\u00e1csonyfa-\u00e1ll\u00edt\u00e1st. Min\u00e9l t\u00f6bben vegy\u00fck ki r\u00e9sz\u00fcnket ezekb\u0151l a munk\u00e1kb\u00f3l. Mindenki seg\u00edts\u00e9ge \u2013 legyen az id\u0151ben m\u00e9g oly r\u00f6vid is \u2013 igen \u00e9rt\u00e9kes!<\/p>\n<p>4. <strong>Kedden<\/strong> 16:30-t\u00f3l az 5. teremben tartjuk a M\u00e1ria \u00e9s M\u00e1rta n\u0151i imak\u00f6rt az egyed\u00fcl\u00e1ll\u00f3 n\u0151knek \u00e9s asszonyoknak (\u00e9desany\u00e1knak \u00e9s nagymam\u00e1knak).<\/p>\n<p>5. <strong>P\u00e9nteken<\/strong> reggel m\u00e1r nem lesz ror\u00e1te-mise.<\/p>\n<p>6. <strong>P\u00e9nteken<\/strong> 15:30-kor hittanos gyermekeink kar\u00e1csonyi p\u00e1sztorj\u00e1t\u00e9kot adnak el\u0151.Ut\u00e1na 16 \u00f3rakor kezd\u0151dik Urunk sz\u00fclet\u00e9s\u00e9nek vig\u00edliai (el\u0151esti) szentmis\u00e9je. 17 \u00f3r\u00e1t\u00f3l 23 \u00f3r\u00e1ig templomunk Z\u00c1RVA LESZ. 23 \u00f3rakor nyitjuk ki a sz\u00e9kesegyh\u00e1zat, \u00e9s kezdj\u00fck az \u00e9jf\u00e9li szentmis\u00e9ig tart\u00f3 orgon\u00e1s-\u00e9nekes-irodalmi \u00e1h\u00edtatot.<\/p>\n<p>7. <strong>Szombaton URUNK SZ\u00dcLET\u00c9S\u00c9NEK F\u0150\u00dcNNEPE, kar\u00e1csony els\u0151 napja. <\/strong>\u00c9jf\u00e9lkor (00:00) kezd\u0151dik a p\u00fcsp\u00f6ki szentmise; vas\u00e1rnapi miserendet tartunk.Aki az \u00e9jf\u00e9li szentmis\u00e9n \u00e1ldozik, az kar\u00e1csony els\u0151 napj\u00e1n egy m\u00e1sik szentmis\u00e9n is \u00e1ldozhat.<\/p>\n<p>8. Kar\u00e1csony eg\u00e9sz napi perselygy\u0171jt\u00e9s\u00e9t a papnevel\u00e9sre tov\u00e1bb\u00edtjuk.<\/p>\n<p>9. <strong>Vas\u00e1rnap<\/strong>, Szent Csal\u00e1d \u00fcnnep\u00e9n minden szentmise ut\u00e1n meg\u00e1ldjuk a csal\u00e1dokat.<\/p>\n<p>10. A szentgy\u00f3n\u00e1s v\u00e9gezhet\u0151 a gy\u00f3ntat\u00f3sz\u00e9k helyett az 5. \u00e9s a 6. teremben. Minden szentmise el\u0151tt egy f\u00e9l \u00f3r\u00e1val kezd\u0151dik a gy\u00f3ntat\u00e1s.<\/p>\n<p>Kar\u00e1csony el\u0151tt a k\u00f6vetkez\u0151 napokon lesz <strong>gy\u00f3ntat\u00e1si \u00fcgyelet<\/strong>: <strong>kedden<\/strong>, <strong>szerd\u00e1n<\/strong>, <strong>cs\u00fct\u00f6rt\u00f6k\u00f6n<\/strong> 16:00-t\u00f3l 18:00-ig \u00e9s p\u00e9nteken 7:00-t\u0151l 12:00-ig.<\/p>\n<p>11. Minden katolikus csal\u00e1db\u00f3l terjedjen az \u00d6R\u00d6M-H\u00cdR! Ezzel a mott\u00f3val elvihet\u0151 az \u00fajs\u00e1gos polcr\u00f3l 400 Ft-os \u00e1ron egyh\u00e1zmegy\u00e9nk kiadv\u00e1ny\u00e1nak leg\u00fajabb sz\u00e1ma. Gondoljunk azokra is, akiknek kedv\u00e9ben j\u00e1rhatunk azzal, ha \u0151k is k\u00e9zbe vehetik az \u00d6r\u00f6m-H\u00edr egy p\u00e9ld\u00e1ny\u00e1t.<\/p>\n<p>12. Minden hozz\u00e1nk tartoz\u00f3 \u00e9s ide bet\u00e9r\u0151 Kedves Testv\u00e9r\u00fcnket a Kisded J\u00e9zus \u00f6rvendeztesse meg sz\u00fclet\u00e9s\u00e9nek szent \u00fcnnep\u00e9vel!<\/p>\n<table>\n<tr>\n<td><a href=\"https:\/\/www.avast.com\/sig-email?utm_medium=email&amp;utm_source=link&amp;utm_campaign=sig-email&amp;utm_content=webmail\"><img loading=\"lazy\" decoding=\"async\" src=\"https:\/\/ipmcdn.avast.com\/images\/icons\/icon-envelope-tick-round-orange-animated-no-repeat-v1.gif\" alt=\"\" width=\"46\" height=\"29\" \/><\/a><\/td>\n<td>Mentes a v\u00edrusokt\u00f3l. <a href=\"https:\/\/www.avast.com\/sig-email?utm_medium=email&amp;utm_source=link&amp;utm_campaign=sig-email&amp;utm_content=webmail\">www.avast.com<\/a><\/td>\n<\/tr>\n<\/table>\n","protected":false},"excerpt":{"rendered":"<p>HIRDET\u00c9SEK ADVENT 4. VAS\u00c1RNAPJ\u00c1N (DEC. 19.) 1. Ma este f\u00e9l 6-kor \u00fcnnep\u00e9lyes esti dics\u00e9retet \u00e9nekl\u00fcnk. 2. 3. Kedden 8 \u00f3r\u00e1t\u00f3l kezdj\u00fck sz\u00e9kesegyh\u00e1zunk kar\u00e1csonyi nagytakar\u00edt\u00e1s\u00e1t \u00e9s a kar\u00e1csonyfa-\u00e1ll\u00edt\u00e1st. Min\u00e9l t\u00f6bben vegy\u00fck ki r\u00e9sz\u00fcnket ezekb\u0151l a munk\u00e1kb\u00f3l. Mindenki seg\u00edts\u00e9ge \u2013 legyen az id\u0151ben m\u00e9g oly r\u00f6vid is \u2013 igen \u00e9rt\u00e9kes! 4. Kedden 16:30-t\u00f3l az 5. teremben tartjuk &hellip; <a href=\"https:\/\/szentannaplebania.dnyem.hu\/?p=2258\" class=\"more-link\"><span class=\"screen-reader-text\">19 December, 2021 07:19<\/span> r\u00e9szletei&#8230;<\/a><\/p>\n","protected":false},"author":2,"featured_media":0,"comment_status":"closed","ping_status":"open","sticky":false,"template":"","format":"standard","meta":{"_jetpack_memberships_contains_paid_content":false,"footnotes":""},"categories":[15],"tags":[],"class_list":["post-2258","post","type-post","status-publish","format-standard","hentry","category-hirdetesek"],"jetpack_featured_media_url":"","jetpack_shortlink":"https:\/\/wp.me\/p9doK4-Aq","jetpack_sharing_enabled":true,"_links":{"self":[{"href":"https:\/\/szentannaplebania.dnyem.hu\/index.php?rest_route=\/wp\/v2\/posts\/2258","targetHints":{"allow":["GET"]}}],"collection":[{"href":"https:\/\/szentannaplebania.dnyem.hu\/index.php?rest_route=\/wp\/v2\/posts"}],"about":[{"href":"https:\/\/szentannaplebania.dnyem.hu\/index.php?rest_route=\/wp\/v2\/types\/post"}],"author":[{"embeddable":true,"href":"https:\/\/szentannaplebania.dnyem.hu\/index.php?rest_route=\/wp\/v2\/users\/2"}],"replies":[{"embeddable":true,"href":"https:\/\/szentannaplebania.dnyem.hu\/index.php?rest_route=%2Fwp%2Fv2%2Fcomments&post=2258"}],"version-history":[{"count":0,"href":"https:\/\/szentannaplebania.dnyem.hu\/index.php?rest_route=\/wp\/v2\/posts\/2258\/revisions"}],"wp:attachment":[{"href":"https:\/\/szentannaplebania.dnyem.hu\/index.php?rest_route=%2Fwp%2Fv2%2Fmedia&parent=2258"}],"wp:term":[{"taxonomy":"category","embeddable":true,"href":"https:\/\/szentannaplebania.dnyem.hu\/index.php?rest_route=%2Fwp%2Fv2%2Fcategories&post=2258"},{"taxonomy":"post_tag","embeddable":true,"href":"https:\/\/szentannaplebania.dnyem.hu\/index.php?rest_route=%2Fwp%2Fv2%2Ftags&post=2258"}],"curies":[{"name":"wp","href":"https:\/\/api.w.org\/{rel}","templated":true}]}}