{"id":2259,"date":"2021-12-25T17:26:27","date_gmt":"2021-12-25T15:26:27","guid":{"rendered":"http:\/\/szentannaplebania.dnyem.hu\/?p=2259"},"modified":"2021-12-25T17:26:27","modified_gmt":"2021-12-25T15:26:27","slug":"25-december-2021-1726","status":"publish","type":"post","link":"https:\/\/szentannaplebania.dnyem.hu\/?p=2259","title":{"rendered":"25 December, 2021 17:26"},"content":{"rendered":"<h6>HIRDET\u00c9SEK SZENT CSAL\u00c1D VAS\u00c1RNAPJ\u00c1N (DEC. 26.)<\/h6>\n<p>1. Ma minden szentmise ut\u00e1n meg\u00e1ldjuk a jelenl\u00e9v\u0151 csal\u00e1dokat. Az olt\u00e1rl\u00e9pcs\u0151 el\u0151tt egy-egy csal\u00e1d minden gener\u00e1ci\u00f3ja egy\u00fctt fogadja az \u00e1ld\u00e1st.<\/p>\n<p>2. <strong>P\u00e9nteken, dec. 31-\u00e9n,<\/strong> a 18 \u00f3rai szentmis\u00e9ben tartjuk az \u00e9v v\u00e9gi h\u00e1laad\u00e1st. Teljes b\u00facs\u00fat nyerhet ezen a napon az a h\u00edv\u0151, aki megfelel\u0151 lelk\u00fclettel r\u00e9szt vesz a Te Deum \u00fcnnep\u00e9lyes \u00e9nekl\u00e9s\u00e9n vagy elim\u00e1dkoz\u00e1s\u00e1n h\u00e1laad\u00e1sul a v\u00e9get \u00e9r\u0151 \u00e9vben kapott j\u00f3t\u00e9tem\u00e9nyek\u00e9rt.<\/p>\n<p>3. <strong>Szombaton, 2022. jan. 1-j\u00e9n<\/strong>, Sz\u0171z M\u00e1ria, Isten Anyja parancsolt f\u0151\u00fcnnep\u00e9n, a B\u00e9ke Vil\u00e1gnapj\u00e1n \u00e9s a polg\u00e1ri \u00daj \u00c9v els\u0151 napj\u00e1n <strong>vas\u00e1rnapi miserend<\/strong>et tartunk.<\/p>\n<p>4. <strong>\u00dcnnepek kar\u00e1csony nyolcad\u00e1ban: <\/strong>h\u00e9tf\u0151n Szt. J\u00e1nos apostol \u00e9s evang\u00e9lista, valamint kedden Apr\u00f3szentek \u00fcnnepe.<\/p>\n<p>5. <strong>Minden katolikus csal\u00e1db\u00f3l terjedjen az \u00d6R\u00d6M-H\u00cdR!<\/strong> Ezzel a mott\u00f3val elvihet\u0151 az \u00fajs\u00e1gos polcr\u00f3l 400 Ft-os \u00e1ron egyh\u00e1zmegy\u00e9nk kiadv\u00e1ny\u00e1nak leg\u00fajabb sz\u00e1m\u00e1t. Gondoljunk azokra is, akiknek kedv\u00e9ben j\u00e1rhatunk azzal, ha \u0151k is k\u00e9zbe vehetik az \u00d6r\u00f6m-H\u00edr egy p\u00e9ld\u00e1ny\u00e1t.<\/p>\n<p>6. A debreceni Szent J\u00f3zsef \u00d3voda, \u00c1ltal\u00e1nos Iskola, Gimn\u00e1zium \u00e9s Koll\u00e9gium szertettel v\u00e1rja \u00e9s h\u00edvja leend\u0151 di\u00e1kjait. A 6. \u00e9s a 8. \u00e9vfolyamot befejez\u0151k gimn\u00e1ziumi k\u00e9pz\u00e9sekre jelentkezhetnek: angol nyelvi, informatika, sport, hum\u00e1n \u00e9s \u00e1ltal\u00e1nos tagozaton. A most iskol\u00e1ba l\u00e9p\u0151ket angol k\u00e9ttan\u00edt\u00e1si nyelv\u0171 \u00e9s sporttagozatos k\u00e9pz\u00e9ssel v\u00e1rjuk az els\u0151 oszt\u00e1lyba. A j\u00f3zsai \u00f3vod\u00e1nkba a legkisebbek \u00e9rkezhetnek. Egyben tudatjuk, hogy Debrecenben a 2022 szeptember\u00e9t\u0151l \u00fajonnan indul\u00f3 Borb\u00edr\u00f3 t\u00e9ri \u00f3vodai csoportjainkba m\u00e1r janu\u00e1r folyam\u00e1n lehet jelentkezni. V\u00e1rjuk a csal\u00e1dokat! Mindent megtesz\u00fcnk az\u00e9rt, hogy a gyermek- \u00e9s ifj\u00fakor leg\u00e9rt\u00e9kesebb \u00e9vei hittel, szeretettel teljesek lehessenek, \u00e9s a r\u00e1nk b\u00edzott gyermekek \u00e9rt\u00e9kes tud\u00e1ssal gyarapodva jussanak a feln\u0151ttkor k\u00fcsz\u00f6b\u00e9re.<\/p>\n<p>7. Az \u00dar 2021. \u00e9v\u00e9nek v\u00e9g\u00e9hez k\u00f6zeledve h\u00e1l\u00e1san k\u00f6sz\u00f6n\u00f6m minden Kedves Testv\u00e9r\u00fcnk \u00f6nzetlen\u00fcl v\u00e9gzett \u00f6nk\u00e9ntes munk\u00e1j\u00e1t; seg\u00edts\u00e9gny\u00fajt\u00e1s\u00e1t hit\u00e9leti programjainak szervez\u00e9s\u00e9ben \u00e9s lebonyol\u00edt\u00e1s\u00e1ban, valamint \u00e1ldozatos anyagi t\u00e1mogat\u00e1s\u00e1t.<\/p>\n<p>A Szentl\u00e9lekt\u0151l kapott karizm\u00e1inkkal az \u00faj esztend\u0151ben is elk\u00f6telezetten \u00e9s n\u00f6vekv\u0151 lelkesed\u00e9ssel akarjuk el\u0151mozd\u00edtani \u2014 gondolattal, sz\u00f3val \u00e9s cselekedettel \u2014 egyh\u00e1zk\u00f6zs\u00e9g\u00fcnk gyarapod\u00e1s\u00e1t minden j\u00f3ban.<\/p>\n<p>Az id\u0151 \u00e9s az \u00f6r\u00f6kk\u00e9val\u00f3s\u00e1g Ura \u00e9s Istene b\u00e9k\u00e9s, boldog \u00daj Esztend\u0151vel \u00f6rvendeztesse meg minden egyh\u00e1zk\u00f6zs\u00e9g\u00fcnkh\u00f6z tartoz\u00f3 \u00e9s idel\u00e1togat\u00f3 Kedves Testv\u00e9r\u00fcnket.<\/p>\n<table>\n<tr>\n<td><a href=\"https:\/\/www.avast.com\/sig-email?utm_medium=email&amp;utm_source=link&amp;utm_campaign=sig-email&amp;utm_content=webmail\"><img loading=\"lazy\" decoding=\"async\" src=\"https:\/\/ipmcdn.avast.com\/images\/icons\/icon-envelope-tick-round-orange-animated-no-repeat-v1.gif\" alt=\"\" width=\"46\" height=\"29\" \/><\/a><\/td>\n<td>Mentes a v\u00edrusokt\u00f3l. <a href=\"https:\/\/www.avast.com\/sig-email?utm_medium=email&amp;utm_source=link&amp;utm_campaign=sig-email&amp;utm_content=webmail\">www.avast.com<\/a><\/td>\n<\/tr>\n<\/table>\n","protected":false},"excerpt":{"rendered":"<p>HIRDET\u00c9SEK SZENT CSAL\u00c1D VAS\u00c1RNAPJ\u00c1N (DEC. 26.) 1. Ma minden szentmise ut\u00e1n meg\u00e1ldjuk a jelenl\u00e9v\u0151 csal\u00e1dokat. Az olt\u00e1rl\u00e9pcs\u0151 el\u0151tt egy-egy csal\u00e1d minden gener\u00e1ci\u00f3ja egy\u00fctt fogadja az \u00e1ld\u00e1st. 2. P\u00e9nteken, dec. 31-\u00e9n, a 18 \u00f3rai szentmis\u00e9ben tartjuk az \u00e9v v\u00e9gi h\u00e1laad\u00e1st. Teljes b\u00facs\u00fat nyerhet ezen a napon az a h\u00edv\u0151, aki megfelel\u0151 lelk\u00fclettel r\u00e9szt vesz a Te &hellip; <a href=\"https:\/\/szentannaplebania.dnyem.hu\/?p=2259\" class=\"more-link\"><span class=\"screen-reader-text\">25 December, 2021 17:26<\/span> r\u00e9szletei&#8230;<\/a><\/p>\n","protected":false},"author":2,"featured_media":0,"comment_status":"closed","ping_status":"open","sticky":false,"template":"","format":"standard","meta":{"_jetpack_memberships_contains_paid_content":false,"footnotes":""},"categories":[15],"tags":[],"class_list":["post-2259","post","type-post","status-publish","format-standard","hentry","category-hirdetesek"],"jetpack_featured_media_url":"","jetpack_shortlink":"https:\/\/wp.me\/p9doK4-Ar","jetpack_sharing_enabled":true,"_links":{"self":[{"href":"https:\/\/szentannaplebania.dnyem.hu\/index.php?rest_route=\/wp\/v2\/posts\/2259","targetHints":{"allow":["GET"]}}],"collection":[{"href":"https:\/\/szentannaplebania.dnyem.hu\/index.php?rest_route=\/wp\/v2\/posts"}],"about":[{"href":"https:\/\/szentannaplebania.dnyem.hu\/index.php?rest_route=\/wp\/v2\/types\/post"}],"author":[{"embeddable":true,"href":"https:\/\/szentannaplebania.dnyem.hu\/index.php?rest_route=\/wp\/v2\/users\/2"}],"replies":[{"embeddable":true,"href":"https:\/\/szentannaplebania.dnyem.hu\/index.php?rest_route=%2Fwp%2Fv2%2Fcomments&post=2259"}],"version-history":[{"count":0,"href":"https:\/\/szentannaplebania.dnyem.hu\/index.php?rest_route=\/wp\/v2\/posts\/2259\/revisions"}],"wp:attachment":[{"href":"https:\/\/szentannaplebania.dnyem.hu\/index.php?rest_route=%2Fwp%2Fv2%2Fmedia&parent=2259"}],"wp:term":[{"taxonomy":"category","embeddable":true,"href":"https:\/\/szentannaplebania.dnyem.hu\/index.php?rest_route=%2Fwp%2Fv2%2Fcategories&post=2259"},{"taxonomy":"post_tag","embeddable":true,"href":"https:\/\/szentannaplebania.dnyem.hu\/index.php?rest_route=%2Fwp%2Fv2%2Ftags&post=2259"}],"curies":[{"name":"wp","href":"https:\/\/api.w.org\/{rel}","templated":true}]}}