{"id":2260,"date":"2022-01-01T18:37:30","date_gmt":"2022-01-01T16:37:30","guid":{"rendered":"http:\/\/szentannaplebania.dnyem.hu\/?p=2260"},"modified":"2022-01-01T18:37:30","modified_gmt":"2022-01-01T16:37:30","slug":"1-january-2022-1837","status":"publish","type":"post","link":"https:\/\/szentannaplebania.dnyem.hu\/?p=2260","title":{"rendered":"1 January, 2022 18:37"},"content":{"rendered":"<h6>HIRDET\u00c9SEK A KAR\u00c1CSONY UT\u00c1NI 2. VAS\u00c1RNAP (JAN. 2.)<\/h6>\n<p>1. Ma 15 \u00f3r\u00e1t\u00f3l csendes szents\u00e9gim\u00e1d\u00e1sra t\u00e9rhet\u00fcnk be 18:00-ig.<\/p>\n<p>2. <strong>Kedden<\/strong> 16:30-t\u00f3l az 5. teremben tartjuk a M\u00e1ria \u00e9s M\u00e1rta n\u0151i imak\u00f6rt az egyed\u00fcl\u00e1ll\u00f3 n\u0151knek \u00e9s asszonyoknak (\u00e9desany\u00e1knak \u00e9s nagymam\u00e1knak).<\/p>\n<p>3. <strong>Cs\u00fct\u00f6rt\u00f6k\u00f6n, janu\u00e1r 6-\u00e1n, <\/strong>URUNK MEGJELEN\u00c9SE, <strong>V\u00cdZKERESZT<\/strong> parancsolt \u00fcnnep\u00e9n vas\u00e1rnapi miserendet tartunk. V\u00edzszentel\u00e9st az el\u0151esti \u00e9s a 10 \u00f3rai szentmise elej\u00e9n v\u00e9gz\u00fcnk. Ezt k\u00f6vet\u0151en vihetnek bel\u0151le a Kedves Testv\u00e9rek, hogy im\u00e1ds\u00e1g k\u00eds\u00e9ret\u00e9ben meghints\u00e9k vele otthonukat.<\/p>\n<p>A f\u00e9l 12-es szentmis\u00e9t k\u00f6vet\u0151en eg\u00e9sz napos szents\u00e9gim\u00e1d\u00e1s lesz 18 \u00f3r\u00e1ig. 17 \u00f3r\u00e1t\u00f3l kezd\u0151dik az ima\u00f3ra papi hivat\u00e1sok\u00e9rt.<\/p>\n<p>4. <strong>Els\u0151p\u00e9nteken<\/strong>, a J\u00e9zus Sz\u00edve-tisztelet napj\u00e1n, megl\u00e1togatjuk betegeinket, akik otthonukban akarj\u00e1k szentgy\u00f3n\u00e1sukat \u00e9s \u2013\u00e1ldoz\u00e1sukat elv\u00e9gezni. 17:30-kor \u00e9nekelj\u00fck a J\u00e9zus sz\u00edve lit\u00e1ni\u00e1t.<\/p>\n<p>5. <strong>Vas\u00e1rnap<\/strong> URUNK MEGKERESZTELKED\u00c9S\u00c9T \u00fcnnepelj\u00fck. Ezzel az \u00fcnneppel befejez\u0151dik a kar\u00e1csonyi \u00fcnnepk\u00f6r.<\/p>\n<p>19 \u00f3r\u00e1t\u00f3l orgonakoncerten vehet\u00fcnk r\u00e9szt.<\/p>\n<p>6. A Szentl\u00e9lekt\u0151l kapott karizm\u00e1inkkal az \u00faj esztend\u0151ben is akarjuk el\u0151mozd\u00edtani egyh\u00e1zk\u00f6zs\u00e9g\u00fcnk gyarapod\u00e1s\u00e1t minden j\u00f3ban.<\/p>\n<table>\n<tr>\n<td><a href=\"https:\/\/www.avast.com\/sig-email?utm_medium=email&amp;utm_source=link&amp;utm_campaign=sig-email&amp;utm_content=webmail\"><img loading=\"lazy\" decoding=\"async\" src=\"https:\/\/ipmcdn.avast.com\/images\/icons\/icon-envelope-tick-round-orange-animated-no-repeat-v1.gif\" alt=\"\" width=\"46\" height=\"29\" \/><\/a><\/td>\n<td>Mentes a v\u00edrusokt\u00f3l. <a href=\"https:\/\/www.avast.com\/sig-email?utm_medium=email&amp;utm_source=link&amp;utm_campaign=sig-email&amp;utm_content=webmail\">www.avast.com<\/a><\/td>\n<\/tr>\n<\/table>\n","protected":false},"excerpt":{"rendered":"<p>HIRDET\u00c9SEK A KAR\u00c1CSONY UT\u00c1NI 2. VAS\u00c1RNAP (JAN. 2.) 1. Ma 15 \u00f3r\u00e1t\u00f3l csendes szents\u00e9gim\u00e1d\u00e1sra t\u00e9rhet\u00fcnk be 18:00-ig. 2. Kedden 16:30-t\u00f3l az 5. teremben tartjuk a M\u00e1ria \u00e9s M\u00e1rta n\u0151i imak\u00f6rt az egyed\u00fcl\u00e1ll\u00f3 n\u0151knek \u00e9s asszonyoknak (\u00e9desany\u00e1knak \u00e9s nagymam\u00e1knak). 3. Cs\u00fct\u00f6rt\u00f6k\u00f6n, janu\u00e1r 6-\u00e1n, URUNK MEGJELEN\u00c9SE, V\u00cdZKERESZT parancsolt \u00fcnnep\u00e9n vas\u00e1rnapi miserendet tartunk. V\u00edzszentel\u00e9st az el\u0151esti \u00e9s a &hellip; <a href=\"https:\/\/szentannaplebania.dnyem.hu\/?p=2260\" class=\"more-link\"><span class=\"screen-reader-text\">1 January, 2022 18:37<\/span> r\u00e9szletei&#8230;<\/a><\/p>\n","protected":false},"author":2,"featured_media":0,"comment_status":"closed","ping_status":"open","sticky":false,"template":"","format":"standard","meta":{"_jetpack_memberships_contains_paid_content":false,"footnotes":""},"categories":[15],"tags":[],"class_list":["post-2260","post","type-post","status-publish","format-standard","hentry","category-hirdetesek"],"jetpack_featured_media_url":"","jetpack_shortlink":"https:\/\/wp.me\/p9doK4-As","jetpack_sharing_enabled":true,"_links":{"self":[{"href":"https:\/\/szentannaplebania.dnyem.hu\/index.php?rest_route=\/wp\/v2\/posts\/2260","targetHints":{"allow":["GET"]}}],"collection":[{"href":"https:\/\/szentannaplebania.dnyem.hu\/index.php?rest_route=\/wp\/v2\/posts"}],"about":[{"href":"https:\/\/szentannaplebania.dnyem.hu\/index.php?rest_route=\/wp\/v2\/types\/post"}],"author":[{"embeddable":true,"href":"https:\/\/szentannaplebania.dnyem.hu\/index.php?rest_route=\/wp\/v2\/users\/2"}],"replies":[{"embeddable":true,"href":"https:\/\/szentannaplebania.dnyem.hu\/index.php?rest_route=%2Fwp%2Fv2%2Fcomments&post=2260"}],"version-history":[{"count":0,"href":"https:\/\/szentannaplebania.dnyem.hu\/index.php?rest_route=\/wp\/v2\/posts\/2260\/revisions"}],"wp:attachment":[{"href":"https:\/\/szentannaplebania.dnyem.hu\/index.php?rest_route=%2Fwp%2Fv2%2Fmedia&parent=2260"}],"wp:term":[{"taxonomy":"category","embeddable":true,"href":"https:\/\/szentannaplebania.dnyem.hu\/index.php?rest_route=%2Fwp%2Fv2%2Fcategories&post=2260"},{"taxonomy":"post_tag","embeddable":true,"href":"https:\/\/szentannaplebania.dnyem.hu\/index.php?rest_route=%2Fwp%2Fv2%2Ftags&post=2260"}],"curies":[{"name":"wp","href":"https:\/\/api.w.org\/{rel}","templated":true}]}}