{"id":2267,"date":"2022-01-15T09:52:58","date_gmt":"2022-01-15T07:52:58","guid":{"rendered":"http:\/\/szentannaplebania.dnyem.hu\/?p=2267"},"modified":"2022-01-15T09:52:58","modified_gmt":"2022-01-15T07:52:58","slug":"15-january-2022-0952","status":"publish","type":"post","link":"https:\/\/szentannaplebania.dnyem.hu\/?p=2267","title":{"rendered":"15 January, 2022 09:52"},"content":{"rendered":"<h6>HIRDET\u00c9SEK URUNK MEGKERESZTELKED\u00c9S\u00c9NEK \u00dcNNEP\u00c9N (JAN. 9.)<\/h6>\n<p>1. <strong>Ma<\/strong> Urunk megkeresztelked\u00e9s\u00e9nek \u00fcnnep\u00e9vel befejez\u0151dik a kar\u00e1csonyi id\u0151szak, \u00e9s megkezd\u0151dik az \u00e9vk\u00f6zi id\u0151 hamvaz\u00f3szerd\u00e1ig, m\u00e1rcius 2-ig tart\u00f3 r\u00e9sze. H\u00e1l\u00e1san k\u00f6sz\u00f6n\u00f6m, hogy sokan \u00f6nzetlen seg\u00edts\u00e9get ny\u00fajtottak a kar\u00e1csonyi id\u0151szak \u00fcnnepeire val\u00f3 felk\u00e9sz\u00fcl\u00e9sben, templomunk takar\u00edt\u00e1s\u00e1ban, a kar\u00e1csonyfa- \u00e9s betlehem\u00e1ll\u00edt\u00e1sban.<\/p>\n<p>19 \u00f3r\u00e1t\u00f3l L\u0151rinczi Lehel orgonakoncertj\u00e9n vehet\u00fcnk r\u00e9szt.<\/p>\n<p>2. Holnap, <strong>h\u00e9tf\u0151n <\/strong>08:00-t\u00f3l kezdj\u00fck a kar\u00e1csonyfa \u00e9s betlehem elbont\u00e1s\u00e1t. Min\u00e9l t\u00f6bben v\u00e1llaljunk r\u00e9szt ebb\u0151l a munk\u00e1b\u00f3l.<\/p>\n<p>Az esti szentmise ut\u00e1n \u2014 a j\u00e1rv\u00e1ny\u00fcgyi el\u0151\u00edr\u00e1sok betart\u00e1s\u00e1val \u2014 <strong>folytat\u00f3dik a biblia\u00f3ra<\/strong> itt, a templomban.<\/p>\n<p>3. <strong>P\u00e9nteken<\/strong> az esti szentmise ut\u00e1n, 18:45-t\u0151l f\u00e9rfik\u00f6rbe h\u00edvom egyh\u00e1zk\u00f6zs\u00e9g\u00fcnk f\u00e9rfiait. \u00d6sszej\u00f6vetel\u00fcnket az 6. teremben tartjuk. Szeretettel v\u00e1rjuk a csoporthoz csatlakozni akar\u00f3 f\u00e9rfitestv\u00e9reinket!<\/p>\n<p>4. <strong>M\u00e1hoz egy h\u00e9tre, vas\u00e1rnap 17 \u00f3rakor<\/strong> kezdet\u00e9t veszi a g\u00f6r\u00f6g katolikus f\u0151sz\u00e9kesegyh\u00e1zban az egyetemes imah\u00e9t a Krisztus-h\u00edv\u0151k egys\u00e9g\u00e9\u00e9rt. A k\u00f6z\u00f6s im\u00e1k mindig 17 \u00f3rakor kezd\u0151dnek; beoszt\u00e1suk a hirdet\u0151n olvashat\u00f3. N\u00e1lunk jan. 19-\u00e9n, szerd\u00e1n lesz az ima\u00f3ra.<\/p>\n<p>5. Az Egyh\u00e1zk\u00f6zs\u00e9gi K\u00e9pvisel\u0151test\u00fclet a 2021. \u00e9vi z\u00e1rsz\u00e1mad\u00e1st elfogadta, \u00e9s j\u00f3v\u00e1hagyta a 2022. \u00e9vi k\u00f6lts\u00e9gvet\u00e9st, amely 2 h\u00e9ten \u00e1t b\u00e1rmely h\u00edv\u0151 r\u00e9sz\u00e9r\u0151l megtekinthet\u0151 a pl\u00e9b\u00e1niairod\u00e1n.<\/p>\n<p>6. <strong>Janu\u00e1r 29-\u00e9n<\/strong> 10 \u00f3r\u00e1t\u00f3l tartjuk a Szent J\u00f3zsef Gimn\u00e1ziumban a Debreceni \u00e9s a Beretty\u00f3\u00fajfalui Esperesi Ker\u00fclet szaval\u00f3verseny\u00e9t gyermekeknek. Nevezni n\u00e9gy koroszt\u00e1lyban \u2014 \u00f3voda, 1-2., 3-4. \u00e9s 5-8. oszt\u00e1ly \u2014 lehet egy szabadon v\u00e1lasztott vall\u00e1sos t\u00e9m\u00e1j\u00fa (adventi, kar\u00e1csonyi, h\u00fasv\u00e9ti, bibliai\u2026) verssel. Jelentkezni lehet a debrecen.szavaloverseny e-mail c\u00edmen. Jelentkez\u00e9si hat\u00e1rid\u0151: janu\u00e1r 21.<\/p>\n<p>7. K\u00e9rem azokat a jegyben j\u00e1r\u00f3 fiatalokat, akik ebben az \u00e9vben akarnak sz\u00e9kesegyh\u00e1zunkban h\u00e1zass\u00e1got k\u00f6tni, hogy min\u00e9l el\u0151bb jelentkezzenek a pl\u00e9b\u00e1ni\u00e1n h\u00e1zass\u00e1gk\u00f6t\u00e9sre f\u00fcggetlen\u00fcl att\u00f3l, hogy polg\u00e1ri h\u00e1zass\u00e1gk\u00f6t\u00e9s\u00fck id\u0151pontja bejegyzett-e, vagy sem.<\/p>\n<p>Nagyon k\u00e9rem ebben azok seg\u00edts\u00e9g\u00e9t, akik tudnak rokons\u00e1gukban \u00e9s ismer\u0151seik k\u00f6r\u00e9ben h\u00e1zass\u00e1gra k\u00e9sz\u00fcl\u0151 fiatalokr\u00f3l, hogy ezt az inform\u00e1ci\u00f3t hozz\u00e1k tudom\u00e1sukra.<\/p>\n<table>\n<tr>\n<td><a href=\"https:\/\/www.avast.com\/sig-email?utm_medium=email&amp;utm_source=link&amp;utm_campaign=sig-email&amp;utm_content=webmail\"><img loading=\"lazy\" decoding=\"async\" src=\"https:\/\/ipmcdn.avast.com\/images\/icons\/icon-envelope-tick-round-orange-animated-no-repeat-v1.gif\" alt=\"\" width=\"46\" height=\"29\" \/><\/a><\/td>\n<td>Mentes a v\u00edrusokt\u00f3l. <a href=\"https:\/\/www.avast.com\/sig-email?utm_medium=email&amp;utm_source=link&amp;utm_campaign=sig-email&amp;utm_content=webmail\">www.avast.com<\/a><\/td>\n<\/tr>\n<\/table>\n","protected":false},"excerpt":{"rendered":"<p>HIRDET\u00c9SEK URUNK MEGKERESZTELKED\u00c9S\u00c9NEK \u00dcNNEP\u00c9N (JAN. 9.) 1. Ma Urunk megkeresztelked\u00e9s\u00e9nek \u00fcnnep\u00e9vel befejez\u0151dik a kar\u00e1csonyi id\u0151szak, \u00e9s megkezd\u0151dik az \u00e9vk\u00f6zi id\u0151 hamvaz\u00f3szerd\u00e1ig, m\u00e1rcius 2-ig tart\u00f3 r\u00e9sze. H\u00e1l\u00e1san k\u00f6sz\u00f6n\u00f6m, hogy sokan \u00f6nzetlen seg\u00edts\u00e9get ny\u00fajtottak a kar\u00e1csonyi id\u0151szak \u00fcnnepeire val\u00f3 felk\u00e9sz\u00fcl\u00e9sben, templomunk takar\u00edt\u00e1s\u00e1ban, a kar\u00e1csonyfa- \u00e9s betlehem\u00e1ll\u00edt\u00e1sban. 19 \u00f3r\u00e1t\u00f3l L\u0151rinczi Lehel orgonakoncertj\u00e9n vehet\u00fcnk r\u00e9szt. 2. Holnap, h\u00e9tf\u0151n 08:00-t\u00f3l &hellip; <a href=\"https:\/\/szentannaplebania.dnyem.hu\/?p=2267\" class=\"more-link\"><span class=\"screen-reader-text\">15 January, 2022 09:52<\/span> r\u00e9szletei&#8230;<\/a><\/p>\n","protected":false},"author":2,"featured_media":0,"comment_status":"closed","ping_status":"open","sticky":false,"template":"","format":"standard","meta":{"_jetpack_memberships_contains_paid_content":false,"footnotes":""},"categories":[15],"tags":[],"class_list":["post-2267","post","type-post","status-publish","format-standard","hentry","category-hirdetesek"],"jetpack_featured_media_url":"","jetpack_shortlink":"https:\/\/wp.me\/p9doK4-Az","jetpack_sharing_enabled":true,"_links":{"self":[{"href":"https:\/\/szentannaplebania.dnyem.hu\/index.php?rest_route=\/wp\/v2\/posts\/2267","targetHints":{"allow":["GET"]}}],"collection":[{"href":"https:\/\/szentannaplebania.dnyem.hu\/index.php?rest_route=\/wp\/v2\/posts"}],"about":[{"href":"https:\/\/szentannaplebania.dnyem.hu\/index.php?rest_route=\/wp\/v2\/types\/post"}],"author":[{"embeddable":true,"href":"https:\/\/szentannaplebania.dnyem.hu\/index.php?rest_route=\/wp\/v2\/users\/2"}],"replies":[{"embeddable":true,"href":"https:\/\/szentannaplebania.dnyem.hu\/index.php?rest_route=%2Fwp%2Fv2%2Fcomments&post=2267"}],"version-history":[{"count":0,"href":"https:\/\/szentannaplebania.dnyem.hu\/index.php?rest_route=\/wp\/v2\/posts\/2267\/revisions"}],"wp:attachment":[{"href":"https:\/\/szentannaplebania.dnyem.hu\/index.php?rest_route=%2Fwp%2Fv2%2Fmedia&parent=2267"}],"wp:term":[{"taxonomy":"category","embeddable":true,"href":"https:\/\/szentannaplebania.dnyem.hu\/index.php?rest_route=%2Fwp%2Fv2%2Fcategories&post=2267"},{"taxonomy":"post_tag","embeddable":true,"href":"https:\/\/szentannaplebania.dnyem.hu\/index.php?rest_route=%2Fwp%2Fv2%2Ftags&post=2267"}],"curies":[{"name":"wp","href":"https:\/\/api.w.org\/{rel}","templated":true}]}}