{"id":2268,"date":"2022-01-16T09:44:46","date_gmt":"2022-01-16T07:44:46","guid":{"rendered":"http:\/\/szentannaplebania.dnyem.hu\/?p=2268"},"modified":"2022-01-16T09:44:46","modified_gmt":"2022-01-16T07:44:46","slug":"16-january-2022-0944","status":"publish","type":"post","link":"https:\/\/szentannaplebania.dnyem.hu\/?p=2268","title":{"rendered":"16 January, 2022 09:44"},"content":{"rendered":"<p><strong>HIRDET\u00c9SEK AZ \u00c9VK\u00d6ZI 2. VAS\u00c1RNAP (JAN. 16.)<\/strong><\/p>\n<p>1. <strong>Ma<\/strong> a g\u00f6r\u00f6gkatolikus f\u0151sz\u00e9kesegyh\u00e1zban kezdet\u00e9t veszi \u00e9s jan. 23-ig tart az egyetemes imah\u00e9t a Krisztus-h\u00edv\u0151k egys\u00e9g\u00e9\u00e9rt. A k\u00f6z\u00f6s im\u00e1k mindig 17 \u00f3rakor kezd\u0151dnek; beoszt\u00e1suk a hirdet\u0151n olvashat\u00f3. Sz\u00e9kesegyh\u00e1zunkban jan. 19-\u00e9n, szerd\u00e1n lesz az ima\u00f3ra. Ezen a napon nem lesz esti szentmise. A Debrecen Telev\u00edzi\u00f3 \u00e9l\u0151ben k\u00f6zvet\u00edt minden ima\u00f3r\u00e1t. Az imah\u00e9t perselyadom\u00e1ny\u00e1t a Debreceni Ment\u0151\u00e1llom\u00e1snak aj\u00e1nljuk fel egy hordozhat\u00f3 ultrahang-k\u00e9sz\u00fcl\u00e9k beszerz\u00e9s\u00e9re.<\/p>\n<p>2. <strong>Kedden<\/strong> 18 \u00f3r\u00e1t\u00f3l folytat\u00f3dik a filmklub a Szent J\u00f3zsef Gimn\u00e1zium D\u00edszterm\u00e9ben. Megn\u00e9zz\u00fckaz \u00c1rp\u00e1d-h\u00e1ziSzent Margit \u00e9let\u00e9r\u0151l sz\u00f3l\u00f3 <strong>Isten Rabjai c\u00edm\u0171 filmet. <\/strong>A film G\u00e1rdonyi G\u00e9za &#8211; Isten rabjai reg\u00e9nye alapj\u00e1n k\u00e9sz\u00fclt. Minden \u00e9rdekl\u0151d\u0151t szeretettel v\u00e1runk!<\/p>\n<p>3. <strong>Szombaton<\/strong> 10 \u00f3r\u00e1t\u00f3l tartjuk az els\u0151\u00e1ldoz\u00e1sra k\u00e9sz\u00fcl\u0151 gyermekek \u00f6sszevont hittan\u00f3r\u00e1j\u00e1t a templomban.<\/p>\n<p>4. <strong>Liturgikus eml\u00e9knapok \u00e9s \u00fcnnepek e h\u00e9ten<\/strong>: kedden \u00c1rp\u00e1d-h\u00e1zi Szt. Margit sz\u0171z \u00fcnnepe, p\u00e9nteken Szent \u00c1gnes sz\u0171z \u00e9s v\u00e9rtan\u00fa, szombaton Boldog Batthy\u00e1ny-Strattmann L\u00e1szl\u00f3, hitvall\u00f3 eml\u00e9knapja.<\/p>\n<p>M\u00e1hoz egy h\u00e9tre \u00fcnnepelj\u00fck Isten Ig\u00e9j\u00e9nek Vas\u00e1rnapj\u00e1t.<\/p>\n<p>5. Janu\u00e1r 29-\u00e9n 10 \u00f3r\u00e1t\u00f3l tartjuk a Szent J\u00f3zsef Gimn\u00e1ziumban a Debreceni \u00e9s a Beretty\u00f3\u00fajfalui Esperesi Ker\u00fclet szaval\u00f3verseny\u00e9t gyermekeknek. Nevezni n\u00e9gy koroszt\u00e1lyban \u2014 \u00f3voda, 1-2., 3-4. \u00e9s 5-8. oszt\u00e1ly \u2014 lehet egy szabadon v\u00e1lasztott vall\u00e1sos t\u00e9m\u00e1j\u00fa (adventi, kar\u00e1csonyi, h\u00fasv\u00e9ti, bibliai\u2026) verssel. Jelentkezni lehet a debrecen.szavaloverseny e-mail c\u00edmen. Jelentkez\u00e9si hat\u00e1rid\u0151: janu\u00e1r 21.<\/p>\n<p>6. K\u00e9rem azokat a jegyben j\u00e1r\u00f3 fiatalokat, akik ebben az \u00e9vben akarnak sz\u00e9kesegyh\u00e1zunkban h\u00e1zass\u00e1got k\u00f6tni, hogy min\u00e9l el\u0151bb jelentkezzenek a pl\u00e9b\u00e1ni\u00e1n h\u00e1zass\u00e1gk\u00f6t\u00e9sre f\u00fcggetlen\u00fcl att\u00f3l, hogy polg\u00e1ri h\u00e1zass\u00e1gk\u00f6t\u00e9s\u00fck id\u0151pontja bejegyzett-e, vagy sem.<\/p>\n<p>Nagyon k\u00e9rem ebben azok seg\u00edts\u00e9g\u00e9t, akik tudnak rokons\u00e1gukban \u00e9s ismer\u0151seik k\u00f6r\u00e9ben h\u00e1zass\u00e1gra k\u00e9sz\u00fcl\u0151 fiatalokr\u00f3l, hogy ezt az inform\u00e1ci\u00f3t hozz\u00e1k tudom\u00e1sukra.<\/p>\n<table>\n<tr>\n<td><a href=\"https:\/\/www.avast.com\/sig-email?utm_medium=email&amp;utm_source=link&amp;utm_campaign=sig-email&amp;utm_content=webmail\"><img loading=\"lazy\" decoding=\"async\" src=\"https:\/\/ipmcdn.avast.com\/images\/icons\/icon-envelope-tick-round-orange-animated-no-repeat-v1.gif\" alt=\"\" width=\"46\" height=\"29\" \/><\/a><\/td>\n<td>Mentes a v\u00edrusokt\u00f3l. <a href=\"https:\/\/www.avast.com\/sig-email?utm_medium=email&amp;utm_source=link&amp;utm_campaign=sig-email&amp;utm_content=webmail\">www.avast.com<\/a><\/td>\n<\/tr>\n<\/table>\n","protected":false},"excerpt":{"rendered":"<p>HIRDET\u00c9SEK AZ \u00c9VK\u00d6ZI 2. VAS\u00c1RNAP (JAN. 16.) 1. Ma a g\u00f6r\u00f6gkatolikus f\u0151sz\u00e9kesegyh\u00e1zban kezdet\u00e9t veszi \u00e9s jan. 23-ig tart az egyetemes imah\u00e9t a Krisztus-h\u00edv\u0151k egys\u00e9g\u00e9\u00e9rt. A k\u00f6z\u00f6s im\u00e1k mindig 17 \u00f3rakor kezd\u0151dnek; beoszt\u00e1suk a hirdet\u0151n olvashat\u00f3. Sz\u00e9kesegyh\u00e1zunkban jan. 19-\u00e9n, szerd\u00e1n lesz az ima\u00f3ra. Ezen a napon nem lesz esti szentmise. A Debrecen Telev\u00edzi\u00f3 \u00e9l\u0151ben k\u00f6zvet\u00edt minden &hellip; <a href=\"https:\/\/szentannaplebania.dnyem.hu\/?p=2268\" class=\"more-link\"><span class=\"screen-reader-text\">16 January, 2022 09:44<\/span> r\u00e9szletei&#8230;<\/a><\/p>\n","protected":false},"author":2,"featured_media":0,"comment_status":"closed","ping_status":"open","sticky":false,"template":"","format":"standard","meta":{"_jetpack_memberships_contains_paid_content":false,"footnotes":""},"categories":[15],"tags":[],"class_list":["post-2268","post","type-post","status-publish","format-standard","hentry","category-hirdetesek"],"jetpack_featured_media_url":"","jetpack_shortlink":"https:\/\/wp.me\/p9doK4-AA","jetpack_sharing_enabled":true,"_links":{"self":[{"href":"https:\/\/szentannaplebania.dnyem.hu\/index.php?rest_route=\/wp\/v2\/posts\/2268","targetHints":{"allow":["GET"]}}],"collection":[{"href":"https:\/\/szentannaplebania.dnyem.hu\/index.php?rest_route=\/wp\/v2\/posts"}],"about":[{"href":"https:\/\/szentannaplebania.dnyem.hu\/index.php?rest_route=\/wp\/v2\/types\/post"}],"author":[{"embeddable":true,"href":"https:\/\/szentannaplebania.dnyem.hu\/index.php?rest_route=\/wp\/v2\/users\/2"}],"replies":[{"embeddable":true,"href":"https:\/\/szentannaplebania.dnyem.hu\/index.php?rest_route=%2Fwp%2Fv2%2Fcomments&post=2268"}],"version-history":[{"count":0,"href":"https:\/\/szentannaplebania.dnyem.hu\/index.php?rest_route=\/wp\/v2\/posts\/2268\/revisions"}],"wp:attachment":[{"href":"https:\/\/szentannaplebania.dnyem.hu\/index.php?rest_route=%2Fwp%2Fv2%2Fmedia&parent=2268"}],"wp:term":[{"taxonomy":"category","embeddable":true,"href":"https:\/\/szentannaplebania.dnyem.hu\/index.php?rest_route=%2Fwp%2Fv2%2Fcategories&post=2268"},{"taxonomy":"post_tag","embeddable":true,"href":"https:\/\/szentannaplebania.dnyem.hu\/index.php?rest_route=%2Fwp%2Fv2%2Ftags&post=2268"}],"curies":[{"name":"wp","href":"https:\/\/api.w.org\/{rel}","templated":true}]}}