{"id":2269,"date":"2022-01-23T09:56:21","date_gmt":"2022-01-23T07:56:21","guid":{"rendered":"http:\/\/szentannaplebania.dnyem.hu\/?p=2269"},"modified":"2022-01-23T09:56:21","modified_gmt":"2022-01-23T07:56:21","slug":"23-january-2022-0956","status":"publish","type":"post","link":"https:\/\/szentannaplebania.dnyem.hu\/?p=2269","title":{"rendered":"23 January, 2022 09:56"},"content":{"rendered":"<h6>HIRDET\u00c9SEK ISTEN IG\u00c9JE VAS\u00c1RNAPJ\u00c1N (JAN. 23.)<\/h6>\n<p><strong>1. <\/strong>Ma v\u00e9get \u00e9r az idei egyetemes imah\u00e9t a Krisztus-h\u00edv\u0151k egys\u00e9g\u00e9\u00e9rt a reform\u00e1tus Nagytemplomban. A k\u00f6z\u00f6s im\u00e1dkoz\u00e1s 17 \u00f3rakor veszi kezdet\u00e9t.<\/p>\n<p><strong>2. Kedden<\/strong> 16:30-t\u00f3l az 5. teremben tartjuk a M\u00e1ria \u00e9s M\u00e1rta n\u0151i imak\u00f6rt az egyed\u00fcl\u00e1ll\u00f3 n\u0151knek \u00e9s asszonyoknak (\u00e9desany\u00e1knak \u00e9s nagymam\u00e1knak).<\/p>\n<p><strong>3. Szombaton<\/strong> 10 \u00f3r\u00e1t\u00f3l kezd\u0151dik a Szent J\u00f3zsef Gimn\u00e1ziumban a Debreceni \u00e9s a Beretty\u00f3\u00fajfalui Esperesi Ker\u00fclet szaval\u00f3versenye gyermekeknek.<\/p>\n<p><strong>D\u00e9lut\u00e1n 14:30-t\u00f3l<\/strong> szeml\u00e9l\u0151d\u0151 erdei gyalogt\u00far\u00e1ra h\u00edvjuk minden koroszt\u00e1lybeli testv\u00e9r\u00fcnket a Nagyerd\u0151be. Gy\u00fclekez\u0151 14.15-t\u0151l a k\u00f6ztemet\u0151 3-as kapuj\u00e1n\u00e1l.<\/p>\n<p><strong>Az esti szentmise ut\u00e1n<\/strong> a Magyar \u00d6r\u00f6ks\u00e9g d\u00edjjal kit\u00fcntetett Szent Efr\u00e9m F\u00e9rfikar a moszkvai Doros \u00e9nekegy\u00fcttessel ad k\u00f6z\u00f6s koncertet sz\u00e9kesegyh\u00e1zunkban.<\/p>\n<p><strong>4. <\/strong>M\u00e1hoz egy h\u00e9tre, <strong>vas\u00e1rnap<\/strong> a 10 \u00f3rai szentmis\u00e9n a Dal\u00e1rda fog \u00e9nekelni. Ugyanezen a napon 17.30-t\u00f3l \u00fcnnep\u00e9lyes esti dics\u00e9retet \u00e9nekl\u00fcnk.<\/p>\n<p><strong>5. <\/strong>Liturgikus eml\u00e9knapok \u00e9s \u00fcnnepek e h\u00e9ten: h\u00e9tf\u0151n Szal\u00e9zi Szent Ferenc p\u00fcsp\u00f6k \u00e9s egyh\u00e1ztan\u00edt\u00f3 eml\u00e9knapja, kedden Szt. P\u00e1l apostol megt\u00e9r\u00e9s\u00e9nek \u00fcnnepe (P\u00e1l fordul\u00e1sa), szerd\u00e1n Szt. Tim\u00f3teus \u00e9s Szt. Titusz p\u00fcsp\u00f6k\u00f6k, p\u00e9nteken Aquin\u00f3i Szt. Tam\u00e1s \u00e1ldoz\u00f3pap \u00e9s egyh\u00e1ztan\u00edt\u00f3 eml\u00e9knapja.<\/p>\n<table>\n<tbody>\n<tr>\n<td><a href=\"https:\/\/www.avast.com\/sig-email?utm_medium=email&amp;utm_source=link&amp;utm_campaign=sig-email&amp;utm_content=webmail\"><img loading=\"lazy\" decoding=\"async\" src=\"https:\/\/ipmcdn.avast.com\/images\/icons\/icon-envelope-tick-round-orange-animated-no-repeat-v1.gif\" alt=\"\" width=\"46\" height=\"29\" \/><\/a><\/td>\n<td>Mentes a v\u00edrusokt\u00f3l. <a href=\"https:\/\/www.avast.com\/sig-email?utm_medium=email&amp;utm_source=link&amp;utm_campaign=sig-email&amp;utm_content=webmail\">www.avast.com<\/a><\/td>\n<\/tr>\n<\/tbody>\n<\/table>\n","protected":false},"excerpt":{"rendered":"<p>HIRDET\u00c9SEK ISTEN IG\u00c9JE VAS\u00c1RNAPJ\u00c1N (JAN. 23.) 1. Ma v\u00e9get \u00e9r az idei egyetemes imah\u00e9t a Krisztus-h\u00edv\u0151k egys\u00e9g\u00e9\u00e9rt a reform\u00e1tus Nagytemplomban. A k\u00f6z\u00f6s im\u00e1dkoz\u00e1s 17 \u00f3rakor veszi kezdet\u00e9t. 2. Kedden 16:30-t\u00f3l az 5. teremben tartjuk a M\u00e1ria \u00e9s M\u00e1rta n\u0151i imak\u00f6rt az egyed\u00fcl\u00e1ll\u00f3 n\u0151knek \u00e9s asszonyoknak (\u00e9desany\u00e1knak \u00e9s nagymam\u00e1knak). 3. Szombaton 10 \u00f3r\u00e1t\u00f3l kezd\u0151dik a Szent &hellip; <a href=\"https:\/\/szentannaplebania.dnyem.hu\/?p=2269\" class=\"more-link\"><span class=\"screen-reader-text\">23 January, 2022 09:56<\/span> r\u00e9szletei&#8230;<\/a><\/p>\n","protected":false},"author":2,"featured_media":0,"comment_status":"closed","ping_status":"open","sticky":false,"template":"","format":"standard","meta":{"_jetpack_memberships_contains_paid_content":false,"footnotes":""},"categories":[15],"tags":[],"class_list":["post-2269","post","type-post","status-publish","format-standard","hentry","category-hirdetesek"],"jetpack_featured_media_url":"","jetpack_shortlink":"https:\/\/wp.me\/p9doK4-AB","jetpack_sharing_enabled":true,"_links":{"self":[{"href":"https:\/\/szentannaplebania.dnyem.hu\/index.php?rest_route=\/wp\/v2\/posts\/2269","targetHints":{"allow":["GET"]}}],"collection":[{"href":"https:\/\/szentannaplebania.dnyem.hu\/index.php?rest_route=\/wp\/v2\/posts"}],"about":[{"href":"https:\/\/szentannaplebania.dnyem.hu\/index.php?rest_route=\/wp\/v2\/types\/post"}],"author":[{"embeddable":true,"href":"https:\/\/szentannaplebania.dnyem.hu\/index.php?rest_route=\/wp\/v2\/users\/2"}],"replies":[{"embeddable":true,"href":"https:\/\/szentannaplebania.dnyem.hu\/index.php?rest_route=%2Fwp%2Fv2%2Fcomments&post=2269"}],"version-history":[{"count":0,"href":"https:\/\/szentannaplebania.dnyem.hu\/index.php?rest_route=\/wp\/v2\/posts\/2269\/revisions"}],"wp:attachment":[{"href":"https:\/\/szentannaplebania.dnyem.hu\/index.php?rest_route=%2Fwp%2Fv2%2Fmedia&parent=2269"}],"wp:term":[{"taxonomy":"category","embeddable":true,"href":"https:\/\/szentannaplebania.dnyem.hu\/index.php?rest_route=%2Fwp%2Fv2%2Fcategories&post=2269"},{"taxonomy":"post_tag","embeddable":true,"href":"https:\/\/szentannaplebania.dnyem.hu\/index.php?rest_route=%2Fwp%2Fv2%2Ftags&post=2269"}],"curies":[{"name":"wp","href":"https:\/\/api.w.org\/{rel}","templated":true}]}}