{"id":2271,"date":"2022-02-06T18:07:44","date_gmt":"2022-02-06T16:07:44","guid":{"rendered":"http:\/\/szentannaplebania.dnyem.hu\/?p=2271"},"modified":"2022-02-06T18:07:44","modified_gmt":"2022-02-06T16:07:44","slug":"6-february-2022-1807","status":"publish","type":"post","link":"https:\/\/szentannaplebania.dnyem.hu\/?p=2271","title":{"rendered":"6 February, 2022 18:07"},"content":{"rendered":"<p><strong>HIRDET\u00c9SEK AZ \u00c9VK\u00d6ZI 5. VAS\u00c1RNAP (FEBR. 6.)<\/strong><\/p>\n<p><strong>1. <\/strong>Ma a szentmise ut\u00e1n Bal\u00e1zs-\u00e1ld\u00e1sban r\u00e9szes\u00fclhetnek azok, akiknek cs\u00fct\u00f6rt\u00f6k\u00f6n erre nem volt m\u00f3djuk.<\/p>\n<p><strong>2. <\/strong>Ma, els\u0151vas\u00e1rnap, 15 \u00f3r\u00e1t\u00f3l csendes szents\u00e9gim\u00e1d\u00e1sra t\u00e9rhet\u00fcnk be templomunkba 18 \u00f3r\u00e1ig.<\/p>\n<p><strong>3. Kedden<\/strong> 16:30-t\u00f3l az 5. teremben tartjuk a M\u00e1ria \u00e9s M\u00e1rta n\u0151i imak\u00f6rt az egyed\u00fcl\u00e1ll\u00f3 n\u0151knek \u00e9s asszonyoknak (\u00e9desany\u00e1knak \u00e9s nagymam\u00e1knak). H\u00edvjuk \u00e9s v\u00e1rjuk az imak\u00f6rh\u00f6z csatlakozni akar\u00f3 testv\u00e9reinket.<\/p>\n<p><strong>4. Szombaton<\/strong> 10 \u00f3r\u00e1t\u00f3l kezd\u0151dik az egyh\u00e1zmegyei szaval\u00f3verseny d\u00f6nt\u0151je Ny\u00edregyh\u00e1z\u00e1n. Pl\u00e9b\u00e1ni\u00e1nkr\u00f3l a IV. korcsoportb\u00f3l d\u00f6nt\u0151be jutott az 1. helyezett <strong>Ecsedi R\u00e9ka <\/strong>\u00e9s a 3. helyezett<strong> Fekete Krist\u00f3f<\/strong>.<\/p>\n<p><strong>5. <\/strong>Maradjunk egy\u00fctt! Ezzel a mott\u00f3val veszi kezdet\u00e9t a j\u00f6v\u0151 vas\u00e1rnap, febru\u00e1r 13-\u00e1n A H\u00e1zass\u00e1g Hete, \u00e9s tart febru\u00e1r 20-ig. Ehhez kapcsol\u00f3d\u00f3 gazdag programjaink olvashat\u00f3k a hirdet\u0151n, egyh\u00e1zk\u00f6zs\u00e9g\u00fcnk facebook-oldal\u00e1n \u00e9s honlapj\u00e1n. Aj\u00e1nljuk ezeket min\u00e9l t\u00f6bb testv\u00e9r\u00fcnknek.<\/p>\n<p>A H\u00e1zass\u00e1g Hete alkalm\u00e1b\u00f3l Pal\u00e1nki Ferenc p\u00fcsp\u00f6k atya szentmis\u00e9t mutat be febru\u00e1r 19-\u00e9n 18:00-t\u00f3l, Ny\u00edregyh\u00e1z\u00e1n, a Magyarok Nagyasszonya-t\u00e1rssz\u00e9kesegyh\u00e1zban, amelyen meg\u00e1ldja az id\u00e9n kerek (5, 10, 15, 20, 25 vagy enn\u00e9l t\u00f6bb) \u00e9vfordul\u00f3jukat \u00fcnnepl\u0151 h\u00e1zasp\u00e1rokat.<\/p>\n<p>K\u00e9rj\u00fck a h\u00e1zasp\u00e1rok jelentkez\u00e9s\u00e9t febru\u00e1r 10-ig szem\u00e9lyesen a pl\u00e9b\u00e1niairod\u00e1n vagy a sekresty\u00e9ben, ill. egyh\u00e1zk\u00f6zs\u00e9g\u00fcnk e-mail c\u00edm\u00e9n vagy telefonon.<\/p>\n<p><strong>6. Febru\u00e1r 19-\u00e9n<\/strong>, szombaton farsangi mulats\u00e1gra h\u00edvjuk gyermekeinket f\u00e9l 3-t\u00f3l a hittantermekbe. A farsang r\u00e9sze a jelmezverseny, vet\u00e9lked\u0151, kreat\u00edv kuck\u00f3, tombola \u00e9s b\u00fcf\u00e9. Bel\u00e9p\u0151: 1 t\u00e1lca s\u00fctem\u00e9ny. A gyermekek sz\u00fcleit ugyanekkor tea- \u00e9s k\u00e1v\u00e9h\u00e1zba h\u00edvjuk az 5. terembe.<\/p>\n<p><strong>7. <\/strong>Liturgikus eml\u00e9knapok e h\u00e9ten: cs\u00fct\u00f6rt\u00f6k\u00f6n Szt. Skolasztika sz\u0171z, p\u00e9nteken a Lourdes-i Boldogs\u00e1gos Sz\u0171z M\u00e1ria eml\u00e9knapja \u00e9s a Betegek Vil\u00e1gnapja.<\/p>\n<table>\n<tr>\n<td><a href=\"https:\/\/www.avast.com\/sig-email?utm_medium=email&amp;utm_source=link&amp;utm_campaign=sig-email&amp;utm_content=webmail\"><img loading=\"lazy\" decoding=\"async\" src=\"https:\/\/ipmcdn.avast.com\/images\/icons\/icon-envelope-tick-round-orange-animated-no-repeat-v1.gif\" alt=\"\" width=\"46\" height=\"29\" \/><\/a><\/td>\n<td>Mentes a v\u00edrusokt\u00f3l. <a href=\"https:\/\/www.avast.com\/sig-email?utm_medium=email&amp;utm_source=link&amp;utm_campaign=sig-email&amp;utm_content=webmail\">www.avast.com<\/a><\/td>\n<\/tr>\n<\/table>\n","protected":false},"excerpt":{"rendered":"<p>HIRDET\u00c9SEK AZ \u00c9VK\u00d6ZI 5. VAS\u00c1RNAP (FEBR. 6.) 1. Ma a szentmise ut\u00e1n Bal\u00e1zs-\u00e1ld\u00e1sban r\u00e9szes\u00fclhetnek azok, akiknek cs\u00fct\u00f6rt\u00f6k\u00f6n erre nem volt m\u00f3djuk. 2. Ma, els\u0151vas\u00e1rnap, 15 \u00f3r\u00e1t\u00f3l csendes szents\u00e9gim\u00e1d\u00e1sra t\u00e9rhet\u00fcnk be templomunkba 18 \u00f3r\u00e1ig. 3. Kedden 16:30-t\u00f3l az 5. teremben tartjuk a M\u00e1ria \u00e9s M\u00e1rta n\u0151i imak\u00f6rt az egyed\u00fcl\u00e1ll\u00f3 n\u0151knek \u00e9s asszonyoknak (\u00e9desany\u00e1knak \u00e9s nagymam\u00e1knak). H\u00edvjuk &hellip; <a href=\"https:\/\/szentannaplebania.dnyem.hu\/?p=2271\" class=\"more-link\"><span class=\"screen-reader-text\">6 February, 2022 18:07<\/span> r\u00e9szletei&#8230;<\/a><\/p>\n","protected":false},"author":2,"featured_media":0,"comment_status":"closed","ping_status":"open","sticky":false,"template":"","format":"standard","meta":{"_jetpack_memberships_contains_paid_content":false,"footnotes":""},"categories":[15],"tags":[],"class_list":["post-2271","post","type-post","status-publish","format-standard","hentry","category-hirdetesek"],"jetpack_featured_media_url":"","jetpack_shortlink":"https:\/\/wp.me\/p9doK4-AD","jetpack_sharing_enabled":true,"_links":{"self":[{"href":"https:\/\/szentannaplebania.dnyem.hu\/index.php?rest_route=\/wp\/v2\/posts\/2271","targetHints":{"allow":["GET"]}}],"collection":[{"href":"https:\/\/szentannaplebania.dnyem.hu\/index.php?rest_route=\/wp\/v2\/posts"}],"about":[{"href":"https:\/\/szentannaplebania.dnyem.hu\/index.php?rest_route=\/wp\/v2\/types\/post"}],"author":[{"embeddable":true,"href":"https:\/\/szentannaplebania.dnyem.hu\/index.php?rest_route=\/wp\/v2\/users\/2"}],"replies":[{"embeddable":true,"href":"https:\/\/szentannaplebania.dnyem.hu\/index.php?rest_route=%2Fwp%2Fv2%2Fcomments&post=2271"}],"version-history":[{"count":0,"href":"https:\/\/szentannaplebania.dnyem.hu\/index.php?rest_route=\/wp\/v2\/posts\/2271\/revisions"}],"wp:attachment":[{"href":"https:\/\/szentannaplebania.dnyem.hu\/index.php?rest_route=%2Fwp%2Fv2%2Fmedia&parent=2271"}],"wp:term":[{"taxonomy":"category","embeddable":true,"href":"https:\/\/szentannaplebania.dnyem.hu\/index.php?rest_route=%2Fwp%2Fv2%2Fcategories&post=2271"},{"taxonomy":"post_tag","embeddable":true,"href":"https:\/\/szentannaplebania.dnyem.hu\/index.php?rest_route=%2Fwp%2Fv2%2Ftags&post=2271"}],"curies":[{"name":"wp","href":"https:\/\/api.w.org\/{rel}","templated":true}]}}