{"id":2337,"date":"2022-12-04T08:49:02","date_gmt":"2022-12-04T07:49:02","guid":{"rendered":"https:\/\/szentannaplebania.dnyem.hu\/?p=2337"},"modified":"2022-12-04T08:49:02","modified_gmt":"2022-12-04T07:49:02","slug":"4-december-2022-0849","status":"publish","type":"post","link":"https:\/\/szentannaplebania.dnyem.hu\/?p=2337","title":{"rendered":"4 December, 2022 08:49"},"content":{"rendered":"<p><strong>HIRDET\u00c9SEINK ADVENT 2. VAS\u00c1RNAPJ\u00c1N (DEC. 4.)<\/strong><\/p>\n<p>1. <strong>Ma<\/strong> 15 \u00f3r\u00e1t\u00f3l szents\u00e9gim\u00e1d\u00e1sra t\u00e9rhet\u00fcnk be 18 \u00f3r\u00e1ig.<\/p>\n<p>2. <strong>Szerd\u00e1n<\/strong> d\u00e9lut\u00e1n f\u00e9l 5-t\u0151l az 5. teremben folytat\u00f3dik a M\u00e1ria \u00e9s M\u00e1rta n\u0151i imak\u00f6r az egyed\u00fcl\u00e1ll\u00f3 n\u0151knek \u00e9s asszonyoknak (\u00e9desany\u00e1knak \u00e9s nagymam\u00e1knak).<\/p>\n<p>3. <strong>P\u00e9nteken 11 \u00f3r\u00e1t\u00f3l lesz sz\u00e9kesegyh\u00e1zunkban<\/strong> a\u201eTeremtett csod\u00e1inkon ejtett sebek\u201d elnevez\u00e9s\u0171 egyh\u00e1zmegyei fot\u00f3p\u00e1ly\u00e1zatra bek\u00fcld\u00f6tt f\u00e9nyk\u00e9pfelv\u00e9telekb\u0151l \u00f6ssze\u00e1ll\u00edtott ki\u00e1ll\u00edt\u00e1s megnyit\u00e1sa.<\/p>\n<p>4. <strong>Szombaton<\/strong>, dec. 10-\u00e9n, d\u00e9lut\u00e1n f\u00e9l 3-t\u00f3l Szent Luca-napi j\u00e1t\u00e9kd\u00e9lut\u00e1nra h\u00edvjuk gyermekeinket a hittantermekbe. Lesz j\u00e1t\u00e9k \u00e9s uzsonna. Jelentkezni lehet a hitoktat\u00f3kn\u00e1l vagy a pl\u00e9b\u00e1niairod\u00e1n, vagy a sekresty\u00e9ben.<\/p>\n<p>Ugyanezen a napon 19 \u00f3r\u00e1t\u00f3l r\u00e9szt vehet\u00fcnka Debreceni Egyetem zenem\u0171v\u00e9szeti Kara orgonaszakos hallgat\u00f3inak hangverseny\u00e9n.<\/p>\n<p>5. \u00dcnnepek e h\u00e9ten: szerd\u00e1n Szt. Ambrus p\u00fcsp\u00f6k \u00e9s egyh\u00e1ztan\u00edt\u00f3 eml\u00e9knapja \u00e9s cs\u00fct\u00f6rt\u00f6k\u00f6n a Boldogs\u00e1gos Sz\u0171z M\u00e1ria szepl\u0151telen fogantat\u00e1s\u00e1nak f\u0151\u00fcnnepe.<\/p>\n<p>6. M\u00e1hoz egy h\u00e9tre lesz advent III. VAS\u00c1RNAPJA (gaudete-vas\u00e1rnap).<\/p>\n<p>7. Megjelent egyh\u00e1zmegy\u00e9nk sz\u00ednes tartalm\u00fa \u00e9vk\u00f6nyve kalend\u00e1riummal 2023-ra. Az \u00fajs\u00e1gospolcr\u00f3l vagy a pl\u00e9b\u00e1niairod\u00e1b\u00f3l elvihet\u0151 1000 Ft-os \u00e1ron.<\/p>\n<p>8. Debreceni Katolikus Figyel\u0151 \u2014 egyh\u00e1zk\u00f6zs\u00e9g\u00fcnk kiadv\u00e1ny\u00e1nak adventre megjelent leg\u00fajabb sz\u00e1ma \u2014 elvihet\u0151 az \u00fajs\u00e1gospolcr\u00f3l 150 Ft-\u00e9rt.<\/p>\n<p>9. A j\u00f6v\u0151 \u00e9vre m\u00e1r lehet szentmise-sz\u00e1nd\u00e9kokat el\u0151jegyeztetni a pl\u00e9b\u00e1ni\u00e1n szem\u00e9lyesen vagy telefonon.<\/p>\n<p>10. Folytat\u00f3dik az adventi adom\u00e1nygy\u0171jt\u00e9s december 18-ig, amellyel enyh\u00edthet\u00fcnk a neh\u00e9z helyzet\u0171 csal\u00e1dok \u00e9s id\u0151sek n\u00e9lk\u00fcl\u00f6z\u00e9s\u00e9n. Csatlakozzunk min\u00e9l t\u00f6bben az adom\u00e1nygy\u0171jt\u00e9shez!<\/p>\n<p>11. Pl\u00e9b\u00e1ni\u00e1nk \u00f6nk\u00e9ntes karit\u00e1sz-csoportj\u00e1ba h\u00edvom azokat a kedves testv\u00e9reket, akik szeretn\u00e9k a gyakorlatban is megval\u00f3s\u00edtani a legkisebbeknek tett szolg\u00e1latot. Jelentkezhetnek a pl\u00e9b\u00e1niairod\u00e1n vagy a sekresty\u00e9ben.<\/p>\n","protected":false},"excerpt":{"rendered":"<p>HIRDET\u00c9SEINK ADVENT 2. VAS\u00c1RNAPJ\u00c1N (DEC. 4.) 1. Ma 15 \u00f3r\u00e1t\u00f3l szents\u00e9gim\u00e1d\u00e1sra t\u00e9rhet\u00fcnk be 18 \u00f3r\u00e1ig. 2. Szerd\u00e1n d\u00e9lut\u00e1n f\u00e9l 5-t\u0151l az 5. teremben folytat\u00f3dik a M\u00e1ria \u00e9s M\u00e1rta n\u0151i imak\u00f6r az egyed\u00fcl\u00e1ll\u00f3 n\u0151knek \u00e9s asszonyoknak (\u00e9desany\u00e1knak \u00e9s nagymam\u00e1knak). 3. P\u00e9nteken 11 \u00f3r\u00e1t\u00f3l lesz sz\u00e9kesegyh\u00e1zunkban a\u201eTeremtett csod\u00e1inkon ejtett sebek\u201d elnevez\u00e9s\u0171 egyh\u00e1zmegyei fot\u00f3p\u00e1ly\u00e1zatra bek\u00fcld\u00f6tt f\u00e9nyk\u00e9pfelv\u00e9telekb\u0151l \u00f6ssze\u00e1ll\u00edtott ki\u00e1ll\u00edt\u00e1s &hellip; <a href=\"https:\/\/szentannaplebania.dnyem.hu\/?p=2337\" class=\"more-link\"><span class=\"screen-reader-text\">4 December, 2022 08:49<\/span> r\u00e9szletei&#8230;<\/a><\/p>\n","protected":false},"author":2,"featured_media":0,"comment_status":"closed","ping_status":"open","sticky":false,"template":"","format":"standard","meta":{"_jetpack_memberships_contains_paid_content":false,"footnotes":""},"categories":[15],"tags":[],"class_list":["post-2337","post","type-post","status-publish","format-standard","hentry","category-hirdetesek"],"jetpack_featured_media_url":"","jetpack_shortlink":"https:\/\/wp.me\/p9doK4-BH","jetpack_sharing_enabled":true,"_links":{"self":[{"href":"https:\/\/szentannaplebania.dnyem.hu\/index.php?rest_route=\/wp\/v2\/posts\/2337","targetHints":{"allow":["GET"]}}],"collection":[{"href":"https:\/\/szentannaplebania.dnyem.hu\/index.php?rest_route=\/wp\/v2\/posts"}],"about":[{"href":"https:\/\/szentannaplebania.dnyem.hu\/index.php?rest_route=\/wp\/v2\/types\/post"}],"author":[{"embeddable":true,"href":"https:\/\/szentannaplebania.dnyem.hu\/index.php?rest_route=\/wp\/v2\/users\/2"}],"replies":[{"embeddable":true,"href":"https:\/\/szentannaplebania.dnyem.hu\/index.php?rest_route=%2Fwp%2Fv2%2Fcomments&post=2337"}],"version-history":[{"count":0,"href":"https:\/\/szentannaplebania.dnyem.hu\/index.php?rest_route=\/wp\/v2\/posts\/2337\/revisions"}],"wp:attachment":[{"href":"https:\/\/szentannaplebania.dnyem.hu\/index.php?rest_route=%2Fwp%2Fv2%2Fmedia&parent=2337"}],"wp:term":[{"taxonomy":"category","embeddable":true,"href":"https:\/\/szentannaplebania.dnyem.hu\/index.php?rest_route=%2Fwp%2Fv2%2Fcategories&post=2337"},{"taxonomy":"post_tag","embeddable":true,"href":"https:\/\/szentannaplebania.dnyem.hu\/index.php?rest_route=%2Fwp%2Fv2%2Ftags&post=2337"}],"curies":[{"name":"wp","href":"https:\/\/api.w.org\/{rel}","templated":true}]}}