{"id":2523,"date":"2025-01-26T06:28:10","date_gmt":"2025-01-26T05:28:10","guid":{"rendered":"https:\/\/szentannaplebania.dnyem.hu\/?p=2523"},"modified":"2025-01-26T06:28:10","modified_gmt":"2025-01-26T05:28:10","slug":"26-january-2025-0628","status":"publish","type":"post","link":"https:\/\/szentannaplebania.dnyem.hu\/?p=2523","title":{"rendered":"26 January, 2025 06:28"},"content":{"rendered":"<h6>HIRDET\u00c9SEK ISTEN IG\u00c9J\u00c9NEK VAS\u00c1RNAPJ\u00c1N (JAN. 26.)<\/h6>\n<p>1. <strong>Ma<\/strong> v\u00e9get \u00e9r az idei \u00f6kumenikus imah\u00e9t a Krisztus-h\u00edv\u0151k l\u00e1that\u00f3 \u00e9s teljes egys\u00e9g\u00e9\u00e9rt. A mai k\u00f6z\u00f6s ima 17 \u00f3rakor kezd\u0151dik a Reform\u00e1tus Nagytemplomban.<\/p>\n<p>2. <strong>Kedden<\/strong> 18 \u00f3r\u00e1t\u00f3l folytat\u00f3dik a filmklub a Varga utca 3. sz\u00e1m alatti Kateketikai K\u00f6zpontban. Megn\u00e9zz\u00fck az 1995-ben k\u00e9sz\u00fclt <em>Apostolok cselekedetei<\/em> c\u00edm\u0171 amerikai film m\u00e1sodik r\u00e9sz\u00e9t. A film kapcsol\u00f3dik a biblia\u00f3ra ez \u00e9vi t\u00e9m\u00e1j\u00e1hoz. A filmvet\u00edt\u00e9st besz\u00e9lget\u00e9s k\u00f6veti a l\u00e1tottakr\u00f3l.<\/p>\n<p>3. <strong>Szombaton <\/strong>10 \u00f3r\u00e1t\u00f3l Gyertyaszentel\u0151 Boldogasszony- \u00e9s Szt. Bal\u00e1zs-napi gyermekd\u00e9lel\u0151ttre h\u00edvjuk hittanosainkat a hittantermekbe. Lesz t\u00edz\u00f3rai \u00e9s r\u00e9sztvehetnek k\u00e9zm\u0171vesfoglalkoz\u00e1son \u00e9s j\u00e1t\u00e9kokon. Jelentkezni lehet jan. 30-ig a hitoktat\u00f3kn\u00e1l vagy a jelentkezes.sza c\u00edmen.<\/p>\n<p><strong>Szint\u00e9n szombaton<\/strong> 19:00-t\u00f3l j\u00f3t\u00e9konys\u00e1gi koncert kezd\u0151dik a debreceni Szenth\u00e1roms\u00e1g Magyar Ortodox Egyh\u00e1zk\u00f6zs\u00e9g k\u00f6z\u00f6ss\u00e9gi term\u00e9nek fel\u00e9p\u00edt\u00e9s\u00e9\u00e9rt. \u00c9nekelni fog a Szenth\u00e1roms\u00e1g magyar ortodox templom k\u00f3rusa. Vez\u00e9nyel: Sipos Barnab\u00e1s par\u00f3chus. K\u00f6zrem\u0171k\u00f6dik: Kocsis F\u00fcl\u00f6p g\u00f6r\u00f6gkatolikus \u00e9rsek-metropolita. A bel\u00e9p\u00e9s ingyenes, adom\u00e1nyokat k\u00f6sz\u00f6nettel fogadnak a helysz\u00ednen, vagy az OOE Szenth\u00e1roms\u00e1g Egyh\u00e1zk\u00f6zs\u00e9g: 10702019-19001119-51900001 sz\u00e1mlasz\u00e1mon.<\/p>\n<p>4. Liturgikus eml\u00e9knapok e h\u00e9ten: kedden Aquin\u00f3i Szt. Tam\u00e1s \u00e1ldoz\u00f3pap \u00e9s egyh\u00e1ztan\u00edt\u00f3, p\u00e9nteken Bosco Szent J\u00e1nos \u00e1ldoz\u00f3pap \u00e9s szombaton Sz\u0171z M\u00e1ria szombati eml\u00e9knapja.<\/p>\n<p>5. A k\u00f6vetkez\u0151 <strong>vas\u00e1rnap<\/strong> \u00fcnnepelj\u00fck Urunk bemutat\u00e1s\u00e1t (Gyertyaszentel\u0151 Boldogasszonyt), amely k\u00f6ny\u00f6rg\u0151nap szerzetesi hivat\u00e1sok\u00e9rt. A 18 \u00f3rai p\u00fcsp\u00f6ki szentmise el\u0151tt 17 \u00f3r\u00e1t\u00f3l szents\u00e9gim\u00e1d\u00e1son vehet\u00fcnk r\u00e9szt egyh\u00e1zmegy\u00e9nk szerzeteseivel. A szentmis\u00e9k elej\u00e9n meg\u00e1ldjuk a h\u00edvek magukkal hozott gyerty\u00e1it, \u00e9s a szentmis\u00e9k ut\u00e1n Bal\u00e1zs-\u00e1ld\u00e1sban r\u00e9szes\u00fclhetnek.<\/p>\n<p>Szint\u00e9n <strong>vas\u00e1rnap <\/strong>kilencedet kezd\u00fcnk a 167 \u00e9ve \u2014 1858. febr. 11-\u00e9n \u2014 Lourdes-ban 18-szor megjelent Sz\u0171zanya tisztelet\u00e9re \u00e9s k\u00f6zbenj\u00e1r\u00e1s\u00e1nak k\u00e9r\u00e9s\u00e9\u00e9rt. A kilenced h\u00e9tk\u00f6znapokon a 7 \u00f3rai szentmise ut\u00e1n, f\u00e9l nyolct\u00f3l kezd\u0151dik.<\/p>\n<p>6. A tekint\u00e9lyes m\u00falt\u00fa Debreceni Szent L\u00e1szl\u00f3 K\u00f3rus v\u00e1rja tagjai sor\u00e1ba a k\u00f3rusban \u00e9nekelni szeret\u0151 kedves h\u00edveket. A pr\u00f3b\u00e1k cs\u00fct\u00f6rt\u00f6k\u00f6nk\u00e9nt az esti szentmise ut\u00e1n lesznek a 6. teremben. Jelentkezni lehet Dobos Mih\u00e1ly karnagy-k\u00e1ntor \u00farn\u00e1l.<\/p>\n","protected":false},"excerpt":{"rendered":"<p>HIRDET\u00c9SEK ISTEN IG\u00c9J\u00c9NEK VAS\u00c1RNAPJ\u00c1N (JAN. 26.) 1. Ma v\u00e9get \u00e9r az idei \u00f6kumenikus imah\u00e9t a Krisztus-h\u00edv\u0151k l\u00e1that\u00f3 \u00e9s teljes egys\u00e9g\u00e9\u00e9rt. A mai k\u00f6z\u00f6s ima 17 \u00f3rakor kezd\u0151dik a Reform\u00e1tus Nagytemplomban. 2. Kedden 18 \u00f3r\u00e1t\u00f3l folytat\u00f3dik a filmklub a Varga utca 3. sz\u00e1m alatti Kateketikai K\u00f6zpontban. Megn\u00e9zz\u00fck az 1995-ben k\u00e9sz\u00fclt Apostolok cselekedetei c\u00edm\u0171 amerikai film m\u00e1sodik &hellip; <a href=\"https:\/\/szentannaplebania.dnyem.hu\/?p=2523\" class=\"more-link\"><span class=\"screen-reader-text\">26 January, 2025 06:28<\/span> r\u00e9szletei&#8230;<\/a><\/p>\n","protected":false},"author":2,"featured_media":0,"comment_status":"closed","ping_status":"open","sticky":false,"template":"","format":"standard","meta":{"_jetpack_memberships_contains_paid_content":false,"footnotes":""},"categories":[15],"tags":[],"class_list":["post-2523","post","type-post","status-publish","format-standard","hentry","category-hirdetesek"],"jetpack_featured_media_url":"","jetpack_shortlink":"https:\/\/wp.me\/p9doK4-EH","jetpack_sharing_enabled":true,"_links":{"self":[{"href":"https:\/\/szentannaplebania.dnyem.hu\/index.php?rest_route=\/wp\/v2\/posts\/2523","targetHints":{"allow":["GET"]}}],"collection":[{"href":"https:\/\/szentannaplebania.dnyem.hu\/index.php?rest_route=\/wp\/v2\/posts"}],"about":[{"href":"https:\/\/szentannaplebania.dnyem.hu\/index.php?rest_route=\/wp\/v2\/types\/post"}],"author":[{"embeddable":true,"href":"https:\/\/szentannaplebania.dnyem.hu\/index.php?rest_route=\/wp\/v2\/users\/2"}],"replies":[{"embeddable":true,"href":"https:\/\/szentannaplebania.dnyem.hu\/index.php?rest_route=%2Fwp%2Fv2%2Fcomments&post=2523"}],"version-history":[{"count":0,"href":"https:\/\/szentannaplebania.dnyem.hu\/index.php?rest_route=\/wp\/v2\/posts\/2523\/revisions"}],"wp:attachment":[{"href":"https:\/\/szentannaplebania.dnyem.hu\/index.php?rest_route=%2Fwp%2Fv2%2Fmedia&parent=2523"}],"wp:term":[{"taxonomy":"category","embeddable":true,"href":"https:\/\/szentannaplebania.dnyem.hu\/index.php?rest_route=%2Fwp%2Fv2%2Fcategories&post=2523"},{"taxonomy":"post_tag","embeddable":true,"href":"https:\/\/szentannaplebania.dnyem.hu\/index.php?rest_route=%2Fwp%2Fv2%2Ftags&post=2523"}],"curies":[{"name":"wp","href":"https:\/\/api.w.org\/{rel}","templated":true}]}}