{"id":2524,"date":"2025-02-02T06:14:08","date_gmt":"2025-02-02T05:14:08","guid":{"rendered":"https:\/\/szentannaplebania.dnyem.hu\/?p=2524"},"modified":"2025-02-02T06:14:08","modified_gmt":"2025-02-02T05:14:08","slug":"2-february-2025-0614","status":"publish","type":"post","link":"https:\/\/szentannaplebania.dnyem.hu\/?p=2524","title":{"rendered":"2 February, 2025 06:14"},"content":{"rendered":"<p><strong>HIRDET\u00c9SEK URUNK BEMUTAT\u00c1S\u00c1NAK \u00dcNNEP\u00c9N (febru\u00e1r 2.)<\/strong><\/p>\n<p><strong>1. <\/strong>Ferenc p\u00e1pa febru\u00e1ri imasz\u00e1nd\u00e9ka: Papi \u00e9s szerzetesi hivat\u00e1sok\u00e9rt. Im\u00e1dkozzunk, hogy egyh\u00e1zi k\u00f6z\u00f6ss\u00e9g\u00fcnk \u00f6r\u00f6mmel \u00e9s nyitotts\u00e1ggal fogadja azoknak a fiataloknak a v\u00e1gyait \u00e9s k\u00e9rd\u00e9seit, akik h\u00edv\u00e1st \u00e9reznek Krisztus szolg\u00e1lat\u00e1ra a paps\u00e1gban vagy a szerzetesi \u00e9letben.<\/p>\n<p><strong>2. <\/strong>A Szent L\u00e1szl\u00f3 Imasz\u00f6vets\u00e9g febru\u00e1ri r\u00f3zsaf\u00fcz\u00e9rtitka: J\u00e9zus, akit te, szent Sz\u0171z a vil\u00e1gra sz\u00fclt\u00e9l.<\/p>\n<p><strong>3. Ma <\/strong>minden szentmise ut\u00e1n Bal\u00e1zs-\u00e1ld\u00e1sban r\u00e9szes\u00fclhetnek a kedves Testv\u00e9rek.<\/p>\n<p>Szint\u00e9n <strong>ma <\/strong>kilencedet kezd\u00fcnk a 167 \u00e9ve \u2014 1858. febr. 11-\u00e9n \u2014 Lourdes-ban 18-szor megjelent Sz\u0171zanya tisztelet\u00e9re \u00e9s k\u00f6zbenj\u00e1r\u00e1s\u00e1nak k\u00e9r\u00e9s\u00e9\u00e9rt. A kilenced h\u00e9tk\u00f6znapokon a 7 \u00f3rai szentmise ut\u00e1n, f\u00e9l nyolct\u00f3l kezd\u0151dik.<\/p>\n<p>Ugyancsak <strong>ma<\/strong>, a megszentelt \u00e9let napj\u00e1n 15 \u00f3r\u00e1t\u00f3l csendes szents\u00e9gim\u00e1d\u00e1sra t\u00e9rhet\u00fcnk be templomunkba. 17 \u00f3r\u00e1t\u00f3l kezd\u0151dik a szents\u00e9gim\u00e1d\u00e1s egyh\u00e1zmegy\u00e9nk szerzeteseivel, 18 \u00f3rakor pedig a p\u00fcsp\u00f6ki szentmise.<\/p>\n<p><strong>4. Szerd\u00e1n<\/strong> 16:45-t\u0151l az 5. teremben lesz a M\u00e1ria \u00e9s M\u00e1rta n\u0151i imak\u00f6r az egyed\u00fcl\u00e1ll\u00f3 n\u0151knek \u00e9s asszonyoknak.<\/p>\n<p><strong>5. Cs\u00fct\u00f6rt\u00f6k\u00f6n<\/strong> eg\u00e9sznapos szents\u00e9gim\u00e1d\u00e1st tartunk. 17-kor kezdj\u00fck a szents\u00e9gim\u00e1d\u00e1si \u00f3r\u00e1t papi hivat\u00e1sok\u00e9rt.<\/p>\n<p><strong>6. Els\u0151p\u00e9nteken<\/strong>, a J\u00e9zus Sz\u00edve-tisztelet napj\u00e1n megl\u00e1togatjuk a betegeket, akik otthonukban akarj\u00e1k szentgy\u00f3n\u00e1sukat \u00e9s \u2013\u00e1ldoz\u00e1sukat elv\u00e9gezni. 17:30-kor \u00e9nekelj\u00fck a J\u00e9zus Sz\u00edve lit\u00e1ni\u00e1t.<\/p>\n<p><strong>7. <\/strong>Liturgikus eml\u00e9knapok e h\u00e9ten: h\u00e9tf\u0151n Szt. Bal\u00e1zs p\u00fcsp\u00f6k\u00e9 \u00e9s v\u00e9rtan\u00fa\u00e9, szerd\u00e1n Szt. \u00c1gota sz\u0171z\u00e9 \u00e9s v\u00e9rtan\u00fa\u00e9, cs\u00fct\u00f6rt\u00f6k\u00f6n Miki Szt. P\u00e1l\u00e9 \u00e9s v\u00e9rtan\u00fat\u00e1rsai\u00e9.<\/p>\n<p><strong>8. Besz\u00e9lgessetek a h\u00e1zass\u00e1gotok\u00e9rt! <\/strong>\u2014 Ezzel a mott\u00f3val veszi kezdet\u00e9t febru\u00e1r 9-\u00e9n a h\u00e1zass\u00e1g hete, \u00e9s tart febru\u00e1r 16-ig.<\/p>\n<p>Szeretettel v\u00e1rj\u00e1k az \u00e9rdekl\u0151d\u0151 h\u00e1zasp\u00e1rokat, jegyesp\u00e1rokat \u00e9s a h\u00edveket a H\u00e1zass\u00e1g hete egyh\u00e1zmegyei programjaira, amelyek olvashat\u00f3k a hirdet\u0151n, egyh\u00e1zmegy\u00e9nk \u00e9s egyh\u00e1zk\u00f6zs\u00e9g\u00fcnk honlapj\u00e1n, valamint facebook oldal\u00e1n.<\/p>\n<p>A programok:<\/p>\n<p>Febru\u00e1r 9-\u00e9n d\u00e9lut\u00e1n h\u00e1rom \u00f3rakor S\u00f3st\u00f3n im\u00e1dkozzuk a H\u00e1zasp\u00e1rok \u00fatj\u00e1nak \u00e1llom\u00e1sait.<\/p>\n<p>Febru\u00e1r 10-\u00e9n h\u00e9tf\u0151n este f\u00e9l hatt\u00f3l a ny\u00edregyh\u00e1zi Szent Imre Gimn\u00e1ziumba v\u00e1rjuk a h\u00e1zasp\u00e1rokat \u00e9s jegyesp\u00e1rokat Iv\u00e1n Imre \u00e9s feles\u00e9ge Gabriella el\u0151ad\u00e1s\u00e1ra.<\/p>\n<p>Febru\u00e1r 11-\u00e9n kedden este f\u00e9l hatt\u00f3l ugyanide v\u00e1rjuk a h\u00e1zasp\u00e1rokat \u00e9s jegyesp\u00e1rokat Mez\u0151-Hal\u00e1sz Krisztina \u00e9s f\u00e9rje, Mez\u0151 N\u00e1ndor tan\u00fas\u00e1gt\u00e9tel\u00e9re \u00e9s interakt\u00edv el\u0151ad\u00e1s\u00e1ra.<\/p>\n<p>Febru\u00e1r 12-\u00e9n szerd\u00e1n este f\u00e9l hatt\u00f3l ugyanide v\u00e1rjuk a h\u00e1zasp\u00e1rokat, jegyesp\u00e1rokat \u00e9s \u00e9rt\u00fck im\u00e1dkoz\u00f3 lelkip\u00e1sztorokat \u00e9s h\u00edveket Nagy Csaba csal\u00e1dreferens elm\u00e9lked\u00e9s\u00e9re, gyerty\u00e1s szents\u00e9gim\u00e1d\u00e1sra \u00e9s a h\u00e1zasp\u00e1rok meg\u00e1ld\u00e1s\u00e1ra.<\/p>\n<p>Febru\u00e1r 16-\u00e1n vas\u00e1rnap n\u00e9gy \u00f3rakor \u00fajra S\u00f3st\u00f3n im\u00e1dkozunk, az \u00e1llom\u00e1sok felolvas\u00e1s\u00e1ra a jubil\u00e1ns h\u00e1zasp\u00e1rokat k\u00e9rik fel.<\/p>\n<p>Szint\u00e9n febru\u00e1r 16-\u00e1n vas\u00e1rnap, a 18 \u00f3rai szentmis\u00e9ben \u00e1ldja meg Pal\u00e1nki Ferenc p\u00fcsp\u00f6k atya a jubil\u00e1ns h\u00e1zasokat a Magyarok Nagyasszonya T\u00e1rssz\u00e9kesegyh\u00e1zban.<\/p>\n<p>A programokra val\u00f3 jelentkez\u00e9sr\u0151l minden inform\u00e1ci\u00f3 megtal\u00e1lhat\u00f3 az egyh\u00e1zmegye honlapj\u00e1n \u00e9s facebook oldal\u00e1n, illetve inform\u00e1ci\u00f3 k\u00e9rhet\u0151 a dnyem.csaladpasztoracio email c\u00edmen.<\/p>\n<p>Jelentkez\u00e9si \u0171rlap: <a href=\"https:\/\/docs.google.com\/forms\/d\/e\/1FAIpQLSfcbCAgYfP6hF7-DPsWBXbI9plig17IVm719EoAz6SDwxnPbg\/viewform?usp=header\">https:\/\/docs.google.com\/forms\/d\/e\/1FAIpQLSfcbCAgYfP6hF7-DPsWBXbI9plig17IVm719EoAz6SDwxnPbg\/viewform?usp=header<\/a><\/p>\n","protected":false},"excerpt":{"rendered":"<p>HIRDET\u00c9SEK URUNK BEMUTAT\u00c1S\u00c1NAK \u00dcNNEP\u00c9N (febru\u00e1r 2.) 1. Ferenc p\u00e1pa febru\u00e1ri imasz\u00e1nd\u00e9ka: Papi \u00e9s szerzetesi hivat\u00e1sok\u00e9rt. Im\u00e1dkozzunk, hogy egyh\u00e1zi k\u00f6z\u00f6ss\u00e9g\u00fcnk \u00f6r\u00f6mmel \u00e9s nyitotts\u00e1ggal fogadja azoknak a fiataloknak a v\u00e1gyait \u00e9s k\u00e9rd\u00e9seit, akik h\u00edv\u00e1st \u00e9reznek Krisztus szolg\u00e1lat\u00e1ra a paps\u00e1gban vagy a szerzetesi \u00e9letben. 2. A Szent L\u00e1szl\u00f3 Imasz\u00f6vets\u00e9g febru\u00e1ri r\u00f3zsaf\u00fcz\u00e9rtitka: J\u00e9zus, akit te, szent Sz\u0171z a vil\u00e1gra &hellip; <a href=\"https:\/\/szentannaplebania.dnyem.hu\/?p=2524\" class=\"more-link\"><span class=\"screen-reader-text\">2 February, 2025 06:14<\/span> r\u00e9szletei&#8230;<\/a><\/p>\n","protected":false},"author":2,"featured_media":0,"comment_status":"closed","ping_status":"open","sticky":false,"template":"","format":"standard","meta":{"_jetpack_memberships_contains_paid_content":false,"footnotes":""},"categories":[15],"tags":[],"class_list":["post-2524","post","type-post","status-publish","format-standard","hentry","category-hirdetesek"],"jetpack_featured_media_url":"","jetpack_shortlink":"https:\/\/wp.me\/p9doK4-EI","jetpack_sharing_enabled":true,"_links":{"self":[{"href":"https:\/\/szentannaplebania.dnyem.hu\/index.php?rest_route=\/wp\/v2\/posts\/2524","targetHints":{"allow":["GET"]}}],"collection":[{"href":"https:\/\/szentannaplebania.dnyem.hu\/index.php?rest_route=\/wp\/v2\/posts"}],"about":[{"href":"https:\/\/szentannaplebania.dnyem.hu\/index.php?rest_route=\/wp\/v2\/types\/post"}],"author":[{"embeddable":true,"href":"https:\/\/szentannaplebania.dnyem.hu\/index.php?rest_route=\/wp\/v2\/users\/2"}],"replies":[{"embeddable":true,"href":"https:\/\/szentannaplebania.dnyem.hu\/index.php?rest_route=%2Fwp%2Fv2%2Fcomments&post=2524"}],"version-history":[{"count":0,"href":"https:\/\/szentannaplebania.dnyem.hu\/index.php?rest_route=\/wp\/v2\/posts\/2524\/revisions"}],"wp:attachment":[{"href":"https:\/\/szentannaplebania.dnyem.hu\/index.php?rest_route=%2Fwp%2Fv2%2Fmedia&parent=2524"}],"wp:term":[{"taxonomy":"category","embeddable":true,"href":"https:\/\/szentannaplebania.dnyem.hu\/index.php?rest_route=%2Fwp%2Fv2%2Fcategories&post=2524"},{"taxonomy":"post_tag","embeddable":true,"href":"https:\/\/szentannaplebania.dnyem.hu\/index.php?rest_route=%2Fwp%2Fv2%2Ftags&post=2524"}],"curies":[{"name":"wp","href":"https:\/\/api.w.org\/{rel}","templated":true}]}}