{"id":2525,"date":"2025-02-08T21:29:11","date_gmt":"2025-02-08T20:29:11","guid":{"rendered":"https:\/\/szentannaplebania.dnyem.hu\/?p=2525"},"modified":"2025-02-08T21:29:11","modified_gmt":"2025-02-08T20:29:11","slug":"8-february-2025-2129","status":"publish","type":"post","link":"https:\/\/szentannaplebania.dnyem.hu\/?p=2525","title":{"rendered":"8 February, 2025 21:29"},"content":{"rendered":"<p><strong>HIRDET\u00c9SEK AZ \u00c9VK\u00d6ZI 5. VAS\u00c1RNAP (FEBR. 9.)<\/strong><\/p>\n<p><strong>1. <\/strong><em>Besz\u00e9lgessetek a h\u00e1zass\u00e1gotok\u00e9rt!<\/em>\u2014 Ezzel amott\u00f3val <strong>ma<\/strong> veszi kezdet\u00e9t a febru\u00e1r 16-ig tart\u00f3 h\u00e1zass\u00e1g hete. A befejez\u0151 napon, m\u00e1hoz egy h\u00e9tre minden szentmise v\u00e9g\u00e9n meg\u00e1ldjuk a h\u00e1zasp\u00e1rokat.<\/p>\n<p>Szeretettel v\u00e1rj\u00e1k az \u00e9rdekl\u0151d\u0151 h\u00e1zasp\u00e1rokat, jegyesp\u00e1rokat \u00e9s a h\u00edveket a H\u00e1zass\u00e1g hete egyh\u00e1zmegyei programjaira, amelyek olvashat\u00f3k a hirdet\u0151n, egyh\u00e1zmegy\u00e9nk \u00e9s egyh\u00e1zk\u00f6zs\u00e9g\u00fcnk honlapj\u00e1n, valamint facebook oldal\u00e1n.<\/p>\n<p>A programok:<\/p>\n<p>Febru\u00e1r 9-\u00e9n d\u00e9lut\u00e1n h\u00e1rom \u00f3rakor S\u00f3st\u00f3n im\u00e1dkozzuk a H\u00e1zasp\u00e1rok \u00fatj\u00e1nak \u00e1llom\u00e1sait.<\/p>\n<p>Febru\u00e1r 10-\u00e9n h\u00e9tf\u0151n este f\u00e9l hatt\u00f3l a ny\u00edregyh\u00e1zi Szent Imre Gimn\u00e1ziumba v\u00e1rjuk a h\u00e1zasp\u00e1rokat \u00e9s jegyesp\u00e1rokat Iv\u00e1n Imre \u00e9s feles\u00e9ge Gabriella el\u0151ad\u00e1s\u00e1ra.<\/p>\n<p>Febru\u00e1r 11-\u00e9n kedden este f\u00e9l hatt\u00f3l ugyanide v\u00e1rjuk a h\u00e1zasp\u00e1rokat \u00e9s jegyesp\u00e1rokat Mez\u0151-Hal\u00e1sz Krisztina \u00e9s f\u00e9rje, Mez\u0151 N\u00e1ndor tan\u00fas\u00e1gt\u00e9tel\u00e9re \u00e9s interakt\u00edv el\u0151ad\u00e1s\u00e1ra.<\/p>\n<p>Febru\u00e1r 12-\u00e9n szerd\u00e1n este f\u00e9l hatt\u00f3l ugyanide v\u00e1rjuk a h\u00e1zasp\u00e1rokat, jegyesp\u00e1rokat \u00e9s \u00e9rt\u00fck im\u00e1dkoz\u00f3 lelkip\u00e1sztorokat \u00e9s h\u00edveket Nagy Csaba csal\u00e1dreferens elm\u00e9lked\u00e9s\u00e9re, gyerty\u00e1s szents\u00e9gim\u00e1d\u00e1sra \u00e9s a h\u00e1zasp\u00e1rok meg\u00e1ld\u00e1s\u00e1ra.<\/p>\n<p>Febru\u00e1r 16-\u00e1n vas\u00e1rnap n\u00e9gy \u00f3rakor \u00fajra S\u00f3st\u00f3n im\u00e1dkozunk, az \u00e1llom\u00e1sok felolvas\u00e1s\u00e1ra a jubil\u00e1ns h\u00e1zasp\u00e1rokat k\u00e9rik fel.<\/p>\n<p>Szint\u00e9n febru\u00e1r 16-\u00e1n vas\u00e1rnap, a 18 \u00f3rai szentmis\u00e9ben \u00e1ldja meg Pal\u00e1nki Ferenc p\u00fcsp\u00f6k atya a jubil\u00e1ns h\u00e1zasokat a Magyarok Nagyasszonya T\u00e1rssz\u00e9kesegyh\u00e1zban.<\/p>\n<p>A programokra val\u00f3 jelentkez\u00e9sr\u0151l minden inform\u00e1ci\u00f3 megtal\u00e1lhat\u00f3 az egyh\u00e1zmegye honlapj\u00e1n \u00e9s facebook oldal\u00e1n, illetve inform\u00e1ci\u00f3 k\u00e9rhet\u0151 a dnyem.csaladpasztoracio email c\u00edmen.<\/p>\n<p>Jelentkez\u00e9si \u0171rlap: <a href=\"https:\/\/docs.google.com\/forms\/d\/e\/1FAIpQLSfcbCAgYfP6hF7-DPsWBXbI9plig17IVm719EoAz6SDwxnPbg\/viewform?usp=header\">https:\/\/docs.google.com\/forms\/d\/e\/1FAIpQLSfcbCAgYfP6hF7-DPsWBXbI9plig17IVm719EoAz6SDwxnPbg\/viewform?usp=header<\/a><\/p>\n<p><strong>2. Ma<\/strong> 16:30-kor kezd\u0151dik n\u00e9met nyelv\u0171 szentmise sz\u00e9kesegyh\u00e1zunkban.<\/p>\n<p><strong>3. P\u00e9nteken<\/strong> az esti szentmise ut\u00e1n egyh\u00e1zk\u00f6zs\u00e9g\u00fcnk akolitusainak \u00f6sszej\u00f6vetel\u00e9t tartjuk az 5. teremben.<\/p>\n<p><strong>4. Szombaton<\/strong> lesz 9 \u00f3r\u00e1t\u00f3l a b\u00e9rm\u00e1lkoz\u00e1sra \u00e9s 10 \u00f3r\u00e1t\u00f3l az els\u0151\u00e1ldoz\u00e1sra k\u00e9sz\u00fcl\u0151k \u00f6sszevont hittan\u00f3r\u00e1ja a templomban. J\u00f6jjenek a jel\u00f6ltek!<\/p>\n<p><strong>Szint\u00e9n szombaton<\/strong> Pal\u00e1nki Ferenc p\u00fcsp\u00f6k atya szentmis\u00e9t mutat be 18 \u00f3r\u00e1t\u00f3l Ny\u00edregyh\u00e1z\u00e1n a Magyarok Nagyasszonya-t\u00e1rssz\u00e9kesegyh\u00e1zban, amelyen meg\u00e1ldja az id\u00e9n kerek \u00e9vfordul\u00f3jukat \u00fcnnepl\u0151 h\u00e1zasp\u00e1rokat.<\/p>\n<p>K\u00e9rj\u00fck a h\u00e1zasp\u00e1rok jelentkez\u00e9s\u00e9t szem\u00e9lyesen a pl\u00e9b\u00e1niairod\u00e1n vagy a sekresty\u00e9ben, ill. egyh\u00e1zk\u00f6zs\u00e9g\u00fcnk e-mail c\u00edm\u00e9n vagy telefonon.<\/p>\n<p><strong>5. <\/strong>Liturgikus eml\u00e9knapok e h\u00e9ten: h\u00e9tf\u0151n Szt. Skolasztika sz\u0171z\u00e9; kedden a Lourdes-i Boldogs\u00e1gos Sz\u0171z M\u00e1ri\u00e1\u00e9 \u00e9s a Betegek Vil\u00e1gnapja. A Betegek Vil\u00e1gnapja j\u00f3 alkalom arra, hogy megk\u00f6sz\u00f6nj\u00fck az eg\u00e9szs\u00e9g\u00fcgyben f\u00e1radoz\u00f3k odaad\u00f3 helyt\u00e1ll\u00e1s\u00e1t. P\u00e9nteken Szt. Cirill szerzetes \u00e9s Szt. Met\u00f3d p\u00fcsp\u00f6k, Eur\u00f3pa t\u00e1rsv\u00e9d\u0151szentjeinek \u00fcnnepe lesz.<\/p>\n","protected":false},"excerpt":{"rendered":"<p>HIRDET\u00c9SEK AZ \u00c9VK\u00d6ZI 5. VAS\u00c1RNAP (FEBR. 9.) 1. Besz\u00e9lgessetek a h\u00e1zass\u00e1gotok\u00e9rt!\u2014 Ezzel amott\u00f3val ma veszi kezdet\u00e9t a febru\u00e1r 16-ig tart\u00f3 h\u00e1zass\u00e1g hete. A befejez\u0151 napon, m\u00e1hoz egy h\u00e9tre minden szentmise v\u00e9g\u00e9n meg\u00e1ldjuk a h\u00e1zasp\u00e1rokat. Szeretettel v\u00e1rj\u00e1k az \u00e9rdekl\u0151d\u0151 h\u00e1zasp\u00e1rokat, jegyesp\u00e1rokat \u00e9s a h\u00edveket a H\u00e1zass\u00e1g hete egyh\u00e1zmegyei programjaira, amelyek olvashat\u00f3k a hirdet\u0151n, egyh\u00e1zmegy\u00e9nk \u00e9s egyh\u00e1zk\u00f6zs\u00e9g\u00fcnk &hellip; <a href=\"https:\/\/szentannaplebania.dnyem.hu\/?p=2525\" class=\"more-link\"><span class=\"screen-reader-text\">8 February, 2025 21:29<\/span> r\u00e9szletei&#8230;<\/a><\/p>\n","protected":false},"author":2,"featured_media":0,"comment_status":"closed","ping_status":"open","sticky":false,"template":"","format":"standard","meta":{"_jetpack_memberships_contains_paid_content":false,"footnotes":""},"categories":[15],"tags":[],"class_list":["post-2525","post","type-post","status-publish","format-standard","hentry","category-hirdetesek"],"jetpack_featured_media_url":"","jetpack_shortlink":"https:\/\/wp.me\/p9doK4-EJ","jetpack_sharing_enabled":true,"_links":{"self":[{"href":"https:\/\/szentannaplebania.dnyem.hu\/index.php?rest_route=\/wp\/v2\/posts\/2525","targetHints":{"allow":["GET"]}}],"collection":[{"href":"https:\/\/szentannaplebania.dnyem.hu\/index.php?rest_route=\/wp\/v2\/posts"}],"about":[{"href":"https:\/\/szentannaplebania.dnyem.hu\/index.php?rest_route=\/wp\/v2\/types\/post"}],"author":[{"embeddable":true,"href":"https:\/\/szentannaplebania.dnyem.hu\/index.php?rest_route=\/wp\/v2\/users\/2"}],"replies":[{"embeddable":true,"href":"https:\/\/szentannaplebania.dnyem.hu\/index.php?rest_route=%2Fwp%2Fv2%2Fcomments&post=2525"}],"version-history":[{"count":0,"href":"https:\/\/szentannaplebania.dnyem.hu\/index.php?rest_route=\/wp\/v2\/posts\/2525\/revisions"}],"wp:attachment":[{"href":"https:\/\/szentannaplebania.dnyem.hu\/index.php?rest_route=%2Fwp%2Fv2%2Fmedia&parent=2525"}],"wp:term":[{"taxonomy":"category","embeddable":true,"href":"https:\/\/szentannaplebania.dnyem.hu\/index.php?rest_route=%2Fwp%2Fv2%2Fcategories&post=2525"},{"taxonomy":"post_tag","embeddable":true,"href":"https:\/\/szentannaplebania.dnyem.hu\/index.php?rest_route=%2Fwp%2Fv2%2Ftags&post=2525"}],"curies":[{"name":"wp","href":"https:\/\/api.w.org\/{rel}","templated":true}]}}