{"id":2526,"date":"2025-02-15T21:49:30","date_gmt":"2025-02-15T20:49:30","guid":{"rendered":"https:\/\/szentannaplebania.dnyem.hu\/?p=2526"},"modified":"2025-02-15T21:49:30","modified_gmt":"2025-02-15T20:49:30","slug":"15-february-2025-2149","status":"publish","type":"post","link":"https:\/\/szentannaplebania.dnyem.hu\/?p=2526","title":{"rendered":"15 February, 2025 21:49"},"content":{"rendered":"<p><strong>HIRDET\u00c9SEK AZ \u00c9VK\u00d6ZI 6. VAS\u00c1RNAP (FEBR. 16.)<\/strong><\/p>\n<p><strong>1. Ma:<\/strong><\/p>\n<p>\u2014 minden szentmise v\u00e9g\u00e9n meg\u00e1ldjuk a h\u00e1zasp\u00e1rokat.<\/p>\n<p>\u2014 19 \u00f3r\u00e1t\u00f3l M\u00e9sz\u00e1ros Zsolt orgonam\u0171v\u00e9sz koncertj\u00e9n vehet\u00fcnk r\u00e9szt.<\/p>\n<p>\u2014 Pal\u00e1nki Ferenc p\u00fcsp\u00f6k atya szentmis\u00e9t mutat be 18 \u00f3r\u00e1t\u00f3l Ny\u00edregyh\u00e1z\u00e1n a Magyarok Nagyasszonya-t\u00e1rssz\u00e9kesegyh\u00e1zban, amelyben meg\u00e1ldja az id\u00e9n h\u00e1zass\u00e1guk kerek \u00e9vfordul\u00f3j\u00e1t \u00fcnnepl\u0151 h\u00e1zasp\u00e1rokat.<\/p>\n<p><strong>2. Kedden<\/strong> 18 \u00f3r\u00e1t\u00f3l folytat\u00f3dik a filmklub a Varga utca 3. sz\u00e1m alatti Kateketikai K\u00f6zpontban. Megn\u00e9zz\u00fck a 2018-ban k\u00e9sz\u00fclt <em>Szent P\u00e1l \u00e9lete<\/em> c\u00edm\u0171 amerikai filmet, amely az apostol v\u00e9gnapjait mutatja be. A filmvet\u00edt\u00e9st besz\u00e9lget\u00e9s k\u00f6veti a l\u00e1tottakr\u00f3l.<\/p>\n<p><strong>3. Szerd\u00e1n<\/strong> 16:45-t\u0151l az 5. teremben lesz a M\u00e1ria \u00e9s M\u00e1rta n\u0151i imak\u00f6r az egyed\u00fcl\u00e1ll\u00f3 n\u0151knek \u00e9s asszonyoknak.<\/p>\n<p><strong>4. Szombaton<\/strong> lesz Szent P\u00e9ter apostol sz\u00e9kfoglal\u00e1s\u00e1nak \u00fcnnepe.<\/p>\n<p><strong>5. J\u00f6v\u0151 vas\u00e1rnap<\/strong>, febr. 23-\u00e1n orsz\u00e1gos gy\u0171jt\u00e9st tartunk a katolikus iskol\u00e1k jav\u00e1ra.<\/p>\n<p><strong>6. M\u00e1rc. 1-\u00e9n, szombaton <\/strong>farsangi mulats\u00e1gra h\u00edvjuk gyermekeinket f\u00e9l 3-t\u00f3l a hittantermekbe. A farsang r\u00e9sze a jelmezverseny, \u00fcgyess\u00e9gi j\u00e1t\u00e9k, zs\u00e1kbamacska \u00e9s b\u00fcf\u00e9. Bel\u00e9p\u0151: 1 t\u00e1lca s\u00fctem\u00e9ny \u00e9s \u00fcd\u00edt\u0151. Jelentkezni lehet a hitoktat\u00f3kn\u00e1l vagy a pl\u00e9b\u00e1niairod\u00e1n, vagy a sekresty\u00e9ben.<\/p>\n<p>A gyermekek sz\u00fcleit ugyanekkor besz\u00e9lget\u00e9sre h\u00edvjuk az 5. terembe.<\/p>\n","protected":false},"excerpt":{"rendered":"<p>HIRDET\u00c9SEK AZ \u00c9VK\u00d6ZI 6. VAS\u00c1RNAP (FEBR. 16.) 1. Ma: \u2014 minden szentmise v\u00e9g\u00e9n meg\u00e1ldjuk a h\u00e1zasp\u00e1rokat. \u2014 19 \u00f3r\u00e1t\u00f3l M\u00e9sz\u00e1ros Zsolt orgonam\u0171v\u00e9sz koncertj\u00e9n vehet\u00fcnk r\u00e9szt. \u2014 Pal\u00e1nki Ferenc p\u00fcsp\u00f6k atya szentmis\u00e9t mutat be 18 \u00f3r\u00e1t\u00f3l Ny\u00edregyh\u00e1z\u00e1n a Magyarok Nagyasszonya-t\u00e1rssz\u00e9kesegyh\u00e1zban, amelyben meg\u00e1ldja az id\u00e9n h\u00e1zass\u00e1guk kerek \u00e9vfordul\u00f3j\u00e1t \u00fcnnepl\u0151 h\u00e1zasp\u00e1rokat. 2. Kedden 18 \u00f3r\u00e1t\u00f3l folytat\u00f3dik a filmklub &hellip; <a href=\"https:\/\/szentannaplebania.dnyem.hu\/?p=2526\" class=\"more-link\"><span class=\"screen-reader-text\">15 February, 2025 21:49<\/span> r\u00e9szletei&#8230;<\/a><\/p>\n","protected":false},"author":2,"featured_media":0,"comment_status":"closed","ping_status":"open","sticky":false,"template":"","format":"standard","meta":{"_jetpack_memberships_contains_paid_content":false,"footnotes":""},"categories":[15],"tags":[],"class_list":["post-2526","post","type-post","status-publish","format-standard","hentry","category-hirdetesek"],"jetpack_featured_media_url":"","jetpack_shortlink":"https:\/\/wp.me\/p9doK4-EK","jetpack_sharing_enabled":true,"_links":{"self":[{"href":"https:\/\/szentannaplebania.dnyem.hu\/index.php?rest_route=\/wp\/v2\/posts\/2526","targetHints":{"allow":["GET"]}}],"collection":[{"href":"https:\/\/szentannaplebania.dnyem.hu\/index.php?rest_route=\/wp\/v2\/posts"}],"about":[{"href":"https:\/\/szentannaplebania.dnyem.hu\/index.php?rest_route=\/wp\/v2\/types\/post"}],"author":[{"embeddable":true,"href":"https:\/\/szentannaplebania.dnyem.hu\/index.php?rest_route=\/wp\/v2\/users\/2"}],"replies":[{"embeddable":true,"href":"https:\/\/szentannaplebania.dnyem.hu\/index.php?rest_route=%2Fwp%2Fv2%2Fcomments&post=2526"}],"version-history":[{"count":0,"href":"https:\/\/szentannaplebania.dnyem.hu\/index.php?rest_route=\/wp\/v2\/posts\/2526\/revisions"}],"wp:attachment":[{"href":"https:\/\/szentannaplebania.dnyem.hu\/index.php?rest_route=%2Fwp%2Fv2%2Fmedia&parent=2526"}],"wp:term":[{"taxonomy":"category","embeddable":true,"href":"https:\/\/szentannaplebania.dnyem.hu\/index.php?rest_route=%2Fwp%2Fv2%2Fcategories&post=2526"},{"taxonomy":"post_tag","embeddable":true,"href":"https:\/\/szentannaplebania.dnyem.hu\/index.php?rest_route=%2Fwp%2Fv2%2Ftags&post=2526"}],"curies":[{"name":"wp","href":"https:\/\/api.w.org\/{rel}","templated":true}]}}