{"id":2527,"date":"2025-02-23T17:25:38","date_gmt":"2025-02-23T16:25:38","guid":{"rendered":"https:\/\/szentannaplebania.dnyem.hu\/?p=2527"},"modified":"2025-02-23T17:25:38","modified_gmt":"2025-02-23T16:25:38","slug":"23-february-2025-1725","status":"publish","type":"post","link":"https:\/\/szentannaplebania.dnyem.hu\/?p=2527","title":{"rendered":"23 February, 2025 17:25"},"content":{"rendered":"<p><strong>HIRDET\u00c9SEK AZ \u00c9VK\u00d6ZI 7. VAS\u00c1RNAP (FEBR. 23.)<\/strong><\/p>\n<p><strong>1. Ma<\/strong> tartunk orsz\u00e1gos gy\u0171jt\u00e9st a katolikus iskol\u00e1k jav\u00e1ra. Szeretettel megk\u00f6sz\u00f6n\u00f6m a Kedves H\u00edvek egyh\u00e1zmegyei fenntart\u00e1s\u00fa iskol\u00e1inknak ny\u00fajtott eddigi lelki \u00e9s anyagi t\u00e1mogat\u00e1s\u00e1t. Iskol\u00e1ink sz\u00e1ma az elm\u00falt \u00e9vekben jelent\u0151sen n\u00f6vekedett. Ebben a tan\u00e9vben 5700-n\u00e1l is t\u00f6bb gyermek katolikus nevel\u00e9s\u00e9r\u0151l \u00e9s sz\u00ednvonalas oktat\u00e1s\u00e1r\u00f3l gondoskodunk b\u00f6lcs\u0151d\u00e9inkben, \u00f3vod\u00e1inkban, \u00e1ltal\u00e1nos iskol\u00e1inkban, k\u00f6z\u00e9piskol\u00e1inkban \u00e9s koll\u00e9giumainkban. A 11 oktat\u00e1si k\u00f6zint\u00e9zm\u00e9ny\u00fcnk m\u0171k\u00f6dtet\u00e9se \u2014 az \u00e1llami normat\u00edv\u00e1k \u00e9s a nyertes p\u00e1ly\u00e1zatok mellett \u2014 egyre t\u00f6bb r\u00e1ford\u00edt\u00e1ssal j\u00e1r egyh\u00e1zmegy\u00e9nk r\u00e9sz\u00e9r\u0151l. Ehhez tov\u00e1bbra is k\u00e9rj\u00fck nagylelk\u0171 perselyadom\u00e1nyukat.<\/p>\n<p><strong>2. H\u00e9tf\u0151n<\/strong> Szt. M\u00e1ty\u00e1s apostol \u00fcnnepe lesz.<\/p>\n<p><strong>3. Szombaton <\/strong>farsangi mulats\u00e1gra h\u00edvjuk gyermekeinket f\u00e9l 3-t\u00f3l a hittantermekbe. A farsang r\u00e9sze a jelmezverseny, \u00fcgyess\u00e9gi j\u00e1t\u00e9k, zs\u00e1kbamacska \u00e9s b\u00fcf\u00e9. Bel\u00e9p\u0151: 1 t\u00e1lca s\u00fctem\u00e9ny \u00e9s \u00fcd\u00edt\u0151. Jelentkezni lehet a hitoktat\u00f3kn\u00e1l vagy a pl\u00e9b\u00e1niairod\u00e1n, vagy a sekresty\u00e9ben.<\/p>\n<p>A gyermekek sz\u00fcleit ugyanekkor besz\u00e9lget\u00e9sre h\u00edvjuk az 5. terembe.<\/p>\n<p><strong>4. <\/strong>Szint\u00e9n <strong>szombaton<\/strong> az esti szentmis\u00e9ben \u00e9s m\u00e1snap, <strong>vas\u00e1rnap<\/strong> a 10 \u00f3rai szentmis\u00e9ben fog \u00e9nekelni a Dal\u00e1rda, pl\u00e9b\u00e1ni\u00e1nk csal\u00e1dos k\u00f3rusa.<\/p>\n<p><strong>5. A k\u00f6vetkez\u0151 vas\u00e1rnap <\/strong>k\u00f6ny\u00f6rg\u0151nap lesz a vil\u00e1g \u00e9hez\u0151i\u00e9rt.<\/p>\n<p><strong>6. Nagyb\u00f6jti \u00e9nekverseny<\/strong>t hirdet\u00fcnk a gyerekeknek \u00f3vod\u00e1s kort\u00f3l a 8. oszt\u00e1lyosokkal bez\u00e1r\u00f3lag. Az \u00e9nekversenyt \u00e1prilis 5-\u00e9n (szombaton) 10 \u00f3r\u00e1t\u00f3l tartjuk sz\u00e9kesegyh\u00e1zunkban. M\u00e1t\u00f3l m\u00e1rcius 28-ig lehet jelentkezni a versenyre egy nagyb\u00f6jti \u00e9nekkel egy\u00e9ni indul\u00f3k\u00e9nt vagy 2-3 f\u0151s csapatban a hitoktat\u00f3kn\u00e1l vagy a pl\u00e9b\u00e1niairod\u00e1n.<\/p>\n","protected":false},"excerpt":{"rendered":"<p>HIRDET\u00c9SEK AZ \u00c9VK\u00d6ZI 7. VAS\u00c1RNAP (FEBR. 23.) 1. Ma tartunk orsz\u00e1gos gy\u0171jt\u00e9st a katolikus iskol\u00e1k jav\u00e1ra. Szeretettel megk\u00f6sz\u00f6n\u00f6m a Kedves H\u00edvek egyh\u00e1zmegyei fenntart\u00e1s\u00fa iskol\u00e1inknak ny\u00fajtott eddigi lelki \u00e9s anyagi t\u00e1mogat\u00e1s\u00e1t. Iskol\u00e1ink sz\u00e1ma az elm\u00falt \u00e9vekben jelent\u0151sen n\u00f6vekedett. Ebben a tan\u00e9vben 5700-n\u00e1l is t\u00f6bb gyermek katolikus nevel\u00e9s\u00e9r\u0151l \u00e9s sz\u00ednvonalas oktat\u00e1s\u00e1r\u00f3l gondoskodunk b\u00f6lcs\u0151d\u00e9inkben, \u00f3vod\u00e1inkban, \u00e1ltal\u00e1nos iskol\u00e1inkban, k\u00f6z\u00e9piskol\u00e1inkban &hellip; <a href=\"https:\/\/szentannaplebania.dnyem.hu\/?p=2527\" class=\"more-link\"><span class=\"screen-reader-text\">23 February, 2025 17:25<\/span> r\u00e9szletei&#8230;<\/a><\/p>\n","protected":false},"author":2,"featured_media":0,"comment_status":"closed","ping_status":"open","sticky":false,"template":"","format":"standard","meta":{"_jetpack_memberships_contains_paid_content":false,"footnotes":""},"categories":[15],"tags":[],"class_list":["post-2527","post","type-post","status-publish","format-standard","hentry","category-hirdetesek"],"jetpack_featured_media_url":"","jetpack_shortlink":"https:\/\/wp.me\/p9doK4-EL","jetpack_sharing_enabled":true,"_links":{"self":[{"href":"https:\/\/szentannaplebania.dnyem.hu\/index.php?rest_route=\/wp\/v2\/posts\/2527","targetHints":{"allow":["GET"]}}],"collection":[{"href":"https:\/\/szentannaplebania.dnyem.hu\/index.php?rest_route=\/wp\/v2\/posts"}],"about":[{"href":"https:\/\/szentannaplebania.dnyem.hu\/index.php?rest_route=\/wp\/v2\/types\/post"}],"author":[{"embeddable":true,"href":"https:\/\/szentannaplebania.dnyem.hu\/index.php?rest_route=\/wp\/v2\/users\/2"}],"replies":[{"embeddable":true,"href":"https:\/\/szentannaplebania.dnyem.hu\/index.php?rest_route=%2Fwp%2Fv2%2Fcomments&post=2527"}],"version-history":[{"count":0,"href":"https:\/\/szentannaplebania.dnyem.hu\/index.php?rest_route=\/wp\/v2\/posts\/2527\/revisions"}],"wp:attachment":[{"href":"https:\/\/szentannaplebania.dnyem.hu\/index.php?rest_route=%2Fwp%2Fv2%2Fmedia&parent=2527"}],"wp:term":[{"taxonomy":"category","embeddable":true,"href":"https:\/\/szentannaplebania.dnyem.hu\/index.php?rest_route=%2Fwp%2Fv2%2Fcategories&post=2527"},{"taxonomy":"post_tag","embeddable":true,"href":"https:\/\/szentannaplebania.dnyem.hu\/index.php?rest_route=%2Fwp%2Fv2%2Ftags&post=2527"}],"curies":[{"name":"wp","href":"https:\/\/api.w.org\/{rel}","templated":true}]}}