{"id":2529,"date":"2025-02-23T18:06:27","date_gmt":"2025-02-23T17:06:27","guid":{"rendered":"https:\/\/szentannaplebania.dnyem.hu\/?p=2529"},"modified":"2025-02-23T18:06:27","modified_gmt":"2025-02-23T17:06:27","slug":"dalardas-szentmise-marcius-1-en","status":"publish","type":"post","link":"https:\/\/szentannaplebania.dnyem.hu\/?p=2529","title":{"rendered":"Dal\u00e1rd\u00e1s szentmise m\u00e1rcius 1-\u00e9n"},"content":{"rendered":"<p><a href=\"http:\/\/szentannaplebania.dnyem.hu\/wp-content\/uploads\/Dalarda_03.jpg\"><img loading=\"lazy\" decoding=\"async\" class=\"aligncenter size-large wp-image-2530\" src=\"http:\/\/szentannaplebania.dnyem.hu\/wp-content\/uploads\/Dalarda_03-724x1024.jpg\" alt=\"\" width=\"660\" height=\"933\" srcset=\"https:\/\/szentannaplebania.dnyem.hu\/wp-content\/uploads\/Dalarda_03-724x1024.jpg 724w, https:\/\/szentannaplebania.dnyem.hu\/wp-content\/uploads\/Dalarda_03-212x300.jpg 212w, https:\/\/szentannaplebania.dnyem.hu\/wp-content\/uploads\/Dalarda_03-768x1086.jpg 768w, https:\/\/szentannaplebania.dnyem.hu\/wp-content\/uploads\/Dalarda_03-1086x1536.jpg 1086w, https:\/\/szentannaplebania.dnyem.hu\/wp-content\/uploads\/Dalarda_03.jpg 1183w\" sizes=\"auto, (max-width: 660px) 100vw, 660px\" \/><\/a><\/p>\n","protected":false},"excerpt":{"rendered":"","protected":false},"author":2,"featured_media":0,"comment_status":"closed","ping_status":"open","sticky":false,"template":"","format":"standard","meta":{"_jetpack_memberships_contains_paid_content":false,"footnotes":""},"categories":[17],"tags":[],"class_list":["post-2529","post","type-post","status-publish","format-standard","hentry","category-programok"],"jetpack_featured_media_url":"","jetpack_shortlink":"https:\/\/wp.me\/p9doK4-EN","jetpack_sharing_enabled":true,"_links":{"self":[{"href":"https:\/\/szentannaplebania.dnyem.hu\/index.php?rest_route=\/wp\/v2\/posts\/2529","targetHints":{"allow":["GET"]}}],"collection":[{"href":"https:\/\/szentannaplebania.dnyem.hu\/index.php?rest_route=\/wp\/v2\/posts"}],"about":[{"href":"https:\/\/szentannaplebania.dnyem.hu\/index.php?rest_route=\/wp\/v2\/types\/post"}],"author":[{"embeddable":true,"href":"https:\/\/szentannaplebania.dnyem.hu\/index.php?rest_route=\/wp\/v2\/users\/2"}],"replies":[{"embeddable":true,"href":"https:\/\/szentannaplebania.dnyem.hu\/index.php?rest_route=%2Fwp%2Fv2%2Fcomments&post=2529"}],"version-history":[{"count":1,"href":"https:\/\/szentannaplebania.dnyem.hu\/index.php?rest_route=\/wp\/v2\/posts\/2529\/revisions"}],"predecessor-version":[{"id":2531,"href":"https:\/\/szentannaplebania.dnyem.hu\/index.php?rest_route=\/wp\/v2\/posts\/2529\/revisions\/2531"}],"wp:attachment":[{"href":"https:\/\/szentannaplebania.dnyem.hu\/index.php?rest_route=%2Fwp%2Fv2%2Fmedia&parent=2529"}],"wp:term":[{"taxonomy":"category","embeddable":true,"href":"https:\/\/szentannaplebania.dnyem.hu\/index.php?rest_route=%2Fwp%2Fv2%2Fcategories&post=2529"},{"taxonomy":"post_tag","embeddable":true,"href":"https:\/\/szentannaplebania.dnyem.hu\/index.php?rest_route=%2Fwp%2Fv2%2Ftags&post=2529"}],"curies":[{"name":"wp","href":"https:\/\/api.w.org\/{rel}","templated":true}]}}