{"id":2532,"date":"2025-03-01T22:25:06","date_gmt":"2025-03-01T21:25:06","guid":{"rendered":"https:\/\/szentannaplebania.dnyem.hu\/?p=2532"},"modified":"2025-03-01T22:25:06","modified_gmt":"2025-03-01T21:25:06","slug":"1-march-2025-2225","status":"publish","type":"post","link":"https:\/\/szentannaplebania.dnyem.hu\/?p=2532","title":{"rendered":"1 March, 2025 22:25"},"content":{"rendered":"<p><strong>HIRDET\u00c9SEK AZ \u00c9VK\u00d6ZI 8. VAS\u00c1RNAP (m\u00e1rcius 02.)<\/strong><\/p>\n<p>1. <strong>Ma<\/strong> k\u00f6ny\u00f6rg\u0151nap van a vil\u00e1g \u00e9hez\u0151i\u00e9rt.<\/p>\n<p>2. <strong>Az egy hete megtartott persely<\/strong>gy\u0171jt\u00e9s a katolikus iskol\u00e1k jav\u00e1ra 467 075 Ft-ot eredm\u00e9nyezett, amelyet szeretettel k\u00f6sz\u00f6n\u00f6k meg a Kedves H\u00edveknek.<\/p>\n<p>3. Ferenc p\u00e1pa m\u00e1rciusi imasz\u00e1nd\u00e9ka: Im\u00e1dkozzunk, hogy a sz\u00e9thullott csal\u00e1dok a megbocs\u00e1t\u00e1sban tal\u00e1ljanak gy\u00f3gyul\u00e1st sebeikre, \u00e9s \u00fajra felfedezz\u00e9k egym\u00e1s aj\u00e1nd\u00e9kait, m\u00e9g k\u00fcl\u00f6nb\u00f6z\u0151s\u00e9geik ellen\u00e9re is.<\/p>\n<p>4. A Szent L\u00e1szl\u00f3 Imasz\u00f6vets\u00e9g m\u00e1rciusi r\u00f3zsaf\u00fcz\u00e9rtitka: J\u00e9zus, akit te, Szent Sz\u0171z a templomban bemutatt\u00e1l.<\/p>\n<p>5. <strong>M\u00e1rcius 5-\u00e9n lesz hamvaz\u00f3szerda, amellyel<\/strong> megkezdj\u00fck a nagyb\u00f6jt\u00f6t, felk\u00e9sz\u00fcl\u00e9s\u00fcnket h\u00fasv\u00e9tra. Szentmise lesz 7, 8, f\u00e9l 10, 11 \u00e9s 18 \u00f3rakor. Hamvaz\u00f3szerd\u00e1n szigor\u00fa b\u00f6jt\u00f6t tartunk, vagyis h\u00e1romszor \u00e9tkez\u00fcnk, egyszer lakunk j\u00f3l \u00e9s nem esz\u00fcnk h\u00fast. Nagyb\u00f6jt t\u00f6bbi p\u00e9ntek\u00e9n k\u00f6telez\u0151 a h\u00fas\u00e9telt\u0151l val\u00f3 megtart\u00f3ztat\u00e1s. A h\u00fastilalom 14 \u00e9v felett, a szigor\u00fa b\u00f6jt 18 \u00e9s 60 \u00e9ves kor k\u00f6z\u00f6tt k\u00f6telezi azokat a katolikusokat, akiknek betegs\u00e9g\u00fck ok\u00e1n nincs \u00e9trendi korl\u00e1toz\u00e1suk.<\/p>\n<p>6. <strong>Szerd\u00e1n<\/strong> d\u00e9lut\u00e1n 3\/4 5-t\u0151l lesz a M\u00e1ria \u00e9s M\u00e1rta n\u0151i imak\u00f6r az egyed\u00fcl\u00e1ll\u00f3 n\u0151knek \u00e9s asszonyoknak (\u00e9desany\u00e1knak \u00e9s nagymam\u00e1knak) az 5. teremben.<\/p>\n<p>7. <strong>Els\u0151cs\u00fct\u00f6rt\u00f6k\u00f6n<\/strong> eg\u00e9sz napos szents\u00e9gim\u00e1d\u00e1st tartunk 18 \u00f3r\u00e1ig. 17 \u00f3r\u00e1t\u00f3l kezd\u0151dik az ima\u00f3ra papi hivat\u00e1sok\u00e9rt.<\/p>\n<p><strong>8. Els\u0151p\u00e9nteken<\/strong>, a J\u00e9zus Sz\u00edve-tisztelet napj\u00e1n megl\u00e1togatjuk a betegeket.<\/p>\n<p><strong>Szint\u00e9n ezen a p\u00e9nteken<\/strong> \u00f6kumenikus vil\u00e1gimanap kezd\u0151dik 17 \u00f3rakor az evang\u00e9likus templomban (Mikl\u00f3s u. 3.)<\/p>\n<p>9. Nagyb\u00f6jtben p\u00e9ntekenk\u00e9nt <strong>1715<\/strong> \u00f3r\u00e1t\u00f3l im\u00e1dkozzuk a keresztutat, majd ezt k\u00f6veti a szentmise. Nagyb\u00f6jt els\u0151 p\u00e9ntek\u00e9n gyermekkeresztutat tartunk. A sz\u00fcl\u0151k hozz\u00e1k el gyermekeiket \u00e9s a nagysz\u00fcl\u0151k unok\u00e1ikat!<\/p>\n<p>Nagyb\u00f6jt p\u00e9ntekein az esti szentmis\u00e9ben pr\u00e9dik\u00e1ci\u00f3sorozatot kezd a pl\u00e9b\u00e1nos atya <em>J\u00e9zus b\u0171nbocs\u00e1t\u00f3 gyakorlata<\/em> c\u00edmmel.<\/p>\n<p>10. <strong>Nagyb\u00f6jt 1. vas\u00e1rnapj\u00e1n<\/strong> minden szentmise ut\u00e1n lehet a hamvaz\u00e1s szentelm\u00e9ny\u00e9ben r\u00e9szes\u00fclni.<\/p>\n<p>11. Csatlakozhatunk a 40 Nap az \u00c9let\u00e9rt vil\u00e1gm\u00e9ret\u0171 imakamp\u00e1nyhoz, amelyre 2025. m\u00e1rcius 5. \u00e9s \u00e1prilis 13. k\u00f6z\u00f6tt ker\u00fcl sor a Debreceni Egyetem Klinikai K\u00f6zpont Ken\u00e9zy Gyula Campus\u00e1nak N\u0151gy\u00f3gy\u00e1szata el\u0151tt lesz (4031 Debrecen, Bart\u00f3k B\u00e9la \u00fat 2-26.).<\/p>\n<p>12. Im\u00e1dkoz\u00f3 r\u00e9szv\u00e9tel\u00fcnkkel h\u00e9tk\u00f6znapokon d\u00e9lel\u0151tt 9.00 \u00e9s d\u00e9lut\u00e1n 17.00 \u00f3ra k\u00f6z\u00f6tt szolg\u00e1lhatjuk az \u00e9letv\u00e9delem \u00fcgy\u00e9t, h\u00e9tv\u00e9genk\u00e9nt pedig r\u00f6videbb id\u0151tartamban (szombaton 9.00 \u2013 12.00, vas\u00e1rnap pedig 14.00 \u2013 17.00 k\u00f6z\u00f6tt). A jelentkez\u00e9st v\u00e1rj\u00e1k: E-mail: janospalintezet (telefon: +36 20 339 8364; +36 20 333 4259).<\/p>\n<p>13. M\u00e1rcius 28. \u00e9s 30. k\u00f6z\u00f6tt H\u00e1zas H\u00e9tv\u00e9g\u00e9re h\u00edvj\u00e1k a h\u00e1zasp\u00e1rokat, amelyen lehet\u0151s\u00e9g lesz leporolni a h\u00e1zass\u00e1gukat, m\u00e9g jobb\u00e1 tenni kapcsolatukat. Jelentkezni lehet a programot hirdet\u0151 plak\u00e1ton tal\u00e1lhat\u00f3 telefonsz\u00e1mon, vagy a pl\u00e9b\u00e1nosn\u00e1l.<\/p>\n","protected":false},"excerpt":{"rendered":"<p>HIRDET\u00c9SEK AZ \u00c9VK\u00d6ZI 8. VAS\u00c1RNAP (m\u00e1rcius 02.) 1. Ma k\u00f6ny\u00f6rg\u0151nap van a vil\u00e1g \u00e9hez\u0151i\u00e9rt. 2. Az egy hete megtartott perselygy\u0171jt\u00e9s a katolikus iskol\u00e1k jav\u00e1ra 467 075 Ft-ot eredm\u00e9nyezett, amelyet szeretettel k\u00f6sz\u00f6n\u00f6k meg a Kedves H\u00edveknek. 3. Ferenc p\u00e1pa m\u00e1rciusi imasz\u00e1nd\u00e9ka: Im\u00e1dkozzunk, hogy a sz\u00e9thullott csal\u00e1dok a megbocs\u00e1t\u00e1sban tal\u00e1ljanak gy\u00f3gyul\u00e1st sebeikre, \u00e9s \u00fajra felfedezz\u00e9k egym\u00e1s aj\u00e1nd\u00e9kait, &hellip; <a href=\"https:\/\/szentannaplebania.dnyem.hu\/?p=2532\" class=\"more-link\"><span class=\"screen-reader-text\">1 March, 2025 22:25<\/span> r\u00e9szletei&#8230;<\/a><\/p>\n","protected":false},"author":2,"featured_media":0,"comment_status":"closed","ping_status":"open","sticky":false,"template":"","format":"standard","meta":{"_jetpack_memberships_contains_paid_content":false,"footnotes":""},"categories":[15],"tags":[],"class_list":["post-2532","post","type-post","status-publish","format-standard","hentry","category-hirdetesek"],"jetpack_featured_media_url":"","jetpack_shortlink":"https:\/\/wp.me\/p9doK4-EQ","jetpack_sharing_enabled":true,"_links":{"self":[{"href":"https:\/\/szentannaplebania.dnyem.hu\/index.php?rest_route=\/wp\/v2\/posts\/2532","targetHints":{"allow":["GET"]}}],"collection":[{"href":"https:\/\/szentannaplebania.dnyem.hu\/index.php?rest_route=\/wp\/v2\/posts"}],"about":[{"href":"https:\/\/szentannaplebania.dnyem.hu\/index.php?rest_route=\/wp\/v2\/types\/post"}],"author":[{"embeddable":true,"href":"https:\/\/szentannaplebania.dnyem.hu\/index.php?rest_route=\/wp\/v2\/users\/2"}],"replies":[{"embeddable":true,"href":"https:\/\/szentannaplebania.dnyem.hu\/index.php?rest_route=%2Fwp%2Fv2%2Fcomments&post=2532"}],"version-history":[{"count":0,"href":"https:\/\/szentannaplebania.dnyem.hu\/index.php?rest_route=\/wp\/v2\/posts\/2532\/revisions"}],"wp:attachment":[{"href":"https:\/\/szentannaplebania.dnyem.hu\/index.php?rest_route=%2Fwp%2Fv2%2Fmedia&parent=2532"}],"wp:term":[{"taxonomy":"category","embeddable":true,"href":"https:\/\/szentannaplebania.dnyem.hu\/index.php?rest_route=%2Fwp%2Fv2%2Fcategories&post=2532"},{"taxonomy":"post_tag","embeddable":true,"href":"https:\/\/szentannaplebania.dnyem.hu\/index.php?rest_route=%2Fwp%2Fv2%2Ftags&post=2532"}],"curies":[{"name":"wp","href":"https:\/\/api.w.org\/{rel}","templated":true}]}}