{"id":2535,"date":"2025-03-23T06:12:09","date_gmt":"2025-03-23T05:12:09","guid":{"rendered":"https:\/\/szentannaplebania.dnyem.hu\/?p=2535"},"modified":"2025-03-23T06:12:09","modified_gmt":"2025-03-23T05:12:09","slug":"23-march-2025-0612","status":"publish","type":"post","link":"https:\/\/szentannaplebania.dnyem.hu\/?p=2535","title":{"rendered":"23 March, 2025 06:12"},"content":{"rendered":"<p><a><strong>HIRDET\u00c9SEK NAGYB\u00d6JT 3. VAS\u00c1RNAPJ\u00c1N (m\u00e1rcius 23.)<\/strong><\/a><\/p>\n<p><strong>1. Ma <\/strong>az esti szentmise ut\u00e1n r\u00e9szt vehet\u00fcnk a Bach Mindenkinek Fesztiv\u00e1l nyit\u00f3 orgonakoncertj\u00e9n.<\/p>\n<p><strong>2. Kedden<\/strong> lesz Urunk sz\u00fclet\u00e9se h\u00edr\u00fclad\u00e1s\u00e1nak (n\u00e9pegyh\u00e1zi elnevez\u00e9ssel Gy\u00fcm\u00f6lcsolt\u00f3 Boldogasszonynak) f\u0151\u00fcnnepe.<\/p>\n<p><strong>3. P\u00e9nteken<\/strong> <strong>1715<\/strong> \u00f3r\u00e1t\u00f3l im\u00e1dkozzuk a keresztutat a Szt. J\u00f3zsef \u00c1lt. Iskola \u00e9s Gimn\u00e1zium tan\u00e1rainak vezet\u00e9s\u00e9vel. Min\u00e9l t\u00f6bben vegy\u00fcnk r\u00e9szt rajta, \u00e9s elm\u00e9lkedj\u00fcnk Krisztus Urunk szenved\u00e9s\u00e9r\u0151l. Az esti szentmis\u00e9ben folytat\u00f3dik a pl\u00e9b\u00e1nos atya pr\u00e9dik\u00e1ci\u00f3sorozata J\u00e9zus b\u0171nbocs\u00e1t\u00f3 gyakorlata c\u00edmmel.<\/p>\n<p><strong>4. Szombaton<\/strong> lelkinapon vehetnek r\u00e9szt a n\u0151k Ny\u00edregyh\u00e1z\u00e1n a Magyarok Nagyasszonya-t\u00e1rssz\u00e9kesegyh\u00e1zban. A lelkinapon val\u00f3 r\u00e9szv\u00e9tel ingyenes. Jelentkezni lehet az eli c\u00edmen. \u00c9rdekl\u0151dni lehet a +36 30 776 4492 telefonsz\u00e1mon.<\/p>\n<p><strong>5. <\/strong>Szint\u00e9n <strong>szombaton<\/strong> lesz az idei egyh\u00e1zmegyei ministr\u00e1nstal\u00e1lkoz\u00f3 fi\u00faknak \u00e9s l\u00e1nyoknak Ny\u00edregyh\u00e1z\u00e1n a Szent Imre Gimn\u00e1ziumban. Miel\u0151bbi jelentkez\u00e9st k\u00e9r a pl\u00e9b\u00e1nos atya.<\/p>\n<p><strong>6. Ugyancsak szombaton<\/strong> lesz 9 \u00f3r\u00e1t\u00f3l a b\u00e9rm\u00e1lkoz\u00e1sra \u00e9s 10 \u00f3r\u00e1t\u00f3l az els\u0151\u00e1ldoz\u00e1sra k\u00e9sz\u00fcl\u0151k \u00f6sszevont hittan\u00f3r\u00e1ja a templomban. J\u00f6jjenek a jel\u00f6ltek!<\/p>\n<p>D\u00e9lut\u00e1n f\u00e9l 3-t\u00f3l pedig szeml\u00e9l\u0151d\u0151 erdei gyalogt\u00far\u00e1ra h\u00edvjuk minden koroszt\u00e1lybeli testv\u00e9r\u00fcnket a Nagyerd\u0151be. Gy\u00fclekez\u0151 14:15-t\u0151l a k\u00f6ztemet\u0151 3-as kapuj\u00e1n\u00e1l.<\/p>\n<p><strong>7. A k\u00f6vetkez\u0151 vas\u00e1rnap<\/strong> \u00fcnnepelj\u00fck nagyb\u00f6jt 4. vas\u00e1rnapj\u00e1t, a LAETARE-vas\u00e1rnapot.<\/p>\n<p><strong>8. \u00c1prilis 5-\u00e9n<\/strong> a f\u00e9rfiaknak lesz lelkinap Ny\u00edregyh\u00e1z\u00e1n a t\u00e1rssz\u00e9kesegyh\u00e1zban. A lelkinapon val\u00f3 r\u00e9szv\u00e9tel ingyenes. Jelentkezni lehet az eli c\u00edmen.\u00c9rdekl\u0151dni lehet a +36 30 776 4492 telefonsz\u00e1mon.<\/p>\n<p><strong>9. Szint\u00e9n \u00e1prilis 5-\u00e9n<\/strong> nagyb\u00f6jti \u00e9nekversenyt tartunk a gyerekeknek \u00f3vod\u00e1s kort\u00f3l a 8. oszt\u00e1lyosokkal bez\u00e1r\u00f3lag. Az \u00e9nekversenyt \u00e1prilis 5-\u00e9n (szombaton) 10 \u00f3r\u00e1t\u00f3l tartjuk sz\u00e9kesegyh\u00e1zunkban. M\u00e1rcius 28-ig lehet jelentkezni a versenyre egy nagyb\u00f6jti \u00e9nekkel egy\u00e9ni indul\u00f3k\u00e9nt vagy 2-3 f\u0151s csapatban a hitoktat\u00f3kn\u00e1l vagy a pl\u00e9b\u00e1niairod\u00e1n.<\/p>\n<p><strong>10.<\/strong>A Magyar Katolikus P\u00fcsp\u00f6ki Konferencia meghirdette a nagyb\u00f6jti <strong>tart\u00f3s\u00e9lelmiszer-gy\u0171jt\u00e9st. <\/strong>A tart\u00f3s\u00e9lelmiszer-felaj\u00e1nl\u00e1s leadhat\u00f3 a sekresty\u00e9ben, vagy a pl\u00e9b\u00e1niairod\u00e1n.<\/p>\n<p>Telefonos adom\u00e1nyvonalon is bekapcsol\u00f3dhatunk a Karit\u00e1sz seg\u00edt\u0151 munk\u00e1j\u00e1ba: ha h\u00edvjuk az 1356-os telefonsz\u00e1mot, h\u00edv\u00e1sonk\u00e9nt 500 forinttal seg\u00edt\u00fcnk.<\/p>\n<p>\u201e1% seg\u00edts\u00e9g, 100% szeretet.\u201d K\u00e9rj\u00fck, hogy aki teheti, ad\u00f3ja egy sz\u00e1zal\u00e9k\u00e1val is t\u00e1mogassa a Debrecen-Ny\u00edregyh\u00e1zi Egyh\u00e1zmegye Kelet Karit\u00e1sz Alap\u00edtv\u00e1ny\u00e1t. Ad\u00f3sz\u00e1ma: 18792179-1-09.<\/p>\n<p><strong>11.<\/strong>Miel\u0151bb jelents\u00e9k csal\u00e1djukb\u00f3l, rokons\u00e1gukb\u00f3l \u00e9s ismer\u0151seik k\u00f6z\u00fcl azokat a betegeket \u00e9s \u00f6regeket, akik k\u00e9rik nagyb\u00f6jti gy\u00f3ntat\u00e1sukat \u00e9s \u00e1ldoztat\u00e1sukat, vagy csak lelkip\u00e1sztori l\u00e1togat\u00e1st ig\u00e9nyelnek. Nev\u00fck \u00e9s c\u00edm\u00fck leadhat\u00f3 a sekresty\u00e9ben vagy a pl\u00e9b\u00e1niairod\u00e1n h\u00e9tk\u00f6znap 9-17-ig.<\/p>\n","protected":false},"excerpt":{"rendered":"<p>HIRDET\u00c9SEK NAGYB\u00d6JT 3. VAS\u00c1RNAPJ\u00c1N (m\u00e1rcius 23.) 1. Ma az esti szentmise ut\u00e1n r\u00e9szt vehet\u00fcnk a Bach Mindenkinek Fesztiv\u00e1l nyit\u00f3 orgonakoncertj\u00e9n. 2. Kedden lesz Urunk sz\u00fclet\u00e9se h\u00edr\u00fclad\u00e1s\u00e1nak (n\u00e9pegyh\u00e1zi elnevez\u00e9ssel Gy\u00fcm\u00f6lcsolt\u00f3 Boldogasszonynak) f\u0151\u00fcnnepe. 3. P\u00e9nteken 1715 \u00f3r\u00e1t\u00f3l im\u00e1dkozzuk a keresztutat a Szt. J\u00f3zsef \u00c1lt. Iskola \u00e9s Gimn\u00e1zium tan\u00e1rainak vezet\u00e9s\u00e9vel. Min\u00e9l t\u00f6bben vegy\u00fcnk r\u00e9szt rajta, \u00e9s elm\u00e9lkedj\u00fcnk Krisztus &hellip; <a href=\"https:\/\/szentannaplebania.dnyem.hu\/?p=2535\" class=\"more-link\"><span class=\"screen-reader-text\">23 March, 2025 06:12<\/span> r\u00e9szletei&#8230;<\/a><\/p>\n","protected":false},"author":2,"featured_media":0,"comment_status":"closed","ping_status":"open","sticky":false,"template":"","format":"standard","meta":{"_jetpack_memberships_contains_paid_content":false,"footnotes":""},"categories":[15],"tags":[],"class_list":["post-2535","post","type-post","status-publish","format-standard","hentry","category-hirdetesek"],"jetpack_featured_media_url":"","jetpack_shortlink":"https:\/\/wp.me\/p9doK4-ET","jetpack_sharing_enabled":true,"_links":{"self":[{"href":"https:\/\/szentannaplebania.dnyem.hu\/index.php?rest_route=\/wp\/v2\/posts\/2535","targetHints":{"allow":["GET"]}}],"collection":[{"href":"https:\/\/szentannaplebania.dnyem.hu\/index.php?rest_route=\/wp\/v2\/posts"}],"about":[{"href":"https:\/\/szentannaplebania.dnyem.hu\/index.php?rest_route=\/wp\/v2\/types\/post"}],"author":[{"embeddable":true,"href":"https:\/\/szentannaplebania.dnyem.hu\/index.php?rest_route=\/wp\/v2\/users\/2"}],"replies":[{"embeddable":true,"href":"https:\/\/szentannaplebania.dnyem.hu\/index.php?rest_route=%2Fwp%2Fv2%2Fcomments&post=2535"}],"version-history":[{"count":0,"href":"https:\/\/szentannaplebania.dnyem.hu\/index.php?rest_route=\/wp\/v2\/posts\/2535\/revisions"}],"wp:attachment":[{"href":"https:\/\/szentannaplebania.dnyem.hu\/index.php?rest_route=%2Fwp%2Fv2%2Fmedia&parent=2535"}],"wp:term":[{"taxonomy":"category","embeddable":true,"href":"https:\/\/szentannaplebania.dnyem.hu\/index.php?rest_route=%2Fwp%2Fv2%2Fcategories&post=2535"},{"taxonomy":"post_tag","embeddable":true,"href":"https:\/\/szentannaplebania.dnyem.hu\/index.php?rest_route=%2Fwp%2Fv2%2Ftags&post=2535"}],"curies":[{"name":"wp","href":"https:\/\/api.w.org\/{rel}","templated":true}]}}