{"id":2552,"date":"2025-07-20T06:07:52","date_gmt":"2025-07-20T04:07:52","guid":{"rendered":"https:\/\/szentannaplebania.dnyem.hu\/?p=2552"},"modified":"2025-07-20T06:07:52","modified_gmt":"2025-07-20T04:07:52","slug":"20-july-2025-0607","status":"publish","type":"post","link":"https:\/\/szentannaplebania.dnyem.hu\/?p=2552","title":{"rendered":"20 July, 2025 06:07"},"content":{"rendered":"<p><strong>HIRDET\u00c9SEK AZ \u00c9VK\u00d6ZI 16. VAS\u00c1RNAP <\/strong>(j\u00fal. 20.)<\/p>\n<p>1. Folytatjuk reggelente a<strong> 7 \u00f3rai szentmise ut\u00e1n <\/strong>a Szent Anna-kilenced im\u00e1dkoz\u00e1s\u00e1t.<\/p>\n<p>2. <strong>Szerd\u00e1n<\/strong> <strong>\u00e9s cs\u00fct\u00f6rt\u00f6k\u00f6n<\/strong> a 18 \u00f3rai szentmis\u00e9ben lesz pr\u00e9dik\u00e1ci\u00f3sorozat a rem\u00e9nyr\u0151l.<\/p>\n<p>3. <strong>J\u00falius 25-\u00e9n<\/strong>,<strong> p\u00e9nteken<\/strong> a 18 \u00f3rai szentmis\u00e9ben kiszolg\u00e1ltatjuk a betegek szents\u00e9g\u00e9t. Buzd\u00edtom id\u0151s \u00e9s beteg Testv\u00e9reinket, hogy e szents\u00e9g felv\u00e9tel\u00e9vel er\u0151s\u00edts\u00e9k k\u00f6t\u0151d\u00e9s\u00fcket J\u00e9zus Krisztushoz. A szents\u00e9g gy\u00fcm\u00f6lcs\u00f6z\u0151 felv\u00e9tel\u00e9nek felt\u00e9tele a szentgy\u00f3n\u00e1s \u00e9s szent\u00e1ldoz\u00e1s, amely l\u00e1that\u00f3an kifejezi teljes k\u00f6z\u00f6ss\u00e9g\u00fcnket J\u00e9zus Krisztussal.<\/p>\n<p>A szents\u00e9g felv\u00e9tel\u00e9re jelentkezhetnek a sekresty\u00e9ben, vagy a pl\u00e9b\u00e1niairod\u00e1n.<\/p>\n<p>4. Sz\u00e9kesegyh\u00e1zunk b\u00facs\u00faj\u00e1t <strong>j\u00falius 26-\u00e1n<\/strong>, szombatona 18 \u00f3rai szentmis\u00e9ben \u00fcnnepelj\u00fck. A szentmise f\u0151celebr\u00e1nsa \u00e9s sz\u00f3noka P\u00e9k S\u00e1ndor nagyv\u00e1radi sz\u00e9kesegyh\u00e1zi pl\u00e9b\u00e1nos lesz.<\/p>\n<p>5. Egyh\u00e1zmegy\u00e9nk b\u00facs\u00faj\u00e1t <strong>j\u00falius 27-\u00e9n<\/strong>, a h\u00f3nap utols\u00f3 vas\u00e1rnapj\u00e1n, 11 \u00f3r\u00e1t\u00f3l tartjuk M\u00e1riap\u00f3cson. A szentmise f\u0151celebr\u00e1nsa \u00e9s sz\u00f3noka f\u0151tisztelend\u0151 dr. P\u00e1pai Lajos nyugalmazott gy\u0151ri p\u00fcsp\u00f6k \u00far lesz.<\/p>\n<p>6. Erre a b\u00facs\u00fara j\u00falius 26-\u00e1n, szombaton 10 \u00f3rakor gyalogos zar\u00e1ndoklat indul Levelekr\u0151l M\u00e1riap\u00f3csra egyh\u00e1zmegy\u00e9nk f\u0151p\u00e1sztor\u00e1val. A zar\u00e1ndok\u00fat: 13 km, pihen\u0151kkel, \u00e9nekkel \u00e9s im\u00e1ds\u00e1ggal.<\/p>\n<p>Ker\u00e9kp\u00e1ros zar\u00e1ndoklat is indul ugyanezen a napon de. 08.00-kor a Szent Istv\u00e1n-templomt\u00f3l. Az \u00fatvonal: Debrecen, Hajd\u00fas\u00e1mson, Ny\u00edradony \u00e9s M\u00e1riap\u00f3cs. Az \u00e9tkez\u00e9sr\u0151l mindenki maga gondoskodik. Sz\u00e1ll\u00e1s P\u00f3cspetriben lesz. A visszaindul\u00e1s j\u00falius 27-\u00e9n 15.00-kor lesz. Debrecenbe \u00e9rkez\u00e9s v\u00e1rhat\u00f3an 19.00 \u00f3r\u00e1ra. Miel\u0151bbi jelentkez\u00e9s sz\u00fcks\u00e9ges a pl\u00e9b\u00e1nos aty\u00e1n\u00e1l.<\/p>\n<p>7. <strong>A k\u00f6vetkez\u0151 vas\u00e1rnap <\/strong>tartjuk a nagysz\u00fcl\u0151k \u00e9s id\u0151sek vil\u00e1gnapj\u00e1t.Ezen a vil\u00e1gnapon \u2014 megfelel\u0151 k\u00e9sz\u00fclettel \u2014 teljes b\u00facs\u00fa nyerhet\u0151 a szokott 3 felt\u00e9tellel: szentgy\u00f3n\u00e1s, szent\u00e1ldoz\u00e1s \u00e9s im\u00e1ds\u00e1g a Szentatya sz\u00e1nd\u00e9k\u00e1ra.<\/p>\n<p>A Szentatya sz\u00e1nd\u00e9k\u00e1ra t\u00f6rt\u00e9n\u0151 im\u00e1dkoz\u00e1snak eleget tesz\u00fcnk, ha im\u00e1dkozunk egy Miaty\u00e1nkot \u00e9s egy \u00dcdv\u00f6zl\u00e9gyet. Azonban m\u00f3dunkban \u00e1ll b\u00e1rmi m\u00e1s im\u00e1ds\u00e1got felaj\u00e1nlani a Szentatya sz\u00e1nd\u00e9k\u00e1ra.<\/p>\n<p>8. Liturgikus napok e h\u00e9ten: kedden Szent M\u00e1ria Magdolna \u00fcnnepe; szerd\u00e1n Sv\u00e9d Szt. Brigitta szerzetesn\u0151, Eur\u00f3pa t\u00e1rsv\u00e9d\u0151szentj\u00e9nek \u00fcnnepe; cs\u00fct\u00f6rt\u00f6k\u00f6n \u00c1rp\u00e1d-h\u00e1zi Szent Kinga sz\u0171z eml\u00e9knapja; p\u00e9nteken Szent Jakab apostol \u00fcnnepe \u00e9s szombaton Szent Jo\u00e1kim \u00e9s Szent Anna, a Boldogs\u00e1gos Sz\u0171z M\u00e1ria sz\u00fcleinek eml\u00e9knapja.<\/p>\n","protected":false},"excerpt":{"rendered":"<p>HIRDET\u00c9SEK AZ \u00c9VK\u00d6ZI 16. VAS\u00c1RNAP (j\u00fal. 20.) 1. Folytatjuk reggelente a 7 \u00f3rai szentmise ut\u00e1n a Szent Anna-kilenced im\u00e1dkoz\u00e1s\u00e1t. 2. Szerd\u00e1n \u00e9s cs\u00fct\u00f6rt\u00f6k\u00f6n a 18 \u00f3rai szentmis\u00e9ben lesz pr\u00e9dik\u00e1ci\u00f3sorozat a rem\u00e9nyr\u0151l. 3. J\u00falius 25-\u00e9n, p\u00e9nteken a 18 \u00f3rai szentmis\u00e9ben kiszolg\u00e1ltatjuk a betegek szents\u00e9g\u00e9t. Buzd\u00edtom id\u0151s \u00e9s beteg Testv\u00e9reinket, hogy e szents\u00e9g felv\u00e9tel\u00e9vel er\u0151s\u00edts\u00e9k k\u00f6t\u0151d\u00e9s\u00fcket J\u00e9zus &hellip; <a href=\"https:\/\/szentannaplebania.dnyem.hu\/?p=2552\" class=\"more-link\"><span class=\"screen-reader-text\">20 July, 2025 06:07<\/span> r\u00e9szletei&#8230;<\/a><\/p>\n","protected":false},"author":2,"featured_media":0,"comment_status":"closed","ping_status":"open","sticky":false,"template":"","format":"standard","meta":{"_jetpack_memberships_contains_paid_content":false,"footnotes":""},"categories":[15],"tags":[],"class_list":["post-2552","post","type-post","status-publish","format-standard","hentry","category-hirdetesek"],"jetpack_featured_media_url":"","jetpack_shortlink":"https:\/\/wp.me\/p9doK4-Fa","jetpack_sharing_enabled":true,"_links":{"self":[{"href":"https:\/\/szentannaplebania.dnyem.hu\/index.php?rest_route=\/wp\/v2\/posts\/2552","targetHints":{"allow":["GET"]}}],"collection":[{"href":"https:\/\/szentannaplebania.dnyem.hu\/index.php?rest_route=\/wp\/v2\/posts"}],"about":[{"href":"https:\/\/szentannaplebania.dnyem.hu\/index.php?rest_route=\/wp\/v2\/types\/post"}],"author":[{"embeddable":true,"href":"https:\/\/szentannaplebania.dnyem.hu\/index.php?rest_route=\/wp\/v2\/users\/2"}],"replies":[{"embeddable":true,"href":"https:\/\/szentannaplebania.dnyem.hu\/index.php?rest_route=%2Fwp%2Fv2%2Fcomments&post=2552"}],"version-history":[{"count":0,"href":"https:\/\/szentannaplebania.dnyem.hu\/index.php?rest_route=\/wp\/v2\/posts\/2552\/revisions"}],"wp:attachment":[{"href":"https:\/\/szentannaplebania.dnyem.hu\/index.php?rest_route=%2Fwp%2Fv2%2Fmedia&parent=2552"}],"wp:term":[{"taxonomy":"category","embeddable":true,"href":"https:\/\/szentannaplebania.dnyem.hu\/index.php?rest_route=%2Fwp%2Fv2%2Fcategories&post=2552"},{"taxonomy":"post_tag","embeddable":true,"href":"https:\/\/szentannaplebania.dnyem.hu\/index.php?rest_route=%2Fwp%2Fv2%2Ftags&post=2552"}],"curies":[{"name":"wp","href":"https:\/\/api.w.org\/{rel}","templated":true}]}}