{"id":2553,"date":"2025-07-27T06:11:59","date_gmt":"2025-07-27T04:11:59","guid":{"rendered":"https:\/\/szentannaplebania.dnyem.hu\/?p=2553"},"modified":"2025-07-27T06:11:59","modified_gmt":"2025-07-27T04:11:59","slug":"27-july-2025-0611","status":"publish","type":"post","link":"https:\/\/szentannaplebania.dnyem.hu\/?p=2553","title":{"rendered":"27 July, 2025 06:11"},"content":{"rendered":"<p><strong>HIRDET\u00c9SEK AZ \u00c9VK\u00d6ZI 17. VAS\u00c1RNAP <\/strong>(J\u00daL. 27.)<\/p>\n<p>1. <strong>Ma<\/strong> tartjuk a nagysz\u00fcl\u0151k \u00e9s id\u0151sek vil\u00e1gnapj\u00e1t.Ezen a vil\u00e1gnapon \u2014 megfelel\u0151 k\u00e9sz\u00fclettel \u2014 teljes b\u00facs\u00fa nyerhet\u0151 a szokott 3 felt\u00e9tellel: szentgy\u00f3n\u00e1s, szent\u00e1ldoz\u00e1s \u00e9s im\u00e1ds\u00e1g a Szentatya sz\u00e1nd\u00e9k\u00e1ra.<\/p>\n<p>A Szentatya sz\u00e1nd\u00e9k\u00e1ra t\u00f6rt\u00e9n\u0151 im\u00e1dkoz\u00e1snak eleget tesz\u00fcnk, ha im\u00e1dkozunk egy Miaty\u00e1nkot \u00e9s egy \u00dcdv\u00f6zl\u00e9gyet. Azonban m\u00f3dunkban \u00e1ll b\u00e1rmi m\u00e1s im\u00e1ds\u00e1got felaj\u00e1nlani a Szentatya sz\u00e1nd\u00e9k\u00e1ra.<\/p>\n<p>Ugyanezen a vas\u00e1rnap van egyh\u00e1zmegy\u00e9nk b\u00facs\u00faja M\u00e1riap\u00f3cson. A szentmise 11 \u00f3r\u00e1t\u00f3l kezd\u0151dik\/kezd\u0151d\u00f6tt. A szentmise f\u0151celebr\u00e1nsa \u00e9s sz\u00f3noka f\u0151tisztelend\u0151 dr. P\u00e1pai Lajos nyugalmazott gy\u0151ri p\u00fcsp\u00f6k \u00far (volt).<\/p>\n<p>2. <strong>Els\u0151p\u00e9nteken<\/strong>, a J\u00e9zus Sz\u00edve-tisztelet napj\u00e1n megl\u00e1togatjuk betegeinket, akik otthonukban akarj\u00e1k szentgy\u00f3n\u00e1sukat \u00e9s \u2013\u00e1ldoz\u00e1sukat elv\u00e9gezni. 17:30-kor \u00e9nekelj\u00fck a J\u00e9zus Sz\u00edve lit\u00e1ni\u00e1t.<\/p>\n<p>3. <strong>Szombaton<\/strong> az esti szentmise ut\u00e1n, 19 \u00f3r\u00e1t\u00f3l Tabajdi \u00c1d\u00e1m orgonam\u0171v\u00e9sz koncertj\u00e9n vehet\u00fcnk r\u00e9szt.<\/p>\n<p>4. Liturgikus \u00fcnnepek \u00e9s eml\u00e9knapok e h\u00e9ten: kedden Szent M\u00e1rta, Szent M\u00e1ria \u00e9s Szent L\u00e1z\u00e1r eml\u00e9knapja; cs\u00fct\u00f6rt\u00f6k\u00f6n Loyolai Szt. Ign\u00e1c \u00e1ldoz\u00f3pap; p\u00e9nteken Liguori Szt. Alfonz M\u00e1ria p\u00fcsp\u00f6k \u00e9s egyh\u00e1ztan\u00edt\u00f3, v\u00e9g\u00fcl szombaton Sz\u0171z M\u00e1ria szombati eml\u00e9knapja.<\/p>\n","protected":false},"excerpt":{"rendered":"<p>HIRDET\u00c9SEK AZ \u00c9VK\u00d6ZI 17. VAS\u00c1RNAP (J\u00daL. 27.) 1. Ma tartjuk a nagysz\u00fcl\u0151k \u00e9s id\u0151sek vil\u00e1gnapj\u00e1t.Ezen a vil\u00e1gnapon \u2014 megfelel\u0151 k\u00e9sz\u00fclettel \u2014 teljes b\u00facs\u00fa nyerhet\u0151 a szokott 3 felt\u00e9tellel: szentgy\u00f3n\u00e1s, szent\u00e1ldoz\u00e1s \u00e9s im\u00e1ds\u00e1g a Szentatya sz\u00e1nd\u00e9k\u00e1ra. A Szentatya sz\u00e1nd\u00e9k\u00e1ra t\u00f6rt\u00e9n\u0151 im\u00e1dkoz\u00e1snak eleget tesz\u00fcnk, ha im\u00e1dkozunk egy Miaty\u00e1nkot \u00e9s egy \u00dcdv\u00f6zl\u00e9gyet. Azonban m\u00f3dunkban \u00e1ll b\u00e1rmi m\u00e1s im\u00e1ds\u00e1got &hellip; <a href=\"https:\/\/szentannaplebania.dnyem.hu\/?p=2553\" class=\"more-link\"><span class=\"screen-reader-text\">27 July, 2025 06:11<\/span> r\u00e9szletei&#8230;<\/a><\/p>\n","protected":false},"author":2,"featured_media":0,"comment_status":"closed","ping_status":"open","sticky":false,"template":"","format":"standard","meta":{"_jetpack_memberships_contains_paid_content":false,"footnotes":""},"categories":[15],"tags":[],"class_list":["post-2553","post","type-post","status-publish","format-standard","hentry","category-hirdetesek"],"jetpack_featured_media_url":"","jetpack_shortlink":"https:\/\/wp.me\/p9doK4-Fb","jetpack_sharing_enabled":true,"_links":{"self":[{"href":"https:\/\/szentannaplebania.dnyem.hu\/index.php?rest_route=\/wp\/v2\/posts\/2553","targetHints":{"allow":["GET"]}}],"collection":[{"href":"https:\/\/szentannaplebania.dnyem.hu\/index.php?rest_route=\/wp\/v2\/posts"}],"about":[{"href":"https:\/\/szentannaplebania.dnyem.hu\/index.php?rest_route=\/wp\/v2\/types\/post"}],"author":[{"embeddable":true,"href":"https:\/\/szentannaplebania.dnyem.hu\/index.php?rest_route=\/wp\/v2\/users\/2"}],"replies":[{"embeddable":true,"href":"https:\/\/szentannaplebania.dnyem.hu\/index.php?rest_route=%2Fwp%2Fv2%2Fcomments&post=2553"}],"version-history":[{"count":0,"href":"https:\/\/szentannaplebania.dnyem.hu\/index.php?rest_route=\/wp\/v2\/posts\/2553\/revisions"}],"wp:attachment":[{"href":"https:\/\/szentannaplebania.dnyem.hu\/index.php?rest_route=%2Fwp%2Fv2%2Fmedia&parent=2553"}],"wp:term":[{"taxonomy":"category","embeddable":true,"href":"https:\/\/szentannaplebania.dnyem.hu\/index.php?rest_route=%2Fwp%2Fv2%2Fcategories&post=2553"},{"taxonomy":"post_tag","embeddable":true,"href":"https:\/\/szentannaplebania.dnyem.hu\/index.php?rest_route=%2Fwp%2Fv2%2Ftags&post=2553"}],"curies":[{"name":"wp","href":"https:\/\/api.w.org\/{rel}","templated":true}]}}