{"id":2555,"date":"2025-08-10T05:57:58","date_gmt":"2025-08-10T03:57:58","guid":{"rendered":"https:\/\/szentannaplebania.dnyem.hu\/?p=2555"},"modified":"2025-08-10T05:57:58","modified_gmt":"2025-08-10T03:57:58","slug":"10-august-2025-0557","status":"publish","type":"post","link":"https:\/\/szentannaplebania.dnyem.hu\/?p=2555","title":{"rendered":"10 August, 2025 05:57"},"content":{"rendered":"<p><strong>HIRDET\u00c9SEK AZ \u00c9VK\u00d6ZI 19. VAS\u00c1RNAP (augusztus 10.)<\/strong><\/p>\n<p>1. <strong>Ma, <\/strong>a f\u00e9l 9-es \u00e9s a 18 \u00f3rai szentmis\u00e9ben fog bemutatkozni egyh\u00e1zk\u00f6zs\u00e9g\u00fcnk \u00faj k\u00e1pl\u00e1nja, T\u00f3th L\u00e1szl\u00f3 G\u00e1bor atya. Szeretettel k\u00f6sz\u00f6ntj\u00fck, \u00e9s \u00f6r\u00f6mmel fogadjuk pl\u00e9b\u00e1ni\u00e1nkon.<\/p>\n<p><strong><a href=\"https:\/\/filharmonia.hu\/programok\/4663\/orgonapont-tasi-csaba-es-a-harmonia-vonosnegyes-koncertje?_gl=1*i5e7tx*_up*MQ..*_gs*MQ..&amp;gclid=CjwKCAjw1ozEBhAdEiwAn9qbzZHHCHHZ-YilsteNHVIZr0QqZte30BeYnqH-zuQdc6jqDHK-kqTpLBoC_r4QAvD_BwE&amp;gbraid=0AAAAAovUieepj0zLOJX35EzTq5gttmbzB\">2. Szerd\u00e1n 20 \u00f3r\u00e1t\u00f3l az Orgonapont szervez\u00e9s\u00e9ben Tasi Csaba orgonam\u0171v\u00e9sz \u00e9s a Harm\u00f3nia von\u00f3sn\u00e9gyes bel\u00e9p\u0151jegyes koncertj\u00e9n vehet\u00fcnk r\u00e9szt.<\/a><\/strong><\/p>\n<p>3. <strong>P\u00e9nteken, Sz\u0171z M\u00e1ria Mennybev\u00e9tele (Nagyboldogasszony) parancsolt f\u0151\u00fcnnep\u00e9n 7, 8, 10 \u00e9s 18 \u00f3rakor lesznek a szentmis\u00e9k. Az esti szentmise el\u0151tt 17:30-t\u00f3l \u00e9nekelj\u00fck Lor\u00e9t\u00f3i lit\u00e1ni\u00e1t. Ezen az \u00fcnnepen sz\u00fcnetelni fog az \u00fcgyf\u00e9lfogad\u00e1s a pl\u00e9b\u00e1niairod\u00e1n.<\/strong><\/p>\n<p>4. Legyen \u00f6r\u00f6m az iskolakezd\u00e9s! \u2013 elnevez\u00e9ssel <strong>szeptember v\u00e9g\u00e9ig tart\u00f3<\/strong> seg\u00e9lyakci\u00f3t ind\u00edtott a Katolikus Karit\u00e1sz. Ezzel nemcsak r\u00e1szorul\u00f3 gyerekek iskolakezd\u00e9s\u00e9t, hanem eg\u00e9sz \u00e9ves tanulm\u00e1nyait t\u00e1mogatj\u00e1k orsz\u00e1gszerte. Az \u00f6sszefog\u00e1shoz csatlakozhatunk:<\/p>\n<p>o J\u00f3 \u00e1llapotban l\u00e9v\u0151 iskolat\u00e1sk\u00e1k \u00e9s taneszk\u00f6z\u00f6k gy\u0171jt\u00e9s\u00e9vel; mindezek leadhat\u00f3k a sekresty\u00e9ben vagy a pl\u00e9b\u00e1niairod\u00e1n. P\u00e9nzbeli hozz\u00e1j\u00e1rul\u00e1s gy\u0171jt\u00e9s\u00e9re szolg\u00e1l sz\u00e9kesegyh\u00e1zunkban a bal oldali padt\u00f6mb v\u00e9g\u00e9n tal\u00e1lhat\u00f3 a Karit\u00e1sz-persely.<\/p>\n<p>o A 1356-os adom\u00e1nyvonal h\u00edv\u00e1s\u00e1val (egy h\u00edv\u00e1s 500 forint t\u00e1mogat\u00e1st jelent).<\/p>\n<p>o On-line adom\u00e1nyoz\u00e1ssal a Karit\u00e1sz honlapj\u00e1n \u2013 <a href=\"http:\/\/www.karitasz.hu\/\"><em>www.karitasz.hu<\/em><\/a>\u2013 \u201eIskolakezd\u00e9s\u201d megnevez\u00e9ssel.<\/p>\n<p>o A Katolikus Karit\u00e1sz k\u00f6zponti banksz\u00e1ml\u00e1j\u00e1n is v\u00e1rja az adom\u00e1nyokat \u201eIskolakezd\u00e9s\u201d megnevez\u00e9ssel: Raiffeisen Bank 12011148\u201300124534\u201300100008.<\/p>\n<p>A t\u00e1mogat\u00e1sok, tanszerek \u00e1tad\u00e1sa augusztus v\u00e9g\u00e9n \u00e9s szeptember elej\u00e9n, az iskolakezd\u00e9s els\u0151 napjaiban lesz.<\/p>\n<p>5. Liturgikus \u00fcnnepek \u00e9s eml\u00e9knapok e h\u00e9ten: h\u00e9tf\u0151n Szt. Kl\u00e1ra sz\u0171z, szerd\u00e1n Boldog XI. Ince p\u00e1pa \u00e9s <strong>cs\u00fct\u00f6rt\u00f6k\u00f6n<\/strong>Szt. Maximilian M\u00e1ria Kolbe \u00e1ldoz\u00f3pap \u00e9s v\u00e9rtan\u00fa eml\u00e9knapja.<\/p>\n<p>&#8211;<\/p>\n","protected":false},"excerpt":{"rendered":"<p>HIRDET\u00c9SEK AZ \u00c9VK\u00d6ZI 19. VAS\u00c1RNAP (augusztus 10.) 1. Ma, a f\u00e9l 9-es \u00e9s a 18 \u00f3rai szentmis\u00e9ben fog bemutatkozni egyh\u00e1zk\u00f6zs\u00e9g\u00fcnk \u00faj k\u00e1pl\u00e1nja, T\u00f3th L\u00e1szl\u00f3 G\u00e1bor atya. Szeretettel k\u00f6sz\u00f6ntj\u00fck, \u00e9s \u00f6r\u00f6mmel fogadjuk pl\u00e9b\u00e1ni\u00e1nkon. 2. Szerd\u00e1n 20 \u00f3r\u00e1t\u00f3l az Orgonapont szervez\u00e9s\u00e9ben Tasi Csaba orgonam\u0171v\u00e9sz \u00e9s a Harm\u00f3nia von\u00f3sn\u00e9gyes bel\u00e9p\u0151jegyes koncertj\u00e9n vehet\u00fcnk r\u00e9szt. 3. P\u00e9nteken, Sz\u0171z M\u00e1ria Mennybev\u00e9tele &hellip; <a href=\"https:\/\/szentannaplebania.dnyem.hu\/?p=2555\" class=\"more-link\"><span class=\"screen-reader-text\">10 August, 2025 05:57<\/span> r\u00e9szletei&#8230;<\/a><\/p>\n","protected":false},"author":2,"featured_media":0,"comment_status":"closed","ping_status":"open","sticky":false,"template":"","format":"standard","meta":{"_jetpack_memberships_contains_paid_content":false,"footnotes":""},"categories":[15],"tags":[],"class_list":["post-2555","post","type-post","status-publish","format-standard","hentry","category-hirdetesek"],"jetpack_featured_media_url":"","jetpack_shortlink":"https:\/\/wp.me\/p9doK4-Fd","jetpack_sharing_enabled":true,"_links":{"self":[{"href":"https:\/\/szentannaplebania.dnyem.hu\/index.php?rest_route=\/wp\/v2\/posts\/2555","targetHints":{"allow":["GET"]}}],"collection":[{"href":"https:\/\/szentannaplebania.dnyem.hu\/index.php?rest_route=\/wp\/v2\/posts"}],"about":[{"href":"https:\/\/szentannaplebania.dnyem.hu\/index.php?rest_route=\/wp\/v2\/types\/post"}],"author":[{"embeddable":true,"href":"https:\/\/szentannaplebania.dnyem.hu\/index.php?rest_route=\/wp\/v2\/users\/2"}],"replies":[{"embeddable":true,"href":"https:\/\/szentannaplebania.dnyem.hu\/index.php?rest_route=%2Fwp%2Fv2%2Fcomments&post=2555"}],"version-history":[{"count":0,"href":"https:\/\/szentannaplebania.dnyem.hu\/index.php?rest_route=\/wp\/v2\/posts\/2555\/revisions"}],"wp:attachment":[{"href":"https:\/\/szentannaplebania.dnyem.hu\/index.php?rest_route=%2Fwp%2Fv2%2Fmedia&parent=2555"}],"wp:term":[{"taxonomy":"category","embeddable":true,"href":"https:\/\/szentannaplebania.dnyem.hu\/index.php?rest_route=%2Fwp%2Fv2%2Fcategories&post=2555"},{"taxonomy":"post_tag","embeddable":true,"href":"https:\/\/szentannaplebania.dnyem.hu\/index.php?rest_route=%2Fwp%2Fv2%2Ftags&post=2555"}],"curies":[{"name":"wp","href":"https:\/\/api.w.org\/{rel}","templated":true}]}}