{"id":2556,"date":"2025-08-17T06:04:11","date_gmt":"2025-08-17T04:04:11","guid":{"rendered":"https:\/\/szentannaplebania.dnyem.hu\/?p=2556"},"modified":"2025-08-17T06:04:11","modified_gmt":"2025-08-17T04:04:11","slug":"17-august-2025-0604","status":"publish","type":"post","link":"https:\/\/szentannaplebania.dnyem.hu\/?p=2556","title":{"rendered":"17 August, 2025 06:04"},"content":{"rendered":"<p>HIRDET\u00c9SEK AZ \u00c9VK\u00d6ZI 20. VAS\u00c1RNAP (aug. 17.)<\/p>\n<p>1. <strong>Szerd\u00e1n<\/strong> Szt. Istv\u00e1n kir\u00e1ly, Magyarorsz\u00e1g f\u0151v\u00e9d\u0151szentj\u00e9nek f\u0151\u00fcnnepe. Ezen a napon szentmis\u00e9n vehet\u00fcnk r\u00e9szt 7, 8, 10 \u00e9s 18 \u00f3rakor.<\/p>\n<p>A Szent Istv\u00e1n-templom b\u00facs\u00fai szentmis\u00e9je 16 \u00f3rakor kezd\u0151dik. A szentmise ut\u00e1n koszor\u00faz\u00e1s \u00e9s keny\u00e9rszentel\u00e9s lesz a templomkertben a Szent Istv\u00e1n-szoborn\u00e1l.<\/p>\n<p>2. Liturgikus \u00fcnnepek \u00e9s eml\u00e9knapok e h\u00e9ten: kedden Szt. Bern\u00e1t ap\u00e1t \u00e9s egyh\u00e1ztan\u00edt\u00f3, cs\u00fct\u00f6rt\u00f6k\u00f6n Szt. X. Pius p\u00e1pa \u00e9s p\u00e9nteken a Boldogs\u00e1gos Sz\u0171z M\u00e1ria Kir\u00e1lyn\u0151 eml\u00e9knapja.<\/p>\n<p>3. <strong>Augusztus 25-\u00e9n, h\u00e9tf\u0151n <\/strong>17 \u00f3r\u00e1t\u00f3l szalonnas\u00fct\u00e9sre h\u00edvjuk hittanos gyermekeinket a pl\u00e9b\u00e1niaudvarra. Gy\u00fclekez\u0151 f\u00e9l 5-t\u0151l. A r\u00e9sztvev\u0151k a Karit\u00e1sz fel\u0151li (Sumen utcai) bej\u00e1ratot haszn\u00e1lj\u00e1k, \u00e9s hozz\u00e1k magukkal azt, amit s\u00fctni akarnak. Ny\u00e1rsat, \u00fcd\u00edt\u0151t \u00e9s z\u00f6lds\u00e9gf\u00e9l\u00e9t biztos\u00edtunk. Miel\u0151bbi jelentkez\u00e9st k\u00e9rek.<\/p>\n<p>4. <strong>Szeptembert\u0151l<\/strong> felk\u00e9sz\u00edt\u00e9st ind\u00edtunk els\u0151\u00e1ldoz\u00e1sra, amelyre a mai napt\u00f3l m\u00e1r jelentkezhetnek az id\u00e9n harmadik oszt\u00e1lyba men\u0151 gyermekek, \u00e9s azok, akik fels\u0151bb oszt\u00e1lyba j\u00e1rnak, de els\u0151\u00e1ldoz\u00f3k m\u00e9g nem voltak.<\/p>\n<p>5. Azokat a feln\u0151tteket is h\u00edvom a szeptembert\u0151l indul\u00f3 felk\u00e9sz\u00edt\u0151re, akik szeretn\u00e9nek megkeresztelkedni, vagy megkereszteltek, de a t\u00f6bbi szents\u00e9gben m\u00e9g nem r\u00e9szes\u00fcltek, vagy katoliz\u00e1lni akarnak.<\/p>\n<p>Jelentkez\u00e9si lap ezekre a felk\u00e9sz\u00edt\u0151kre k\u00e9rhet\u0151 a pl\u00e9b\u00e1niairod\u00e1n.<\/p>\n<p>6. <strong>Szeptember 6-\u00e1n<\/strong> aut\u00f3buszt ind\u00edtunk B\u00f3di M\u00e1ria Magdolna boldogg\u00e1 avat\u00e1s\u00e1ra, amely 11-\u00f3rakor kezd\u0151dik Veszpr\u00e9mben. Az \u00fatik\u00f6lts\u00e9g 15 000 Ft\/f\u0151. Holnapt\u00f3l lehet jelentkezni legk\u00e9s\u0151bb augusztus 22-ig szem\u00e9lyesen vagy telefonon a pl\u00e9b\u00e1niairod\u00e1n.<\/p>\n","protected":false},"excerpt":{"rendered":"<p>HIRDET\u00c9SEK AZ \u00c9VK\u00d6ZI 20. VAS\u00c1RNAP (aug. 17.) 1. Szerd\u00e1n Szt. Istv\u00e1n kir\u00e1ly, Magyarorsz\u00e1g f\u0151v\u00e9d\u0151szentj\u00e9nek f\u0151\u00fcnnepe. Ezen a napon szentmis\u00e9n vehet\u00fcnk r\u00e9szt 7, 8, 10 \u00e9s 18 \u00f3rakor. A Szent Istv\u00e1n-templom b\u00facs\u00fai szentmis\u00e9je 16 \u00f3rakor kezd\u0151dik. A szentmise ut\u00e1n koszor\u00faz\u00e1s \u00e9s keny\u00e9rszentel\u00e9s lesz a templomkertben a Szent Istv\u00e1n-szoborn\u00e1l. 2. Liturgikus \u00fcnnepek \u00e9s eml\u00e9knapok e h\u00e9ten: kedden &hellip; <a href=\"https:\/\/szentannaplebania.dnyem.hu\/?p=2556\" class=\"more-link\"><span class=\"screen-reader-text\">17 August, 2025 06:04<\/span> r\u00e9szletei&#8230;<\/a><\/p>\n","protected":false},"author":2,"featured_media":0,"comment_status":"closed","ping_status":"open","sticky":false,"template":"","format":"standard","meta":{"_jetpack_memberships_contains_paid_content":false,"footnotes":""},"categories":[15],"tags":[],"class_list":["post-2556","post","type-post","status-publish","format-standard","hentry","category-hirdetesek"],"jetpack_featured_media_url":"","jetpack_shortlink":"https:\/\/wp.me\/p9doK4-Fe","jetpack_sharing_enabled":true,"_links":{"self":[{"href":"https:\/\/szentannaplebania.dnyem.hu\/index.php?rest_route=\/wp\/v2\/posts\/2556","targetHints":{"allow":["GET"]}}],"collection":[{"href":"https:\/\/szentannaplebania.dnyem.hu\/index.php?rest_route=\/wp\/v2\/posts"}],"about":[{"href":"https:\/\/szentannaplebania.dnyem.hu\/index.php?rest_route=\/wp\/v2\/types\/post"}],"author":[{"embeddable":true,"href":"https:\/\/szentannaplebania.dnyem.hu\/index.php?rest_route=\/wp\/v2\/users\/2"}],"replies":[{"embeddable":true,"href":"https:\/\/szentannaplebania.dnyem.hu\/index.php?rest_route=%2Fwp%2Fv2%2Fcomments&post=2556"}],"version-history":[{"count":0,"href":"https:\/\/szentannaplebania.dnyem.hu\/index.php?rest_route=\/wp\/v2\/posts\/2556\/revisions"}],"wp:attachment":[{"href":"https:\/\/szentannaplebania.dnyem.hu\/index.php?rest_route=%2Fwp%2Fv2%2Fmedia&parent=2556"}],"wp:term":[{"taxonomy":"category","embeddable":true,"href":"https:\/\/szentannaplebania.dnyem.hu\/index.php?rest_route=%2Fwp%2Fv2%2Fcategories&post=2556"},{"taxonomy":"post_tag","embeddable":true,"href":"https:\/\/szentannaplebania.dnyem.hu\/index.php?rest_route=%2Fwp%2Fv2%2Ftags&post=2556"}],"curies":[{"name":"wp","href":"https:\/\/api.w.org\/{rel}","templated":true}]}}