{"id":2557,"date":"2025-08-31T06:25:04","date_gmt":"2025-08-31T04:25:04","guid":{"rendered":"https:\/\/szentannaplebania.dnyem.hu\/?p=2557"},"modified":"2025-08-31T06:25:04","modified_gmt":"2025-08-31T04:25:04","slug":"31-august-2025-0625","status":"publish","type":"post","link":"https:\/\/szentannaplebania.dnyem.hu\/?p=2557","title":{"rendered":"31 August, 2025 06:25"},"content":{"rendered":"<p><strong>HIRDET\u00c9SEK AZ \u00c9VK\u00d6ZI 21. VAS\u00c1RNAP<\/strong> (aug. 24.)<\/p>\n<p>1. <strong>H\u00e9tf\u0151n <\/strong>17 \u00f3r\u00e1t\u00f3l szalonnas\u00fct\u00e9sre h\u00edvjuk hittanos gyermekeinket a pl\u00e9b\u00e1niaudvarra. Gy\u00fclekez\u0151 f\u00e9l 5-t\u0151l. A r\u00e9sztvev\u0151k a Karit\u00e1sz fel\u0151li (Sumen utcai) bej\u00e1ratot haszn\u00e1lj\u00e1k, \u00e9s hozz\u00e1k magukkal azt, amit s\u00fctni akarnak. Ny\u00e1rsat, \u00fcd\u00edt\u0151t \u00e9s z\u00f6lds\u00e9gf\u00e9l\u00e9t biztos\u00edtunk. Miel\u0151bbi jelentkez\u00e9st k\u00e9rek.<\/p>\n<p>2. <strong>Szeptembert\u0151l<\/strong> felk\u00e9sz\u00edt\u00e9st ind\u00edtunk els\u0151\u00e1ldoz\u00e1sra, amelyre a mai napt\u00f3l m\u00e1r jelentkezhetnek az id\u00e9n harmadik oszt\u00e1lyba men\u0151 gyermekek, \u00e9s azok, akik fels\u0151bb oszt\u00e1lyba j\u00e1rnak, de els\u0151\u00e1ldoz\u00f3k m\u00e9g nem voltak.<\/p>\n<p>3. Azokat a feln\u0151tteket is h\u00edvom a szeptembert\u0151l indul\u00f3 felk\u00e9sz\u00edt\u0151re, akik szeretn\u00e9nek megkeresztelkedni, vagy megkereszteltek, de a t\u00f6bbi szents\u00e9gben m\u00e9g nem r\u00e9szes\u00fcltek, vagy katoliz\u00e1lni akarnak.<\/p>\n<p>Jelentkez\u00e9si lap ezekre a felk\u00e9sz\u00edt\u0151kre k\u00e9rhet\u0151 a pl\u00e9b\u00e1niairod\u00e1n.<\/p>\n<p>4. <strong>Liturgikus eml\u00e9knapok e h\u00e9ten<\/strong>: szerd\u00e1n lesz Szt. M\u00f3nik\u00e1nak, cs\u00fct\u00f6rt\u00f6k\u00f6n Szent \u00c1goston p\u00fcsp\u00f6knek \u00e9s egyh\u00e1ztan\u00edt\u00f3nak, v\u00e9g\u00fcl p\u00e9nteken Keresztel\u0151 Szt. J\u00e1nos v\u00e9rtan\u00fas\u00e1g\u00e1nak eml\u00e9knapja.<\/p>\n<table>\n<tr>\n<td><a href=\"https:\/\/www.avast.com\/sig-email?utm_medium=email&amp;utm_source=link&amp;utm_campaign=sig-email&amp;utm_content=webmail\"><img loading=\"lazy\" decoding=\"async\" src=\"https:\/\/s-install.avcdn.net\/ipm\/preview\/icons\/icon-envelope-tick-round-orange-animated-no-repeat-v1.gif\" alt=\"\" width=\"46\" height=\"29\" \/><\/a><\/td>\n<td>V\u00edrusmentes.<a href=\"https:\/\/www.avast.com\/sig-email?utm_medium=email&amp;utm_source=link&amp;utm_campaign=sig-email&amp;utm_content=webmail\">www.avast.com<\/a><\/td>\n<\/tr>\n<\/table>\n","protected":false},"excerpt":{"rendered":"<p>HIRDET\u00c9SEK AZ \u00c9VK\u00d6ZI 21. VAS\u00c1RNAP (aug. 24.) 1. H\u00e9tf\u0151n 17 \u00f3r\u00e1t\u00f3l szalonnas\u00fct\u00e9sre h\u00edvjuk hittanos gyermekeinket a pl\u00e9b\u00e1niaudvarra. Gy\u00fclekez\u0151 f\u00e9l 5-t\u0151l. A r\u00e9sztvev\u0151k a Karit\u00e1sz fel\u0151li (Sumen utcai) bej\u00e1ratot haszn\u00e1lj\u00e1k, \u00e9s hozz\u00e1k magukkal azt, amit s\u00fctni akarnak. Ny\u00e1rsat, \u00fcd\u00edt\u0151t \u00e9s z\u00f6lds\u00e9gf\u00e9l\u00e9t biztos\u00edtunk. Miel\u0151bbi jelentkez\u00e9st k\u00e9rek. 2. Szeptembert\u0151l felk\u00e9sz\u00edt\u00e9st ind\u00edtunk els\u0151\u00e1ldoz\u00e1sra, amelyre a mai napt\u00f3l m\u00e1r jelentkezhetnek &hellip; <a href=\"https:\/\/szentannaplebania.dnyem.hu\/?p=2557\" class=\"more-link\"><span class=\"screen-reader-text\">31 August, 2025 06:25<\/span> r\u00e9szletei&#8230;<\/a><\/p>\n","protected":false},"author":2,"featured_media":0,"comment_status":"closed","ping_status":"open","sticky":false,"template":"","format":"standard","meta":{"_jetpack_memberships_contains_paid_content":false,"footnotes":""},"categories":[15],"tags":[],"class_list":["post-2557","post","type-post","status-publish","format-standard","hentry","category-hirdetesek"],"jetpack_featured_media_url":"","jetpack_shortlink":"https:\/\/wp.me\/p9doK4-Ff","jetpack_sharing_enabled":true,"_links":{"self":[{"href":"https:\/\/szentannaplebania.dnyem.hu\/index.php?rest_route=\/wp\/v2\/posts\/2557","targetHints":{"allow":["GET"]}}],"collection":[{"href":"https:\/\/szentannaplebania.dnyem.hu\/index.php?rest_route=\/wp\/v2\/posts"}],"about":[{"href":"https:\/\/szentannaplebania.dnyem.hu\/index.php?rest_route=\/wp\/v2\/types\/post"}],"author":[{"embeddable":true,"href":"https:\/\/szentannaplebania.dnyem.hu\/index.php?rest_route=\/wp\/v2\/users\/2"}],"replies":[{"embeddable":true,"href":"https:\/\/szentannaplebania.dnyem.hu\/index.php?rest_route=%2Fwp%2Fv2%2Fcomments&post=2557"}],"version-history":[{"count":0,"href":"https:\/\/szentannaplebania.dnyem.hu\/index.php?rest_route=\/wp\/v2\/posts\/2557\/revisions"}],"wp:attachment":[{"href":"https:\/\/szentannaplebania.dnyem.hu\/index.php?rest_route=%2Fwp%2Fv2%2Fmedia&parent=2557"}],"wp:term":[{"taxonomy":"category","embeddable":true,"href":"https:\/\/szentannaplebania.dnyem.hu\/index.php?rest_route=%2Fwp%2Fv2%2Fcategories&post=2557"},{"taxonomy":"post_tag","embeddable":true,"href":"https:\/\/szentannaplebania.dnyem.hu\/index.php?rest_route=%2Fwp%2Fv2%2Ftags&post=2557"}],"curies":[{"name":"wp","href":"https:\/\/api.w.org\/{rel}","templated":true}]}}