{"id":2558,"date":"2025-08-31T06:25:50","date_gmt":"2025-08-31T04:25:50","guid":{"rendered":"https:\/\/szentannaplebania.dnyem.hu\/?p=2558"},"modified":"2025-08-31T06:25:50","modified_gmt":"2025-08-31T04:25:50","slug":"31-august-2025-0625-2","status":"publish","type":"post","link":"https:\/\/szentannaplebania.dnyem.hu\/?p=2558","title":{"rendered":"31 August, 2025 06:25"},"content":{"rendered":"<p><strong>HIRDET\u00c9SEK AZ \u00c9VK\u00d6ZI 22. VAS\u00c1RNAP<\/strong> (aug. 31.)<\/p>\n<p>1. Le\u00f3 p\u00e1pa imasz\u00e1nd\u00e9ka<strong> szeptemberben<\/strong>: Im\u00e1dkozzunk, hogy Assisi Szent Ferenc p\u00e9ld\u00e1ja nyom\u00e1n megtapasztaljuk k\u00f6lcs\u00f6n\u00f6s \u00f6sszetartoz\u00e1sunkat minden teremtm\u00e9nnyel, akiket Isten szeret, \u00e9s akik m\u00e9lt\u00f3k a szeretetre \u00e9s tiszteletre.<\/p>\n<p>2. A Szent L\u00e1szl\u00f3 Imasz\u00f6vets\u00e9g szeptemberi r\u00f3zsaf\u00fcz\u00e9rtitka: J\u00e9zus, aki az Euchariszti\u00e1ban nek\u00fcnk adta \u00f6nmag\u00e1t.<\/p>\n<p>3. <strong>H\u00e9tf\u0151n, szept. 1-\u00e9n <\/strong>tartjuk a teremt\u00e9sv\u00e9delem vil\u00e1gnapj\u00e1t. K\u00f6rnyezettudatos \u00e9letm\u00f3dunkkal enyh\u00edts\u00fck az \u00f6kol\u00f3giai v\u00e1ls\u00e1g el\u0151id\u00e9zte k\u00e1rokat!<\/p>\n<p>4. <strong>Szerd\u00e1n<\/strong> lesz Nagy Szt. Gergely (540-604) p\u00e1pa \u00e9s egyh\u00e1ztan\u00edt\u00f3 eml\u00e9knapja<\/p>\n<p>5. <strong>Els\u0151cs\u00fct\u00f6rt\u00f6k\u00f6n<\/strong> a <strong>7 \u00f3rai szentmise ut\u00e1n<\/strong> szents\u00e9gim\u00e1d\u00e1sra t\u00e9rhet\u00fcnk be 18 \u00f3r\u00e1ig. Egy-egy szents\u00e9gim\u00e1d\u00e1si \u00f3ra megtart\u00e1s\u00e1ra ketten-h\u00e1rman \u00f6sszefogva feliratkozhatnak a sekresty\u00e9ben. 17-kor kezdj\u00fck a szents\u00e9gim\u00e1d\u00e1si \u00f3r\u00e1t papi hivat\u00e1sok\u00e9rt.<\/p>\n<p>6. <strong>Els\u0151p\u00e9nteken<\/strong>, a J\u00e9zus Sz\u00edve-tisztelet napj\u00e1n megl\u00e1togatjuk betegeinket, akik otthonukban akarj\u00e1k szentgy\u00f3n\u00e1sukat \u00e9s \u2013\u00e1ldoz\u00e1sukat elv\u00e9gezni. 17.30-kor \u00e9nekelj\u00fck a J\u00e9zus sz\u00edve lit\u00e1ni\u00e1t.<\/p>\n<p>7. <strong>A k\u00f6vetkez\u0151 vas\u00e1rnap<\/strong> a f\u00e9l 9-es szentmis\u00e9ben tartjuk a tan\u00e9v eleji Veni Sancte-t (ejtsd: V\u00e9ni Sz\u00e1nkt\u00e9t). A szentmis\u00e9k v\u00e9g\u00e9n meg\u00e1ldjuk a pedag\u00f3gusokat, a di\u00e1kokat \u00e9s iskolat\u00e1sk\u00e1jukat.<\/p>\n<p>8. Ugyancsak a k\u00f6vetkez\u0151 vas\u00e1rnap 19 \u00f3r\u00e1t\u00f3l Rostetter Szilveszter orgonam\u0171v\u00e9sz koncertj\u00e9n vehet\u00fcnk r\u00e9szt.<\/p>\n<p>9. <strong>Minden katolikus h\u00e1ztart\u00e1sban legyen Debreceni Katolikus Figyel\u0151!<\/strong> Ezzel a mott\u00f3val elvihet\u0151 az \u00fajs\u00e1gos polcr\u00f3l 200 Ft-os \u00e1ron egyh\u00e1zk\u00f6zs\u00e9g\u00fcnk kiadv\u00e1ny\u00e1nak leg\u00fajabb sz\u00e1ma.<\/p>\n<p>10. <strong>Szeptember 20-\u00e1n 10 \u00f3r\u00e1t\u00f3l<\/strong> a Megtestes\u00fcl\u00e9s Pl\u00e9b\u00e1ni\u00e1n rendezz\u00fck meg a Csal\u00e1d Expot. A gyermekek fel\u00fcgyelet\u00e9r\u0151l \u00e9s j\u00e1t\u00e9k-lehet\u0151s\u00e9geir\u0151l az eg\u00e9sz program ideje alatt gondoskodnak. A r\u00e9sztvev\u0151k kapnak eb\u00e9det.<\/p>\n<table>\n<tr>\n<td><a href=\"https:\/\/www.avast.com\/sig-email?utm_medium=email&amp;utm_source=link&amp;utm_campaign=sig-email&amp;utm_content=webmail\"><img loading=\"lazy\" decoding=\"async\" src=\"https:\/\/s-install.avcdn.net\/ipm\/preview\/icons\/icon-envelope-tick-round-orange-animated-no-repeat-v1.gif\" alt=\"\" width=\"46\" height=\"29\" \/><\/a><\/td>\n<td>V\u00edrusmentes.<a href=\"https:\/\/www.avast.com\/sig-email?utm_medium=email&amp;utm_source=link&amp;utm_campaign=sig-email&amp;utm_content=webmail\">www.avast.com<\/a><\/td>\n<\/tr>\n<\/table>\n","protected":false},"excerpt":{"rendered":"<p>HIRDET\u00c9SEK AZ \u00c9VK\u00d6ZI 22. VAS\u00c1RNAP (aug. 31.) 1. Le\u00f3 p\u00e1pa imasz\u00e1nd\u00e9ka szeptemberben: Im\u00e1dkozzunk, hogy Assisi Szent Ferenc p\u00e9ld\u00e1ja nyom\u00e1n megtapasztaljuk k\u00f6lcs\u00f6n\u00f6s \u00f6sszetartoz\u00e1sunkat minden teremtm\u00e9nnyel, akiket Isten szeret, \u00e9s akik m\u00e9lt\u00f3k a szeretetre \u00e9s tiszteletre. 2. A Szent L\u00e1szl\u00f3 Imasz\u00f6vets\u00e9g szeptemberi r\u00f3zsaf\u00fcz\u00e9rtitka: J\u00e9zus, aki az Euchariszti\u00e1ban nek\u00fcnk adta \u00f6nmag\u00e1t. 3. H\u00e9tf\u0151n, szept. 1-\u00e9n tartjuk a teremt\u00e9sv\u00e9delem &hellip; <a href=\"https:\/\/szentannaplebania.dnyem.hu\/?p=2558\" class=\"more-link\"><span class=\"screen-reader-text\">31 August, 2025 06:25<\/span> r\u00e9szletei&#8230;<\/a><\/p>\n","protected":false},"author":2,"featured_media":0,"comment_status":"closed","ping_status":"open","sticky":false,"template":"","format":"standard","meta":{"_jetpack_memberships_contains_paid_content":false,"footnotes":""},"categories":[15],"tags":[],"class_list":["post-2558","post","type-post","status-publish","format-standard","hentry","category-hirdetesek"],"jetpack_featured_media_url":"","jetpack_shortlink":"https:\/\/wp.me\/p9doK4-Fg","jetpack_sharing_enabled":true,"_links":{"self":[{"href":"https:\/\/szentannaplebania.dnyem.hu\/index.php?rest_route=\/wp\/v2\/posts\/2558","targetHints":{"allow":["GET"]}}],"collection":[{"href":"https:\/\/szentannaplebania.dnyem.hu\/index.php?rest_route=\/wp\/v2\/posts"}],"about":[{"href":"https:\/\/szentannaplebania.dnyem.hu\/index.php?rest_route=\/wp\/v2\/types\/post"}],"author":[{"embeddable":true,"href":"https:\/\/szentannaplebania.dnyem.hu\/index.php?rest_route=\/wp\/v2\/users\/2"}],"replies":[{"embeddable":true,"href":"https:\/\/szentannaplebania.dnyem.hu\/index.php?rest_route=%2Fwp%2Fv2%2Fcomments&post=2558"}],"version-history":[{"count":0,"href":"https:\/\/szentannaplebania.dnyem.hu\/index.php?rest_route=\/wp\/v2\/posts\/2558\/revisions"}],"wp:attachment":[{"href":"https:\/\/szentannaplebania.dnyem.hu\/index.php?rest_route=%2Fwp%2Fv2%2Fmedia&parent=2558"}],"wp:term":[{"taxonomy":"category","embeddable":true,"href":"https:\/\/szentannaplebania.dnyem.hu\/index.php?rest_route=%2Fwp%2Fv2%2Fcategories&post=2558"},{"taxonomy":"post_tag","embeddable":true,"href":"https:\/\/szentannaplebania.dnyem.hu\/index.php?rest_route=%2Fwp%2Fv2%2Ftags&post=2558"}],"curies":[{"name":"wp","href":"https:\/\/api.w.org\/{rel}","templated":true}]}}