{"id":2559,"date":"2025-09-07T06:19:08","date_gmt":"2025-09-07T04:19:08","guid":{"rendered":"https:\/\/szentannaplebania.dnyem.hu\/?p=2559"},"modified":"2025-09-07T06:19:08","modified_gmt":"2025-09-07T04:19:08","slug":"7-september-2025-0619","status":"publish","type":"post","link":"https:\/\/szentannaplebania.dnyem.hu\/?p=2559","title":{"rendered":"7 September, 2025 06:19"},"content":{"rendered":"<p><strong>HIRDET\u00c9SEK AZ \u00c9VK\u00d6ZI 23. VAS\u00c1RNAP<\/strong> (szept. 7.)<\/p>\n<p>1. <strong>Ma <\/strong>a szentmis\u00e9k v\u00e9g\u00e9n meg\u00e1ldjuk a jelenl\u00e9v\u0151 pedag\u00f3gusokat, di\u00e1kokat \u00e9s iskolat\u00e1sk\u00e1jukat.<\/p>\n<p>2. <strong>Ma<\/strong>, els\u0151vas\u00e1rnap, 15 \u00f3r\u00e1t\u00f3l szents\u00e9gim\u00e1d\u00e1sra t\u00e9rhet\u00fcnk be 17:30-ig.<\/p>\n<p>3. <strong>Ma<\/strong> 19 \u00f3r\u00e1t\u00f3l Rostetter Szilveszter orgonam\u0171v\u00e9sz koncertj\u00e9n vehet\u00fcnk r\u00e9szt. M\u0171sora olvashat\u00f3 a hirdet\u0151n.<\/p>\n<p>4. <strong>Szeptember 20-\u00e1n, szombaton 10 \u00f3r\u00e1t\u00f3l<\/strong> <strong>az 5. teremben<\/strong> felk\u00e9sz\u00edt\u00e9st ind\u00edtunk els\u0151\u00e1ldoz\u00e1sra. Erre m\u00e1r jelentkezhetnek az id\u00e9n harmadik oszt\u00e1lyba j\u00e1r\u00f3 gyermekek, vagy azok, akik m\u00e1r fels\u0151bb oszt\u00e1lyba j\u00e1rnak, de els\u0151\u00e1ldoz\u00f3k m\u00e9g nem voltak. Jelentkez\u00e9si lap k\u00e9rhet\u0151 a hitoktat\u00f3kt\u00f3l vagy a pl\u00e9b\u00e1niairod\u00e1ban.<\/p>\n<p>5. <strong>Szeptember 20-\u00e1n 10 \u00f3r\u00e1t\u00f3l<\/strong> a Megtestes\u00fcl\u00e9s Pl\u00e9b\u00e1ni\u00e1n rendezz\u00fck meg az egyh\u00e1zmegyei csal\u00e1di napot, a Csal\u00e1d Expot. A gyermekek fel\u00fcgyelet\u00e9r\u0151l az eg\u00e9sz program ideje alatt gondoskodnak. A r\u00e9sztvev\u0151k kapnak eb\u00e9det.<\/p>\n<p>6. Liturgikus \u00fcnnepek \u00e9s eml\u00e9knapok e h\u00e9ten: h\u00e9tf\u0151n Sz\u0171z M\u00e1ria sz\u00fclet\u00e9s\u00e9nek \u00fcnnepe (Kisboldogasszony), p\u00e9nteken Sz\u0171z M\u00e1ria Szent Nev\u00e9nek \u00e9s szombaton Aranysz\u00e1j\u00fa Szt. J\u00e1nos p\u00fcsp\u00f6knek \u00e9s egyh\u00e1ztan\u00edt\u00f3nak eml\u00e9knapja. A k\u00f6vetkez\u0151 vas\u00e1rnap Szent Kereszt felmagasztal\u00e1s\u00e1nak \u00fcnnep\u00e9t tartjuk.<\/p>\n<p>7. <strong>Minden katolikus h\u00e1ztart\u00e1sban legyen Debreceni Katolikus Figyel\u0151!<\/strong> Ezzel a mott\u00f3val elvihet\u0151 az \u00fajs\u00e1gos polcr\u00f3l 200 Ft-os \u00e1ron egyh\u00e1zk\u00f6zs\u00e9g\u00fcnk kiadv\u00e1ny\u00e1nak leg\u00fajabb sz\u00e1ma.<\/p>\n<p>8. A szeptember 1-ig megtartott ny\u00e1ri ministr\u00e1nsverseny eredm\u00e9nyhirdet\u00e9se:<\/p>\n<p>1. helyezett: <strong>Andr\u00e9si Bal\u00e1zs<\/strong> (21 alkalommal).<\/p>\n<p>2. helyezett: <strong>Gyarmati Bal\u00e1zs, Gyimesi Gergely, Gyimesi Tam\u00e1s \u00e9s S\u00e1ndor Szabolcs <\/strong>(12-12 alkalommal).<\/p>\n<p>3. helyezett <strong>Kontra Gy\u00f6rgy<\/strong> (11 alkalommal).<\/p>\n<p>A versenyben r\u00e9szt vett m\u00e9g <strong>Fekete Krist\u00f3f<\/strong> \u00e9s <strong>Kocsis Hunor<\/strong> (9-9 alkalommal). <strong>Kontra \u00c1d\u00e1m<\/strong> (8 alkalommal). <strong>Fekete Norbert<\/strong> (5 alkalommal). <strong>B\u00e1r\u00e1ny P\u00e9ter<\/strong> (3 alkalommal). <strong>Johom Zsolt \u00e9s Johom Vendel<\/strong> (1-1 alkalommal).<\/p>\n<p>H\u0171s\u00e9ges szolg\u00e1latukat k\u00f6sz\u00f6nj\u00fck. Szorgalmuk j\u00f3 p\u00e9ldaad\u00e1sul szolg\u00e1l gyermekeinknek.<\/p>\n<p>B\u00e1tor\u00edtom a fi\u00fakat \u00e9s l\u00e1nyokat, hogy ministr\u00e1ljanak a vas\u00e1r- \u00e9s h\u00e9tk\u00f6znapi szentmis\u00e9ken. A nagyobbak majd betan\u00edtj\u00e1k a kisebbeket.<\/p>\n<table>\n<tr>\n<td><a href=\"https:\/\/www.avast.com\/sig-email?utm_medium=email&amp;utm_source=link&amp;utm_campaign=sig-email&amp;utm_content=webmail\"><img loading=\"lazy\" decoding=\"async\" src=\"https:\/\/s-install.avcdn.net\/ipm\/preview\/icons\/icon-envelope-tick-round-orange-animated-no-repeat-v1.gif\" alt=\"\" width=\"46\" height=\"29\" \/><\/a><\/td>\n<td>V\u00edrusmentes.<a href=\"https:\/\/www.avast.com\/sig-email?utm_medium=email&amp;utm_source=link&amp;utm_campaign=sig-email&amp;utm_content=webmail\">www.avast.com<\/a><\/td>\n<\/tr>\n<\/table>\n","protected":false},"excerpt":{"rendered":"<p>HIRDET\u00c9SEK AZ \u00c9VK\u00d6ZI 23. VAS\u00c1RNAP (szept. 7.) 1. Ma a szentmis\u00e9k v\u00e9g\u00e9n meg\u00e1ldjuk a jelenl\u00e9v\u0151 pedag\u00f3gusokat, di\u00e1kokat \u00e9s iskolat\u00e1sk\u00e1jukat. 2. Ma, els\u0151vas\u00e1rnap, 15 \u00f3r\u00e1t\u00f3l szents\u00e9gim\u00e1d\u00e1sra t\u00e9rhet\u00fcnk be 17:30-ig. 3. Ma 19 \u00f3r\u00e1t\u00f3l Rostetter Szilveszter orgonam\u0171v\u00e9sz koncertj\u00e9n vehet\u00fcnk r\u00e9szt. M\u0171sora olvashat\u00f3 a hirdet\u0151n. 4. Szeptember 20-\u00e1n, szombaton 10 \u00f3r\u00e1t\u00f3l az 5. teremben felk\u00e9sz\u00edt\u00e9st ind\u00edtunk els\u0151\u00e1ldoz\u00e1sra. Erre &hellip; <a href=\"https:\/\/szentannaplebania.dnyem.hu\/?p=2559\" class=\"more-link\"><span class=\"screen-reader-text\">7 September, 2025 06:19<\/span> r\u00e9szletei&#8230;<\/a><\/p>\n","protected":false},"author":2,"featured_media":0,"comment_status":"closed","ping_status":"open","sticky":false,"template":"","format":"standard","meta":{"_jetpack_memberships_contains_paid_content":false,"footnotes":""},"categories":[15],"tags":[],"class_list":["post-2559","post","type-post","status-publish","format-standard","hentry","category-hirdetesek"],"jetpack_featured_media_url":"","jetpack_shortlink":"https:\/\/wp.me\/p9doK4-Fh","jetpack_sharing_enabled":true,"_links":{"self":[{"href":"https:\/\/szentannaplebania.dnyem.hu\/index.php?rest_route=\/wp\/v2\/posts\/2559","targetHints":{"allow":["GET"]}}],"collection":[{"href":"https:\/\/szentannaplebania.dnyem.hu\/index.php?rest_route=\/wp\/v2\/posts"}],"about":[{"href":"https:\/\/szentannaplebania.dnyem.hu\/index.php?rest_route=\/wp\/v2\/types\/post"}],"author":[{"embeddable":true,"href":"https:\/\/szentannaplebania.dnyem.hu\/index.php?rest_route=\/wp\/v2\/users\/2"}],"replies":[{"embeddable":true,"href":"https:\/\/szentannaplebania.dnyem.hu\/index.php?rest_route=%2Fwp%2Fv2%2Fcomments&post=2559"}],"version-history":[{"count":0,"href":"https:\/\/szentannaplebania.dnyem.hu\/index.php?rest_route=\/wp\/v2\/posts\/2559\/revisions"}],"wp:attachment":[{"href":"https:\/\/szentannaplebania.dnyem.hu\/index.php?rest_route=%2Fwp%2Fv2%2Fmedia&parent=2559"}],"wp:term":[{"taxonomy":"category","embeddable":true,"href":"https:\/\/szentannaplebania.dnyem.hu\/index.php?rest_route=%2Fwp%2Fv2%2Fcategories&post=2559"},{"taxonomy":"post_tag","embeddable":true,"href":"https:\/\/szentannaplebania.dnyem.hu\/index.php?rest_route=%2Fwp%2Fv2%2Ftags&post=2559"}],"curies":[{"name":"wp","href":"https:\/\/api.w.org\/{rel}","templated":true}]}}