{"id":2560,"date":"2025-09-20T21:32:27","date_gmt":"2025-09-20T19:32:27","guid":{"rendered":"https:\/\/szentannaplebania.dnyem.hu\/?p=2560"},"modified":"2025-09-20T21:32:27","modified_gmt":"2025-09-20T19:32:27","slug":"20-september-2025-2132","status":"publish","type":"post","link":"https:\/\/szentannaplebania.dnyem.hu\/?p=2560","title":{"rendered":"20 September, 2025 21:32"},"content":{"rendered":"<p><strong>HIRDET\u00c9SEK AZ \u00c9VK\u00d6ZI 24. VAS\u00c1RNAP<\/strong> (szept. 15.)<\/p>\n<p>1. <strong>Kedden<\/strong> 9 \u00f3r\u00e1t\u00f3l \u00fajra indul az <strong>Id\u0151sek Akad\u00e9mi\u00e1ja<\/strong> a 6. teremben. H\u00edvom az id\u0151seket, hogy vel\u00fck egykor\u00faak der\u0171s t\u00e1rsas\u00e1g\u00e1ban t\u00f6ltsenek n\u00e9h\u00e1ny tartalmas d\u00e9lel\u0151tti \u00f3r\u00e1t.<\/p>\n<p>2. <strong>Szint\u00e9n kedden az esti szentmise ut\u00e1n<\/strong>, 18:35-t\u0151l kezdet\u00e9t veszi a felk\u00e9sz\u00edt\u0151 azon feln\u0151ttek sz\u00e1m\u00e1ra, akik szeretn\u00e9nek megkeresztelkedni, vagy megkereszteltek, de a t\u00f6bbi szents\u00e9gben m\u00e9g nem r\u00e9szes\u00fcltek, vagy katoliz\u00e1lni akarnak.<\/p>\n<p>Jelentkez\u00e9si lap ezekre a felk\u00e9sz\u00edt\u0151kre k\u00e9rhet\u0151 a pl\u00e9b\u00e1niairod\u00e1n.<\/p>\n<p>3. <strong>P\u00e9nteken <\/strong>18:45-t\u0151l indul az ifj\u00fas\u00e1gi hittan a pl\u00e9b\u00e1ni\u00e1n a 14 \u00e9s 18 \u00e9v k\u00f6z\u00f6tti l\u00e1nyok \u00e9s fi\u00fak sz\u00e1m\u00e1ra. Apostolkodjunk annak \u00e9rdek\u00e9ben, hogy akik ennek m\u00e1r r\u00e9szesei voltak az elm\u00falt \u00e9vekben, \u0151k j\u00e1rjanak tov\u00e1bbra is; akik pedig eddig m\u00e9g nem j\u00f6ttek, azok j\u00f6jjenek, hogy j\u00f3ra t\u00f6rekv\u0151 fiatalok k\u00f6z\u00f6tt t\u00f6lthessenek el egy tartalmas, hit\u00fckben \u00e9s erk\u00f6lcseikben meger\u0151s\u00edt\u0151 est\u00e9t.<\/p>\n<p>4. <strong>Szombaton 10 \u00f3r\u00e1t\u00f3l<\/strong> a Megtestes\u00fcl\u00e9s Pl\u00e9b\u00e1ni\u00e1n rendezz\u00fck meg az egyh\u00e1zmegyei csal\u00e1di napot, a Csal\u00e1d Expot. A gyermekek fel\u00fcgyelet\u00e9r\u0151l az eg\u00e9sz program ideje alatt gondoskodnak. A r\u00e9sztvev\u0151k kapnak eb\u00e9det.<\/p>\n<p>Minden tov\u00e1bbi inform\u00e1ci\u00f3 megtal\u00e1lhat\u00f3 \u00e9s jelentkezni lehet az al\u00e1bbi linken: <a href=\"https:\/\/docs.google.com\/forms\/d\/e\/1FAIpQLSdkAdczcr9J3_Tw81d4yfxLqg3vo-jRGWuY7cif2CoGvwEnSQ\/viewform?usp=header\">https:\/\/docs.google.com\/forms\/d\/e\/1FAIpQLSdkAdczcr9J3_Tw81d4yfxLqg3vo-jRGWuY7cif2CoGvwEnSQ\/viewform?usp=header<\/a><\/p>\n<p>5. <strong>Szint\u00e9n szombaton 10 \u00f3r\u00e1t\u00f3l<\/strong> felk\u00e9sz\u00edt\u00e9s kezd\u0151dik els\u0151\u00e1ldoz\u00e1sraaz 5. teremben. Erre m\u00e1r j\u00f6hetnek az id\u00e9n harmadik oszt\u00e1lyba j\u00e1r\u00f3 gyermekek, vagy azok, akik m\u00e1r magasabb oszt\u00e1lyba j\u00e1rnak, de els\u0151\u00e1ldoz\u00f3k m\u00e9g nem voltak.<\/p>\n<p>6. <strong>Szeptember 23-\u00e1n<\/strong>, kedden hittan (katek\u00e9zis) kezd\u0151dik feln\u0151ttek sz\u00e1m\u00e1ra a 6. teremben 18:30-t\u00f3l, amelyet a Neokatekumen\u00e1lis \u00dat lelkis\u00e9gi mozgalom munkat\u00e1rsai fognak tartani. Mindenki megh\u00edvott, aki keresi az elm\u00e9ly\u00fcl\u00e9st katolikus hit\u00e9ben.<\/p>\n<p>7. <strong>Szeptember 27-\u00e9n, szombaton sz\u00fcretre<\/strong> h\u00edvom \u00e9s v\u00e1rom hittanos gyermekeinket, testv\u00e9reiket \u00e9s sz\u00fcleiket Pallagra a Mez\u0151gazdas\u00e1gtudom\u00e1nyi Kar Tangazdas\u00e1g\u00e1nak sz\u0151l\u0151j\u00e9be. Ott lesz a gy\u00fclekez\u0151 f\u00e9l 10-t\u0151l. A biciklisek 8:30-kor indulnak a sz\u00e9kesegyh\u00e1z el\u0151l.<\/p>\n<p>A szervez\u00e9s \u00e9s eb\u00e9deltet\u00e9s megk\u00f6nny\u00edt\u00e9se \u00e9rdek\u00e9ben feliratkoz\u00e1ssal lehet jelentkezni a sz\u00fcretre <strong>legk\u00e9s\u0151bb szeptember 23-ig <\/strong>a hitoktat\u00f3kn\u00e1l, a sekresty\u00e9ben vagy a pl\u00e9b\u00e1niairod\u00e1n. A r\u00e9sztvev\u0151k k\u00e9st vagy metsz\u0151oll\u00f3t, poharat, t\u00e9ny\u00e9rt \u00e9s kanalat hozzanak magukkal.<\/p>\n<p>8. Liturgikus \u00fcnnepek \u00e9s eml\u00e9knapok e h\u00e9ten: h\u00e9tf\u0151n a F\u00e1jdalmas Sz\u0171zanya; kedden Szt. Korn\u00e9l p\u00e1pa \u00e9s Szt. Cipri\u00e1n p\u00fcsp\u00f6k, v\u00e9rtan\u00fak; szombaton Kim Taegon Szt. Andr\u00e1s \u00e1ldoz\u00f3pap, Csong Haszang Szt. P\u00e1l \u00e9s t\u00e1rsaik, koreai v\u00e9rtan\u00fak eml\u00e9knapja.<\/p>\n<p>9. Zar\u00e1ndoklat <strong>okt. 5-\u00e9n<\/strong>, vas\u00e1rnap M\u00e1travereb\u00e9ly-Szentk\u00fatra a Magyarok Nagyasszonya b\u00facs\u00fara. A busz a J\u00e9zus Sz\u00edve-templomt\u00f3l indul. Az \u00fatik\u00f6lts\u00e9g szem\u00e9lyenk\u00e9nt 6500 Ft. Jelentkezni lehet a hirdet\u00e9sben olvashat\u00f3 telefonsz\u00e1mon: 30-9655-657.<\/p>\n<p>10.A k\u00f6vetkez\u0151 vas\u00e1rnap lesz egyh\u00e1zmegy\u00e9nk f\u0151p\u00e1sztora kinevez\u00e9s\u00e9nek 10. \u00e9vfordul\u00f3ja. Foglaljuk \u0151t \u00e9s p\u00fcsp\u00f6ki szolg\u00e1lat\u00e1t im\u00e1inkba! Isten \u00e9ltesse!<\/p>\n<table>\n<tr>\n<td><a href=\"https:\/\/www.avast.com\/sig-email?utm_medium=email&amp;utm_source=link&amp;utm_campaign=sig-email&amp;utm_content=webmail\"><img loading=\"lazy\" decoding=\"async\" src=\"https:\/\/s-install.avcdn.net\/ipm\/preview\/icons\/icon-envelope-tick-round-orange-animated-no-repeat-v1.gif\" alt=\"\" width=\"46\" height=\"29\" \/><\/a><\/td>\n<td>V\u00edrusmentes.<a href=\"https:\/\/www.avast.com\/sig-email?utm_medium=email&amp;utm_source=link&amp;utm_campaign=sig-email&amp;utm_content=webmail\">www.avast.com<\/a><\/td>\n<\/tr>\n<\/table>\n","protected":false},"excerpt":{"rendered":"<p>HIRDET\u00c9SEK AZ \u00c9VK\u00d6ZI 24. VAS\u00c1RNAP (szept. 15.) 1. Kedden 9 \u00f3r\u00e1t\u00f3l \u00fajra indul az Id\u0151sek Akad\u00e9mi\u00e1ja a 6. teremben. H\u00edvom az id\u0151seket, hogy vel\u00fck egykor\u00faak der\u0171s t\u00e1rsas\u00e1g\u00e1ban t\u00f6ltsenek n\u00e9h\u00e1ny tartalmas d\u00e9lel\u0151tti \u00f3r\u00e1t. 2. Szint\u00e9n kedden az esti szentmise ut\u00e1n, 18:35-t\u0151l kezdet\u00e9t veszi a felk\u00e9sz\u00edt\u0151 azon feln\u0151ttek sz\u00e1m\u00e1ra, akik szeretn\u00e9nek megkeresztelkedni, vagy megkereszteltek, de a t\u00f6bbi &hellip; <a href=\"https:\/\/szentannaplebania.dnyem.hu\/?p=2560\" class=\"more-link\"><span class=\"screen-reader-text\">20 September, 2025 21:32<\/span> r\u00e9szletei&#8230;<\/a><\/p>\n","protected":false},"author":2,"featured_media":0,"comment_status":"closed","ping_status":"open","sticky":false,"template":"","format":"standard","meta":{"_jetpack_memberships_contains_paid_content":false,"footnotes":""},"categories":[15],"tags":[],"class_list":["post-2560","post","type-post","status-publish","format-standard","hentry","category-hirdetesek"],"jetpack_featured_media_url":"","jetpack_shortlink":"https:\/\/wp.me\/p9doK4-Fi","jetpack_sharing_enabled":true,"_links":{"self":[{"href":"https:\/\/szentannaplebania.dnyem.hu\/index.php?rest_route=\/wp\/v2\/posts\/2560","targetHints":{"allow":["GET"]}}],"collection":[{"href":"https:\/\/szentannaplebania.dnyem.hu\/index.php?rest_route=\/wp\/v2\/posts"}],"about":[{"href":"https:\/\/szentannaplebania.dnyem.hu\/index.php?rest_route=\/wp\/v2\/types\/post"}],"author":[{"embeddable":true,"href":"https:\/\/szentannaplebania.dnyem.hu\/index.php?rest_route=\/wp\/v2\/users\/2"}],"replies":[{"embeddable":true,"href":"https:\/\/szentannaplebania.dnyem.hu\/index.php?rest_route=%2Fwp%2Fv2%2Fcomments&post=2560"}],"version-history":[{"count":0,"href":"https:\/\/szentannaplebania.dnyem.hu\/index.php?rest_route=\/wp\/v2\/posts\/2560\/revisions"}],"wp:attachment":[{"href":"https:\/\/szentannaplebania.dnyem.hu\/index.php?rest_route=%2Fwp%2Fv2%2Fmedia&parent=2560"}],"wp:term":[{"taxonomy":"category","embeddable":true,"href":"https:\/\/szentannaplebania.dnyem.hu\/index.php?rest_route=%2Fwp%2Fv2%2Fcategories&post=2560"},{"taxonomy":"post_tag","embeddable":true,"href":"https:\/\/szentannaplebania.dnyem.hu\/index.php?rest_route=%2Fwp%2Fv2%2Ftags&post=2560"}],"curies":[{"name":"wp","href":"https:\/\/api.w.org\/{rel}","templated":true}]}}