{"id":2561,"date":"2025-09-20T21:34:06","date_gmt":"2025-09-20T19:34:06","guid":{"rendered":"https:\/\/szentannaplebania.dnyem.hu\/?p=2561"},"modified":"2025-09-20T21:34:06","modified_gmt":"2025-09-20T19:34:06","slug":"20-september-2025-2134","status":"publish","type":"post","link":"https:\/\/szentannaplebania.dnyem.hu\/?p=2561","title":{"rendered":"20 September, 2025 21:34"},"content":{"rendered":"<p><strong>HIRDET\u00c9SEK AZ \u00c9VK\u00d6ZI 25. VAS\u00c1RNAP<\/strong> (szept. 21.)<\/p>\n<p>1. <strong>Ma<\/strong> van egyh\u00e1zmegy\u00e9nk f\u0151p\u00e1sztora kinevez\u00e9s\u00e9nek 10. \u00e9vfordul\u00f3ja. Isten \u00e9ltesse! Foglaljuk \u0151t \u00e9s p\u00fcsp\u00f6ki szolg\u00e1lat\u00e1t im\u00e1inkba!<\/p>\n<p>2. <strong>Holnapt\u00f3l <\/strong>kezd\u0151dik a <strong>biblia\u00f3ra h\u00e9tf\u0151nk\u00e9nt <\/strong>az esti szentmise ut\u00e1n a 7. teremben. Mindenki megh\u00edvott, aki bibli\u00e1s m\u0171velts\u00e9g\u00e9ben n\u00f6vekedni k\u00edv\u00e1n, \u00e9s \u00e9let\u00e9t az Evang\u00e9lium f\u00e9ny\u00e9ben akarja alak\u00edtani.<\/p>\n<p>Folytatjuk az Apostolok Cselekedeteinek a magyar\u00e1zat\u00e1t.<\/p>\n<p>3. <strong>Kedden<\/strong> 18 \u00f3r\u00e1t\u00f3l kezd\u0151dik a filmklub a Varga utca 3 sz\u00e1m alatti Kateketikai K\u00f6zpontban. Megn\u00e9zz\u00fck a 2016-ban k\u00e9sz\u00fclt \u201eN\u00e9mas\u00e1g\u201d c. amerikai film I. r\u00e9sz\u00e9t. A film a kereszt\u00e9nys\u00e9g terjed\u00e9s\u00e9t, k\u00fczdelm\u00e9t mutatja be \u00c1zsi\u00e1ban.<\/p>\n<p>A film II. r\u00e9sz\u00e9t egy h\u00e9ttel k\u00e9s\u0151bb, szept. 30-\u00e1n tekintj\u00fck meg ugyanott.<\/p>\n<p>4. Ugyancsak<strong> Kedden<\/strong> hittan (katek\u00e9zis) kezd\u0151dik feln\u0151ttek sz\u00e1m\u00e1ra a 6. teremben 18:30-t\u00f3l, amelyet a Neokatekumen\u00e1lis \u00dat lelkis\u00e9gi mozgalom munkat\u00e1rsai fognak tartani. Mindenki megh\u00edvott, aki keresi az elm\u00e9ly\u00fcl\u00e9st katolikus hit\u00e9ben.<\/p>\n<p>5. <strong>P\u00e9nteken az esti szentmise ut\u00e1n, <\/strong>18:45-t\u0151l kezd\u0151dik az ifj\u00fas\u00e1gi hittan a pl\u00e9b\u00e1ni\u00e1n, amelyre h\u00edvom \u00e9s v\u00e1rom a 14 \u00e9s 18 \u00e9v k\u00f6z\u00f6tti koroszt\u00e1lyt.<\/p>\n<p>6. <strong>Szombaton sz\u00fcretre<\/strong> h\u00edvom \u00e9s v\u00e1rom hittanos gyermekeinket, testv\u00e9reiket \u00e9s sz\u00fcleiket Pallagra a Mez\u0151gazdas\u00e1gtudom\u00e1nyi Kar Tangazdas\u00e1g\u00e1nak sz\u0151l\u0151j\u00e9be. Ott lesz a gy\u00fclekez\u0151 f\u00e9l 10-t\u0151l. A biciklisek 8:30-kor indulnak a sz\u00e9kesegyh\u00e1z el\u0151l.<\/p>\n<p>A szervez\u00e9s \u00e9s eb\u00e9deltet\u00e9s megk\u00f6nny\u00edt\u00e9se \u00e9rdek\u00e9ben feliratkoz\u00e1ssal lehet jelentkezni a sz\u00fcretre <strong>legk\u00e9s\u0151bb szeptember 23-ig <\/strong>a hitoktat\u00f3kn\u00e1l, a sekresty\u00e9ben vagy a pl\u00e9b\u00e1niairod\u00e1n. A r\u00e9sztvev\u0151k k\u00e9st vagy metsz\u0151oll\u00f3t, poharat, t\u00e1ny\u00e9rt \u00e9s kanalat hozzanak magukkal.<\/p>\n<p>7. Zar\u00e1ndoklat <strong>okt. 5-\u00e9n<\/strong>, vas\u00e1rnap M\u00e1travereb\u00e9ly-Szentk\u00fatra a Magyarok Nagyasszonya b\u00facs\u00fara, amelynek sz\u00f3noka f\u0151p\u00e1sztorunk lesz. A busz a J\u00e9zus Sz\u00edve-templomt\u00f3l indul. Az \u00fatik\u00f6lts\u00e9g szem\u00e9lyenk\u00e9nt 6500 Ft. Jelentkezni lehet a hirdet\u00e9sben olvashat\u00f3 telefonsz\u00e1mon: 30-9655-657.<\/p>\n<p>8. <strong>Liturgikus \u00fcnnepek \u00e9s eml\u00e9knapok e h\u00e9ten<\/strong>: kedden Pietrelcinai Szt. Pi\u00f3 \u00e1ldoz\u00f3pap eml\u00e9knapja; szerd\u00e1n Szt. Gell\u00e9rt p\u00fcsp\u00f6k \u00e9s v\u00e9rtan\u00fa \u00fcnnepe \u00e9s szombaton P\u00e1li Szent Vince \u00e1ldoz\u00f3pap eml\u00e9knapja.<\/p>\n<p>A k\u00f6vetkez\u0151 vas\u00e1rnap tartjuk az elv\u00e1ndorl\u00f3k \u00e9s menek\u00fcltek vil\u00e1gnapj\u00e1t.<\/p>\n<table>\n<tr>\n<td><a href=\"https:\/\/www.avast.com\/sig-email?utm_medium=email&amp;utm_source=link&amp;utm_campaign=sig-email&amp;utm_content=webmail\"><img loading=\"lazy\" decoding=\"async\" src=\"https:\/\/s-install.avcdn.net\/ipm\/preview\/icons\/icon-envelope-tick-round-orange-animated-no-repeat-v1.gif\" alt=\"\" width=\"46\" height=\"29\" \/><\/a><\/td>\n<td>V\u00edrusmentes.<a href=\"https:\/\/www.avast.com\/sig-email?utm_medium=email&amp;utm_source=link&amp;utm_campaign=sig-email&amp;utm_content=webmail\">www.avast.com<\/a><\/td>\n<\/tr>\n<\/table>\n","protected":false},"excerpt":{"rendered":"<p>HIRDET\u00c9SEK AZ \u00c9VK\u00d6ZI 25. VAS\u00c1RNAP (szept. 21.) 1. Ma van egyh\u00e1zmegy\u00e9nk f\u0151p\u00e1sztora kinevez\u00e9s\u00e9nek 10. \u00e9vfordul\u00f3ja. Isten \u00e9ltesse! Foglaljuk \u0151t \u00e9s p\u00fcsp\u00f6ki szolg\u00e1lat\u00e1t im\u00e1inkba! 2. Holnapt\u00f3l kezd\u0151dik a biblia\u00f3ra h\u00e9tf\u0151nk\u00e9nt az esti szentmise ut\u00e1n a 7. teremben. Mindenki megh\u00edvott, aki bibli\u00e1s m\u0171velts\u00e9g\u00e9ben n\u00f6vekedni k\u00edv\u00e1n, \u00e9s \u00e9let\u00e9t az Evang\u00e9lium f\u00e9ny\u00e9ben akarja alak\u00edtani. Folytatjuk az Apostolok Cselekedeteinek a &hellip; <a href=\"https:\/\/szentannaplebania.dnyem.hu\/?p=2561\" class=\"more-link\"><span class=\"screen-reader-text\">20 September, 2025 21:34<\/span> r\u00e9szletei&#8230;<\/a><\/p>\n","protected":false},"author":2,"featured_media":0,"comment_status":"closed","ping_status":"open","sticky":false,"template":"","format":"standard","meta":{"_jetpack_memberships_contains_paid_content":false,"footnotes":""},"categories":[15],"tags":[],"class_list":["post-2561","post","type-post","status-publish","format-standard","hentry","category-hirdetesek"],"jetpack_featured_media_url":"","jetpack_shortlink":"https:\/\/wp.me\/p9doK4-Fj","jetpack_sharing_enabled":true,"_links":{"self":[{"href":"https:\/\/szentannaplebania.dnyem.hu\/index.php?rest_route=\/wp\/v2\/posts\/2561","targetHints":{"allow":["GET"]}}],"collection":[{"href":"https:\/\/szentannaplebania.dnyem.hu\/index.php?rest_route=\/wp\/v2\/posts"}],"about":[{"href":"https:\/\/szentannaplebania.dnyem.hu\/index.php?rest_route=\/wp\/v2\/types\/post"}],"author":[{"embeddable":true,"href":"https:\/\/szentannaplebania.dnyem.hu\/index.php?rest_route=\/wp\/v2\/users\/2"}],"replies":[{"embeddable":true,"href":"https:\/\/szentannaplebania.dnyem.hu\/index.php?rest_route=%2Fwp%2Fv2%2Fcomments&post=2561"}],"version-history":[{"count":0,"href":"https:\/\/szentannaplebania.dnyem.hu\/index.php?rest_route=\/wp\/v2\/posts\/2561\/revisions"}],"wp:attachment":[{"href":"https:\/\/szentannaplebania.dnyem.hu\/index.php?rest_route=%2Fwp%2Fv2%2Fmedia&parent=2561"}],"wp:term":[{"taxonomy":"category","embeddable":true,"href":"https:\/\/szentannaplebania.dnyem.hu\/index.php?rest_route=%2Fwp%2Fv2%2Fcategories&post=2561"},{"taxonomy":"post_tag","embeddable":true,"href":"https:\/\/szentannaplebania.dnyem.hu\/index.php?rest_route=%2Fwp%2Fv2%2Ftags&post=2561"}],"curies":[{"name":"wp","href":"https:\/\/api.w.org\/{rel}","templated":true}]}}