{"id":2562,"date":"2025-09-28T06:26:08","date_gmt":"2025-09-28T04:26:08","guid":{"rendered":"https:\/\/szentannaplebania.dnyem.hu\/?p=2562"},"modified":"2025-09-28T06:26:08","modified_gmt":"2025-09-28T04:26:08","slug":"28-september-2025-0626","status":"publish","type":"post","link":"https:\/\/szentannaplebania.dnyem.hu\/?p=2562","title":{"rendered":"28 September, 2025 06:26"},"content":{"rendered":"<p><strong>HIRDET\u00c9SEK AZ \u00c9VK\u00d6ZI 26. VAS\u00c1RNAP<\/strong> (szept. 28.)<\/p>\n<p>1. <strong>Ma<\/strong> tartjuk az elv\u00e1ndorl\u00f3k \u00e9s menek\u00fcltek vil\u00e1gnapj\u00e1t.<\/p>\n<p>2. <strong>Kedden<\/strong> 18 \u00f3r\u00e1t\u00f3l folytat\u00f3dik a filmklub a Varga utca 3 sz\u00e1m alatti Kateketikai K\u00f6zpontban. Megn\u00e9zz\u00fck a 2016-ban k\u00e9sz\u00fclt \u201eN\u00e9mas\u00e1g\u201d c. amerikai film II. r\u00e9sz\u00e9t. A film a kereszt\u00e9nys\u00e9g terjed\u00e9s\u00e9t, k\u00fczdelm\u00e9t mutatja be \u00c1zsi\u00e1ban.<\/p>\n<p>3. <strong>Szerd\u00e1n<\/strong> kezdet\u00e9t veszi a r\u00f3zsaf\u00fcz\u00e9r-im\u00e1dkoz\u00e1s h\u00f3napja. Reggel 0730-kor \u00e9s az esti szentmis\u00e9k el\u0151tt 1730-t\u00f3l im\u00e1dkozzuk a r\u00f3zsaf\u00fcz\u00e9rt. Egy-egy nap az esti r\u00f3zsaf\u00fcz\u00e9r-im\u00e1dkoz\u00e1s vezet\u00e9s\u00e9re feliratkozhatnak a Kedves Testv\u00e9rek a sekresty\u00e9ben.<\/p>\n<p>Teljes b\u00facs\u00fat nyerhet az a h\u00edv\u0151, aki a r\u00f3zsaf\u00fcz\u00e9rt templomban vagy k\u00e1poln\u00e1ban, csal\u00e1dban vagy j\u00e1mbor sz\u00e1nd\u00e9kkal egy\u00fcttl\u00e9v\u0151k k\u00f6z\u00f6ss\u00e9g\u00e9ben elim\u00e1dkozza.<\/p>\n<p>4. <strong>Els\u0151cs\u00fct\u00f6rt\u00f6k\u00f6n<\/strong> a 7 \u00f3rai szentmise ut\u00e1n szents\u00e9gim\u00e1d\u00e1son vehet\u00fcnk r\u00e9szt az eg\u00e9sz nap folyam\u00e1n este f\u00e9l 6-ig. Egy-egy szents\u00e9gim\u00e1d\u00e1si \u00f3ra megtart\u00e1s\u00e1ra ketten-h\u00e1rman \u00f6sszefogva feliratkozhatnak a sekresty\u00e9ben. 17-kor kezdj\u00fck a szents\u00e9gim\u00e1d\u00e1si \u00f3r\u00e1t papi hivat\u00e1sok\u00e9rt.<\/p>\n<p>5. <strong>Els\u0151p\u00e9nteken<\/strong>, a J\u00e9zus Sz\u00edve-tisztelet napj\u00e1n megl\u00e1togatjuk betegeinket, akik otthonukban akarj\u00e1k szentgy\u00f3n\u00e1sukat \u00e9s \u2013\u00e1ldoz\u00e1sukat elv\u00e9gezni. F\u00e9l 6-kor \u00e9nekelj\u00fck a J\u00e9zus Sz\u00edve lit\u00e1ni\u00e1t.<\/p>\n<p>6. Zar\u00e1ndoklat <strong>okt. 5-\u00e9n<\/strong>, vas\u00e1rnap M\u00e1travereb\u00e9ly-Szentk\u00fatra a Magyarok Nagyasszonya b\u00facs\u00fara, amelynek sz\u00f3noka f\u0151p\u00e1sztorunk lesz. A busz a J\u00e9zus Sz\u00edve-templomt\u00f3l indul. Az \u00fatik\u00f6lts\u00e9g szem\u00e9lyenk\u00e9nt 6500 Ft. Jelentkezni lehet a hirdet\u00e9sben olvashat\u00f3 telefonsz\u00e1mon: 30-9655-657.<\/p>\n<p>7. A <strong>k\u00f6vetkez\u0151 vas\u00e1rnap<\/strong> term\u00e9nybetakar\u00edt\u00e1si h\u00e1laad\u00e1s. 16:30-kor kezd\u0151dik a homokkerti Magyarok Nagyasszonya-k\u00e1polna b\u00facs\u00fai szentmis\u00e9je.<\/p>\n<p>8. Ugyancsak a <strong>k\u00f6vetkez\u0151 vas\u00e1rnap<\/strong> az esti szentmise ut\u00e1n L\u0151rinczi Lehel orgonam\u0171v\u00e9sz koncertj\u00e9n vehet\u00fcnk r\u00e9szt.<\/p>\n<p>9. <strong>Okt\u00f3ber 10-\u00e9n<\/strong> r\u00f3zsaf\u00fcz\u00e9r-im\u00e1dkoz\u00e1sra h\u00edvjuk a gyerekeket testv\u00e9reikkel \u00e9s sz\u00fcleikkel egy\u00fctt. 16 \u00f3r\u00e1t\u00f3l a k\u00e9zm\u0171ves foglakoz\u00e1son r\u00f3zsaf\u00fcz\u00e9r-k\u00e9sz\u00edt\u00e9s. 17.15-t\u0151l kezd\u0151dik r\u00f3zsaf\u00fcz\u00e9r-im\u00e1dkoz\u00e1s.<\/p>\n<p>10. Liturgikus \u00fcnnepek \u00e9s eml\u00e9knapok e h\u00e9ten: h\u00e9tf\u0151n Szt. Mih\u00e1ly, Szt. G\u00e1bor \u00e9s Szt. Rrafael f\u0151angyalok \u00fcnnepe, kedden Szt. Jeromos \u00e1ldoz\u00f3pap \u00e9s egyh\u00e1ztan\u00edt\u00f3, szerd\u00e1n a Gyermek J\u00e9zusr\u00f3l nevezett (Lisieux-i) Szt. Ter\u00e9z sz\u0171z \u00e9s egyh\u00e1ztan\u00edt\u00f3, cs\u00fct\u00f6rt\u00f6k\u00f6n a Szent \u0150rz\u0151angyalok \u00e9s szombaton Assisi Szt. Ferenc eml\u00e9knapja.<\/p>\n<p>11. Le\u00f3 p\u00e1pa okt\u00f3beri imasz\u00e1nd\u00e9ka: Im\u00e1dkozzunk, hogy a k\u00fcl\u00f6nb\u00f6z\u0151 vall\u00e1si hagyom\u00e1nyok k\u00f6vet\u0151i k\u00f6z\u00f6sen munk\u00e1lkodjanak a b\u00e9ke, az igazs\u00e1goss\u00e1g \u00e9s az emberi \u00f6sszetartoz\u00e1s v\u00e9delm\u00e9\u00e9rt \u00e9s el\u0151mozd\u00edt\u00e1s\u00e1\u00e9rt.<\/p>\n<p>12. A Szent L\u00e1szl\u00f3 Imasz\u00f6vets\u00e9g okt\u00f3beri r\u00f3zsaf\u00fcz\u00e9rtitka: J\u00e9zus, aki \u00e9rt\u00fcnk v\u00e9rrel ver\u00edt\u00e9kezett.<\/p>\n<table>\n<tr>\n<td><a href=\"https:\/\/www.avast.com\/sig-email?utm_medium=email&amp;utm_source=link&amp;utm_campaign=sig-email&amp;utm_content=webmail\"><img loading=\"lazy\" decoding=\"async\" src=\"https:\/\/s-install.avcdn.net\/ipm\/preview\/icons\/icon-envelope-tick-round-orange-animated-no-repeat-v1.gif\" alt=\"\" width=\"46\" height=\"29\" \/><\/a><\/td>\n<td>V\u00edrusmentes.<a href=\"https:\/\/www.avast.com\/sig-email?utm_medium=email&amp;utm_source=link&amp;utm_campaign=sig-email&amp;utm_content=webmail\">www.avast.com<\/a><\/td>\n<\/tr>\n<\/table>\n","protected":false},"excerpt":{"rendered":"<p>HIRDET\u00c9SEK AZ \u00c9VK\u00d6ZI 26. VAS\u00c1RNAP (szept. 28.) 1. Ma tartjuk az elv\u00e1ndorl\u00f3k \u00e9s menek\u00fcltek vil\u00e1gnapj\u00e1t. 2. Kedden 18 \u00f3r\u00e1t\u00f3l folytat\u00f3dik a filmklub a Varga utca 3 sz\u00e1m alatti Kateketikai K\u00f6zpontban. Megn\u00e9zz\u00fck a 2016-ban k\u00e9sz\u00fclt \u201eN\u00e9mas\u00e1g\u201d c. amerikai film II. r\u00e9sz\u00e9t. A film a kereszt\u00e9nys\u00e9g terjed\u00e9s\u00e9t, k\u00fczdelm\u00e9t mutatja be \u00c1zsi\u00e1ban. 3. Szerd\u00e1n kezdet\u00e9t veszi a r\u00f3zsaf\u00fcz\u00e9r-im\u00e1dkoz\u00e1s &hellip; <a href=\"https:\/\/szentannaplebania.dnyem.hu\/?p=2562\" class=\"more-link\"><span class=\"screen-reader-text\">28 September, 2025 06:26<\/span> r\u00e9szletei&#8230;<\/a><\/p>\n","protected":false},"author":2,"featured_media":0,"comment_status":"closed","ping_status":"open","sticky":false,"template":"","format":"standard","meta":{"_jetpack_memberships_contains_paid_content":false,"footnotes":""},"categories":[15],"tags":[],"class_list":["post-2562","post","type-post","status-publish","format-standard","hentry","category-hirdetesek"],"jetpack_featured_media_url":"","jetpack_shortlink":"https:\/\/wp.me\/p9doK4-Fk","jetpack_sharing_enabled":true,"_links":{"self":[{"href":"https:\/\/szentannaplebania.dnyem.hu\/index.php?rest_route=\/wp\/v2\/posts\/2562","targetHints":{"allow":["GET"]}}],"collection":[{"href":"https:\/\/szentannaplebania.dnyem.hu\/index.php?rest_route=\/wp\/v2\/posts"}],"about":[{"href":"https:\/\/szentannaplebania.dnyem.hu\/index.php?rest_route=\/wp\/v2\/types\/post"}],"author":[{"embeddable":true,"href":"https:\/\/szentannaplebania.dnyem.hu\/index.php?rest_route=\/wp\/v2\/users\/2"}],"replies":[{"embeddable":true,"href":"https:\/\/szentannaplebania.dnyem.hu\/index.php?rest_route=%2Fwp%2Fv2%2Fcomments&post=2562"}],"version-history":[{"count":0,"href":"https:\/\/szentannaplebania.dnyem.hu\/index.php?rest_route=\/wp\/v2\/posts\/2562\/revisions"}],"wp:attachment":[{"href":"https:\/\/szentannaplebania.dnyem.hu\/index.php?rest_route=%2Fwp%2Fv2%2Fmedia&parent=2562"}],"wp:term":[{"taxonomy":"category","embeddable":true,"href":"https:\/\/szentannaplebania.dnyem.hu\/index.php?rest_route=%2Fwp%2Fv2%2Fcategories&post=2562"},{"taxonomy":"post_tag","embeddable":true,"href":"https:\/\/szentannaplebania.dnyem.hu\/index.php?rest_route=%2Fwp%2Fv2%2Ftags&post=2562"}],"curies":[{"name":"wp","href":"https:\/\/api.w.org\/{rel}","templated":true}]}}