{"id":2563,"date":"2025-10-18T21:30:56","date_gmt":"2025-10-18T19:30:56","guid":{"rendered":"https:\/\/szentannaplebania.dnyem.hu\/?p=2563"},"modified":"2025-10-18T21:30:56","modified_gmt":"2025-10-18T19:30:56","slug":"18-october-2025-2130","status":"publish","type":"post","link":"https:\/\/szentannaplebania.dnyem.hu\/?p=2563","title":{"rendered":"18 October, 2025 21:30"},"content":{"rendered":"<p><strong>HIRDET\u00c9SEK A MISSZI\u00d3K VAS\u00c1RNAPJ\u00c1N<\/strong> (okt\u00f3ber 19.)<\/p>\n<p>1. <strong>Ma van a misszi\u00f3k vas\u00e1rnapja<\/strong>. Szolid\u00e1ris elk\u00f6telezetts\u00e9g\u00fcnket a misszi\u00f3k \u00fcgye<\/p>\n<p>mellett most kifejezhetj\u00fck nagylelk\u0171 perselyadom\u00e1nyunkkal, amely\u00e9rt h\u00e1l\u00e1s k\u00f6sz\u00f6netet mondok.<\/p>\n<p>A katolikus misszi\u00f3k v\u00e9d\u0151szentjei: Xav\u00e9ri Szent Ferenc (1506-1552) \u00e9s Lisieux-i Szent Ter\u00e9z (1873-1897).<\/p>\n<p>2. Ma a 18 \u00f3rai szentmis\u00e9ben \u00e9nekelni fog a Dal\u00e1rda.<\/p>\n<p>3. <strong>Kedden<\/strong> 18 \u00f3r\u00e1t\u00f3l folytat\u00f3dik a filmklub a Varga utca 3. sz\u00e1m alatti Kateketikai K\u00f6zpontban. Megn\u00e9zz\u00fck az 1953-ban k\u00e9sz\u00fclt <strong><em>Meggy\u00f3nom <\/em><\/strong>c. amerikai filmet. Megh\u00edvott vend\u00e9g lesz Fodor Andr\u00e1s atya, aki a vet\u00edt\u00e9st k\u00f6vet\u0151 besz\u00e9lget\u00e9sen v\u00e1laszol a k\u00e9rd\u00e9sekre.<\/p>\n<p>4. <strong>Cs\u00fct\u00f6rt\u00f6k\u00f6n<\/strong>, nemzeti \u00fcnnep\u00fcnk\u00f6n a reggeli \u00e9s az esti r\u00f3zsaf\u00fcz\u00e9rt haz\u00e1nk\u00e9rt aj\u00e1nljuk fel.<\/p>\n<p>5. <strong>Cs\u00fct\u00f6rt\u00f6k d\u00e9lut\u00e1n \u00f6t \u00f3r\u00e1t\u00f3l szombat d\u00e9lut\u00e1nig <\/strong>csal\u00e1dok lelkigyakorlata lesz Ny\u00edrb\u00e1torban a Lelkigyakorlatos H\u00e1zban A gyermekek fel\u00fcgyelet\u00e9t \u00e9s foglalkoztat\u00e1s\u00e1t a lelkigyakorlat teljes idej\u00e9re v\u00e1llalj\u00e1k. \u00c9rdekl\u0151dni a dnyem.csaladpasztoracio c\u00edmen lehet.<\/p>\n<p>6. A <strong>k\u00f6vetkez\u0151 vas\u00e1rnap<\/strong> kezdet\u00e9t veszi a t\u00e9li id\u0151sz\u00e1m\u00edt\u00e1s. Ne felejts\u00fck el \u00f3r\u00e1inkat m\u00e1r szombaton (1 \u00f3r\u00e1val) vissza\u00e1ll\u00edtani!<\/p>\n<p>7. Liturgikus \u00fcnnepek \u00e9s eml\u00e9knapok e h\u00e9ten: szerd\u00e1n Szt. II. J\u00e1nos P\u00e1l p\u00e1pa, cs\u00fct\u00f6rt\u00f6k\u00f6n Kapisztr\u00e1n Szent J\u00e1nos \u00e1ldoz\u00f3pap \u00e9s szombaton Szt. M\u00f3r p\u00fcsp\u00f6k eml\u00e9knapja.<\/p>\n<p>8. M\u00e1r most hirdetj\u00fck, hogy<strong> november 1-j\u00e9n,<\/strong> <strong>Mindenszentek<\/strong> f\u0151\u00fcnnep\u00e9n a k\u00f6ztemet\u0151 2. sz. ravataloz\u00f3ja el\u0151tt 15:00-kor kezd\u0151dik a szentmise.<\/p>\n<p>9. <strong>November 22-\u00e9n, szombaton este 6 \u00f3r\u00e1t\u00f3l<\/strong> tartjuk az id\u00e9n 5-10-15-20-25-50 vagy enn\u00e9l t\u00f6bb \u00e9ve szents\u00e9gi h\u00e1zass\u00e1gban \u00e9l\u0151 h\u00e1zasp\u00e1rok h\u00e1laad\u00f3 szentmis\u00e9j\u00e9t. K\u00e9rem ezeknek a h\u00e1zasp\u00e1roknak a jelentkez\u00e9s\u00e9t ak\u00e1r a sekresty\u00e9ben, ak\u00e1r a pl\u00e9b\u00e1niairod\u00e1n.<\/p>\n<p>10. \u00c9rt\u00e9kes hitvall\u00f3 szok\u00e1s az \u00fajonnan k\u00e9sz\u00fclt vagy fel\u00faj\u00edtott s\u00edreml\u00e9k megszenteltet\u00e9se. Aki szeretne s\u00edreml\u00e9kszentel\u00e9st k\u00e9rni, miel\u0151bb jelezze a pl\u00e9b\u00e1ni\u00e1n.<\/p>\n<table>\n<tr>\n<td><a href=\"https:\/\/www.avast.com\/sig-email?utm_medium=email&amp;utm_source=link&amp;utm_campaign=sig-email&amp;utm_content=webmail\"><img loading=\"lazy\" decoding=\"async\" src=\"https:\/\/s-install.avcdn.net\/ipm\/preview\/icons\/icon-envelope-tick-round-orange-animated-no-repeat-v1.gif\" alt=\"\" width=\"46\" height=\"29\" \/><\/a><\/td>\n<td>V\u00edrusmentes.<a href=\"https:\/\/www.avast.com\/sig-email?utm_medium=email&amp;utm_source=link&amp;utm_campaign=sig-email&amp;utm_content=webmail\">www.avast.com<\/a><\/td>\n<\/tr>\n<\/table>\n","protected":false},"excerpt":{"rendered":"<p>HIRDET\u00c9SEK A MISSZI\u00d3K VAS\u00c1RNAPJ\u00c1N (okt\u00f3ber 19.) 1. Ma van a misszi\u00f3k vas\u00e1rnapja. Szolid\u00e1ris elk\u00f6telezetts\u00e9g\u00fcnket a misszi\u00f3k \u00fcgye mellett most kifejezhetj\u00fck nagylelk\u0171 perselyadom\u00e1nyunkkal, amely\u00e9rt h\u00e1l\u00e1s k\u00f6sz\u00f6netet mondok. A katolikus misszi\u00f3k v\u00e9d\u0151szentjei: Xav\u00e9ri Szent Ferenc (1506-1552) \u00e9s Lisieux-i Szent Ter\u00e9z (1873-1897). 2. Ma a 18 \u00f3rai szentmis\u00e9ben \u00e9nekelni fog a Dal\u00e1rda. 3. Kedden 18 \u00f3r\u00e1t\u00f3l folytat\u00f3dik a &hellip; <a href=\"https:\/\/szentannaplebania.dnyem.hu\/?p=2563\" class=\"more-link\"><span class=\"screen-reader-text\">18 October, 2025 21:30<\/span> r\u00e9szletei&#8230;<\/a><\/p>\n","protected":false},"author":2,"featured_media":0,"comment_status":"closed","ping_status":"open","sticky":false,"template":"","format":"standard","meta":{"_jetpack_memberships_contains_paid_content":false,"footnotes":""},"categories":[15],"tags":[],"class_list":["post-2563","post","type-post","status-publish","format-standard","hentry","category-hirdetesek"],"jetpack_featured_media_url":"","jetpack_shortlink":"https:\/\/wp.me\/p9doK4-Fl","jetpack_sharing_enabled":true,"_links":{"self":[{"href":"https:\/\/szentannaplebania.dnyem.hu\/index.php?rest_route=\/wp\/v2\/posts\/2563","targetHints":{"allow":["GET"]}}],"collection":[{"href":"https:\/\/szentannaplebania.dnyem.hu\/index.php?rest_route=\/wp\/v2\/posts"}],"about":[{"href":"https:\/\/szentannaplebania.dnyem.hu\/index.php?rest_route=\/wp\/v2\/types\/post"}],"author":[{"embeddable":true,"href":"https:\/\/szentannaplebania.dnyem.hu\/index.php?rest_route=\/wp\/v2\/users\/2"}],"replies":[{"embeddable":true,"href":"https:\/\/szentannaplebania.dnyem.hu\/index.php?rest_route=%2Fwp%2Fv2%2Fcomments&post=2563"}],"version-history":[{"count":0,"href":"https:\/\/szentannaplebania.dnyem.hu\/index.php?rest_route=\/wp\/v2\/posts\/2563\/revisions"}],"wp:attachment":[{"href":"https:\/\/szentannaplebania.dnyem.hu\/index.php?rest_route=%2Fwp%2Fv2%2Fmedia&parent=2563"}],"wp:term":[{"taxonomy":"category","embeddable":true,"href":"https:\/\/szentannaplebania.dnyem.hu\/index.php?rest_route=%2Fwp%2Fv2%2Fcategories&post=2563"},{"taxonomy":"post_tag","embeddable":true,"href":"https:\/\/szentannaplebania.dnyem.hu\/index.php?rest_route=%2Fwp%2Fv2%2Ftags&post=2563"}],"curies":[{"name":"wp","href":"https:\/\/api.w.org\/{rel}","templated":true}]}}