{"id":2564,"date":"2025-10-25T21:18:48","date_gmt":"2025-10-25T19:18:48","guid":{"rendered":"https:\/\/szentannaplebania.dnyem.hu\/?p=2564"},"modified":"2025-10-25T21:18:48","modified_gmt":"2025-10-25T19:18:48","slug":"25-october-2025-2118","status":"publish","type":"post","link":"https:\/\/szentannaplebania.dnyem.hu\/?p=2564","title":{"rendered":"25 October, 2025 21:18"},"content":{"rendered":"<p><strong>HIRDET\u00c9SEINK AZ \u00c9VK\u00d6ZI 30. VAS\u00c1RNAP<\/strong> (okt\u00f3ber 26.)<\/p>\n<p>1. <strong>Kedden <\/strong>lesz Szt. Simon \u00e9s Szt. J\u00fad\u00e1s T\u00e1d\u00e9 apostolok \u00fcnnepe.<\/p>\n<p>2. <strong>Szerd\u00e1n<\/strong> d\u00e9lut\u00e1n 3\/4 5-t\u0151l az 5. teremben tartjuk a M\u00e1ria \u00e9s M\u00e1rta n\u0151i imak\u00f6rt. Szeretettel v\u00e1rjuk a csoporthoz csatlakozni akar\u00f3 egyed\u00fcl\u00e1ll\u00f3 n\u0151ket \u00e9s asszonyokat (\u00e9desany\u00e1knak \u00e9s nagymam\u00e1knak).<\/p>\n<p>3. <strong>Szombaton, Mindenszentek<\/strong> parancsolt f\u0151\u00fcnnep\u00e9n szentmis\u00e9n vehet\u00fcnk r\u00e9szt 7, f\u00e9l 9, 10 \u00e9s 18 \u00f3rakor. A f\u00e9l 12-es szentmise elmarad. A k\u00f6ztemet\u0151 2. sz. ravataloz\u00f3ja el\u0151tt 15:00-kor kezd\u0151dik a szentmise. Az esti szentmise el\u0151tt 17.30-t\u00f3l \u00e9nekelj\u00fck a Mindenszentek-lit\u00e1ni\u00e1t.<\/p>\n<p>Az esti szentmis\u00e9hez kapcsol\u00f3d\u00f3 lucern\u00e1riumot nem az altemplomban fogjuk v\u00e9gezni, hanem itt.<\/p>\n<p>Csak a tiszt\u00edt\u00f3t\u0171zben szenved\u0151k jav\u00e1ra ford\u00edthat\u00f3 teljes b\u00facs\u00fat nyerhet az a h\u00edv\u0151, akinovember 1-t\u0151l 8-ig \u00e1h\u00edtatos l\u00e9lekkel temet\u0151t l\u00e1togat, \u00e9s im\u00e1dkozik a megholtak\u00e9rt. A sz\u00fcks\u00e9ges felt\u00e9telek: szentgy\u00f3n\u00e1s, szent\u00e1ldoz\u00e1s \u00e9s im\u00e1ds\u00e1g (egy Miaty\u00e1nk \u00e9s \u00dcdv\u00f6zl\u00e9gy) a szentatya sz\u00e1nd\u00e9k\u00e1ra.<\/p>\n<p>Az \u00e9v t\u00f6bbi napj\u00e1n r\u00e9szleges b\u00facs\u00fat lehet nyerni a temet\u0151 im\u00e1ds\u00e1gos lelk\u00fclet\u0171 l\u00e1togat\u00e1sakor.<\/p>\n<p>4. A k\u00f6vetkez\u0151 vas\u00e1rnap lesz <strong>halottak napja.<\/strong><\/p>\n<p>5. Egyh\u00e1zmegyei hittanversenyre h\u00edvjuk 3-t\u00f3l 11. \u00e9vfolyamos di\u00e1kokat. A verseny k\u00f6zponti t\u00e9m\u00e1i: a 400 \u00e9ve megjelent els\u0151 teljes magyar nyelv\u0171 katolikus bibliaford\u00edt\u00e1s (K\u00e1ldi-Biblia), \u00f3sz\u00f6vets\u00e9gi t\u00f6rt\u00e9netek \u00e9s \u00e1ltal\u00e1nos bibliai ismeretek. Jelentkez\u00e9s az al\u00e1bbi linkeken: katolikus iskol\u00e1k: <a href=\"https:\/\/forms.gle\/2vLXcYNaBDrzcoJC9\">https:\/\/forms.gle\/2vLXcYNaBDrzcoJC9<\/a> \u00e9s nem katolikus iskol\u00e1k: <a href=\"https:\/\/forms.gle\/7teTUcjakHg1Bvpe6\">https:\/\/forms.gle\/7teTUcjakHg1Bvpe6<\/a>. Jelentkez\u00e9si hat\u00e1rid\u0151 2025. dec. 1.<\/p>\n<p>B\u0151vebb inform\u00e1ci\u00f3 k\u00e9rhet\u0151: Feket\u00e9n\u00e9 Nagy Magdoln\u00e1t\u00f3l (hittanverseny2025) \u00e9s T\u00f3thn\u00e9 Bakai Bert\u00e1t\u00f3l (hitoktatasiiroda).<\/p>\n<table>\n<tr>\n<td><a href=\"https:\/\/www.avast.com\/sig-email?utm_medium=email&amp;utm_source=link&amp;utm_campaign=sig-email&amp;utm_content=webmail\"><img loading=\"lazy\" decoding=\"async\" src=\"https:\/\/s-install.avcdn.net\/ipm\/preview\/icons\/icon-envelope-tick-round-orange-animated-no-repeat-v1.gif\" alt=\"\" width=\"46\" height=\"29\" \/><\/a><\/td>\n<td>V\u00edrusmentes.<a href=\"https:\/\/www.avast.com\/sig-email?utm_medium=email&amp;utm_source=link&amp;utm_campaign=sig-email&amp;utm_content=webmail\">www.avast.com<\/a><\/td>\n<\/tr>\n<\/table>\n","protected":false},"excerpt":{"rendered":"<p>HIRDET\u00c9SEINK AZ \u00c9VK\u00d6ZI 30. VAS\u00c1RNAP (okt\u00f3ber 26.) 1. Kedden lesz Szt. Simon \u00e9s Szt. J\u00fad\u00e1s T\u00e1d\u00e9 apostolok \u00fcnnepe. 2. Szerd\u00e1n d\u00e9lut\u00e1n 3\/4 5-t\u0151l az 5. teremben tartjuk a M\u00e1ria \u00e9s M\u00e1rta n\u0151i imak\u00f6rt. Szeretettel v\u00e1rjuk a csoporthoz csatlakozni akar\u00f3 egyed\u00fcl\u00e1ll\u00f3 n\u0151ket \u00e9s asszonyokat (\u00e9desany\u00e1knak \u00e9s nagymam\u00e1knak). 3. Szombaton, Mindenszentek parancsolt f\u0151\u00fcnnep\u00e9n szentmis\u00e9n vehet\u00fcnk r\u00e9szt 7, &hellip; <a href=\"https:\/\/szentannaplebania.dnyem.hu\/?p=2564\" class=\"more-link\"><span class=\"screen-reader-text\">25 October, 2025 21:18<\/span> r\u00e9szletei&#8230;<\/a><\/p>\n","protected":false},"author":2,"featured_media":0,"comment_status":"closed","ping_status":"open","sticky":false,"template":"","format":"standard","meta":{"_jetpack_memberships_contains_paid_content":false,"footnotes":""},"categories":[15],"tags":[],"class_list":["post-2564","post","type-post","status-publish","format-standard","hentry","category-hirdetesek"],"jetpack_featured_media_url":"","jetpack_shortlink":"https:\/\/wp.me\/p9doK4-Fm","jetpack_sharing_enabled":true,"_links":{"self":[{"href":"https:\/\/szentannaplebania.dnyem.hu\/index.php?rest_route=\/wp\/v2\/posts\/2564","targetHints":{"allow":["GET"]}}],"collection":[{"href":"https:\/\/szentannaplebania.dnyem.hu\/index.php?rest_route=\/wp\/v2\/posts"}],"about":[{"href":"https:\/\/szentannaplebania.dnyem.hu\/index.php?rest_route=\/wp\/v2\/types\/post"}],"author":[{"embeddable":true,"href":"https:\/\/szentannaplebania.dnyem.hu\/index.php?rest_route=\/wp\/v2\/users\/2"}],"replies":[{"embeddable":true,"href":"https:\/\/szentannaplebania.dnyem.hu\/index.php?rest_route=%2Fwp%2Fv2%2Fcomments&post=2564"}],"version-history":[{"count":0,"href":"https:\/\/szentannaplebania.dnyem.hu\/index.php?rest_route=\/wp\/v2\/posts\/2564\/revisions"}],"wp:attachment":[{"href":"https:\/\/szentannaplebania.dnyem.hu\/index.php?rest_route=%2Fwp%2Fv2%2Fmedia&parent=2564"}],"wp:term":[{"taxonomy":"category","embeddable":true,"href":"https:\/\/szentannaplebania.dnyem.hu\/index.php?rest_route=%2Fwp%2Fv2%2Fcategories&post=2564"},{"taxonomy":"post_tag","embeddable":true,"href":"https:\/\/szentannaplebania.dnyem.hu\/index.php?rest_route=%2Fwp%2Fv2%2Ftags&post=2564"}],"curies":[{"name":"wp","href":"https:\/\/api.w.org\/{rel}","templated":true}]}}