{"id":2565,"date":"2025-11-01T19:57:30","date_gmt":"2025-11-01T18:57:30","guid":{"rendered":"https:\/\/szentannaplebania.dnyem.hu\/?p=2565"},"modified":"2025-11-01T19:57:30","modified_gmt":"2025-11-01T18:57:30","slug":"1-november-2025-1957","status":"publish","type":"post","link":"https:\/\/szentannaplebania.dnyem.hu\/?p=2565","title":{"rendered":"1 November, 2025 19:57"},"content":{"rendered":"<p><strong>HIRDET\u00c9SEINK HALOTTAK NAPJ\u00c1N<\/strong> (november 2.)<\/p>\n<p><a>1. Le\u00f3 p\u00e1pa novemberi imasz\u00e1nd\u00e9ka <\/a><strong>az \u00f6ngyilkoss\u00e1g megel\u0151z\u00e9s\u00e9re vonatkozik.<\/strong> Im\u00e1dkozzunk, hogy azok, akik \u00f6nb\u00e1nt\u00f3 gondolatokkal k\u00fczdenek, megtal\u00e1lj\u00e1k k\u00f6z\u00f6ss\u00e9g\u00fck t\u00e1mogat\u00e1s\u00e1t, gondoskod\u00e1s\u00e1t \u00e9s szeretet\u00e9t, \u00e9s megny\u00edljanak az \u00e9let sz\u00e9ps\u00e9ge el\u0151tt.<\/p>\n<p>2. A Szent L\u00e1szl\u00f3 imasz\u00f6vets\u00e9g novemberi r\u00f3zsaf\u00fcz\u00e9rtitka: \u2026 J\u00e9zus, aki \u00e9rt\u00fcnk megostoroztak. Ne f\u00e1radjunk bele im\u00e1dkozni papi \u00e9s szerzetesi hivat\u00e1sok\u00e9rt!<\/p>\n<p>3. Ma, els\u0151vas\u00e1rnap 15 \u00f3r\u00e1t\u00f3l szents\u00e9gim\u00e1d\u00e1sra t\u00e9rhet\u00fcnk be 18 \u00f3r\u00e1ig.<\/p>\n<p>4. <strong>Els\u0151cs\u00fct\u00f6rt\u00f6k<\/strong> eg\u00e9sznapos szents\u00e9gim\u00e1d\u00e1s lesz 9-t\u0151l 18 \u00f3r\u00e1ig. 17 \u00f3r\u00e1t\u00f3l kezd\u0151dik az ima\u00f3ra papi hivat\u00e1sok\u00e9rt.<\/p>\n<p>5. <strong>Els\u0151p\u00e9nteken<\/strong>, a J\u00e9zus Sz\u00edve-tisztelet napj\u00e1n megl\u00e1togatjuk betegeinket, akik otthonukban akarj\u00e1k szentgy\u00f3n\u00e1sukat \u00e9s \u2013\u00e1ldoz\u00e1sukat elv\u00e9gezni. F\u00e9l 6-kor \u00e9nekelj\u00fck a J\u00e9zus Sz\u00edve lit\u00e1ni\u00e1t.<\/p>\n<p>6. <strong>Szombaton <\/strong>10 \u00f3r\u00e1t\u00f3l tartjuk az els\u0151\u00e1ldoz\u00e1sra k\u00e9sz\u00fcl\u0151 gyermekek \u00f6sszevont hittan\u00f3r\u00e1j\u00e1t a templomban.<\/p>\n<p>7. Liturgikus eml\u00e9knapok \u00e9s \u00fcnnepek e h\u00e9ten: kedden Borromeo Szt. K\u00e1roly p\u00fcsp\u00f6k eml\u00e9knapja \u00e9s szerd\u00e1n Szt. Imre herceg \u00fcnnepe.<\/p>\n<p>8. November 15-\u00e9n, s<strong>zombaton<\/strong> a Megtestes\u00fcl\u00e9s Pl\u00e9b\u00e1ni\u00e1n rendezik meg az Egyh\u00e1zmegyei Csal\u00e1dexp\u00f3t d\u00e9lel\u0151tt f\u00e9l t\u00edz \u00e9s d\u00e9lut\u00e1n h\u00e1rom \u00f3ra k\u00f6z\u00f6tt. A gyermekek fel\u00fcgyelet\u00e9r\u0151l az eg\u00e9sz program ideje alatt gondoskodnak. Lesz Sz\u00fcl\u0151k Akad\u00e9mi\u00e1ja Ol\u00e1h Gabriella klinikai szakpszichol\u00f3gussal <em>a sz\u00fcl\u0151i \u00f6nismeret fontoss\u00e1ga \u2013 transzgener\u00e1ci\u00f3s sebek<\/em> c\u00edmmel. Minden tov\u00e1bbi inform\u00e1ci\u00f3 megtal\u00e1lhat\u00f3 \u00e9s jelentkezni lehet az egyh\u00e1zmegye honlapj\u00e1n \u00e9s facebook oldalon el\u00e9rhet\u0151 elektronikus \u0171rlapon, vagy a dnyem.csaladpasztoracio e-mailen.<\/p>\n<p>9. Egyh\u00e1zmegyei hittanversenyre h\u00edvjuk a 3-t\u00f3l 11. \u00e9vfolyamos di\u00e1kokat. A verseny k\u00f6zponti t\u00e9m\u00e1i: a 400 \u00e9ve megjelent els\u0151 teljes magyar nyelv\u0171 katolikus bibliaford\u00edt\u00e1s (K\u00e1ldi-Biblia), \u00f3sz\u00f6vets\u00e9gi t\u00f6rt\u00e9netek \u00e9s \u00e1ltal\u00e1nos bibliai ismeretek. Jelentkez\u00e9s az al\u00e1bbi linkeken: katolikus iskol\u00e1k: <a href=\"https:\/\/forms.gle\/2vLXcYNaBDrzcoJC9\">https:\/\/forms.gle\/2vLXcYNaBDrzcoJC9<\/a> \u00e9s nem katolikus iskol\u00e1k: <a href=\"https:\/\/forms.gle\/7teTUcjakHg1Bvpe6\">https:\/\/forms.gle\/7teTUcjakHg1Bvpe6<\/a>. Jelentkez\u00e9si hat\u00e1rid\u0151 2025. dec. 1.<\/p>\n<p>B\u0151vebb inform\u00e1ci\u00f3 k\u00e9rhet\u0151: Feket\u00e9n\u00e9 Nagy Magdoln\u00e1t\u00f3l (hittanverseny2025) \u00e9s T\u00f3thn\u00e9 Bakai Bert\u00e1t\u00f3l (hitoktatasiiroda).<\/p>\n<table>\n<tr>\n<td><a href=\"https:\/\/www.avast.com\/sig-email?utm_medium=email&amp;utm_source=link&amp;utm_campaign=sig-email&amp;utm_content=webmail\"><img loading=\"lazy\" decoding=\"async\" src=\"https:\/\/s-install.avcdn.net\/ipm\/preview\/icons\/icon-envelope-tick-round-orange-animated-no-repeat-v1.gif\" alt=\"\" width=\"46\" height=\"29\" \/><\/a><\/td>\n<td>V\u00edrusmentes.<a href=\"https:\/\/www.avast.com\/sig-email?utm_medium=email&amp;utm_source=link&amp;utm_campaign=sig-email&amp;utm_content=webmail\">www.avast.com<\/a><\/td>\n<\/tr>\n<\/table>\n","protected":false},"excerpt":{"rendered":"<p>HIRDET\u00c9SEINK HALOTTAK NAPJ\u00c1N (november 2.) 1. Le\u00f3 p\u00e1pa novemberi imasz\u00e1nd\u00e9ka az \u00f6ngyilkoss\u00e1g megel\u0151z\u00e9s\u00e9re vonatkozik. Im\u00e1dkozzunk, hogy azok, akik \u00f6nb\u00e1nt\u00f3 gondolatokkal k\u00fczdenek, megtal\u00e1lj\u00e1k k\u00f6z\u00f6ss\u00e9g\u00fck t\u00e1mogat\u00e1s\u00e1t, gondoskod\u00e1s\u00e1t \u00e9s szeretet\u00e9t, \u00e9s megny\u00edljanak az \u00e9let sz\u00e9ps\u00e9ge el\u0151tt. 2. A Szent L\u00e1szl\u00f3 imasz\u00f6vets\u00e9g novemberi r\u00f3zsaf\u00fcz\u00e9rtitka: \u2026 J\u00e9zus, aki \u00e9rt\u00fcnk megostoroztak. Ne f\u00e1radjunk bele im\u00e1dkozni papi \u00e9s szerzetesi hivat\u00e1sok\u00e9rt! 3. Ma, &hellip; <a href=\"https:\/\/szentannaplebania.dnyem.hu\/?p=2565\" class=\"more-link\"><span class=\"screen-reader-text\">1 November, 2025 19:57<\/span> r\u00e9szletei&#8230;<\/a><\/p>\n","protected":false},"author":2,"featured_media":0,"comment_status":"closed","ping_status":"open","sticky":false,"template":"","format":"standard","meta":{"_jetpack_memberships_contains_paid_content":false,"footnotes":""},"categories":[15],"tags":[],"class_list":["post-2565","post","type-post","status-publish","format-standard","hentry","category-hirdetesek"],"jetpack_featured_media_url":"","jetpack_shortlink":"https:\/\/wp.me\/p9doK4-Fn","jetpack_sharing_enabled":true,"_links":{"self":[{"href":"https:\/\/szentannaplebania.dnyem.hu\/index.php?rest_route=\/wp\/v2\/posts\/2565","targetHints":{"allow":["GET"]}}],"collection":[{"href":"https:\/\/szentannaplebania.dnyem.hu\/index.php?rest_route=\/wp\/v2\/posts"}],"about":[{"href":"https:\/\/szentannaplebania.dnyem.hu\/index.php?rest_route=\/wp\/v2\/types\/post"}],"author":[{"embeddable":true,"href":"https:\/\/szentannaplebania.dnyem.hu\/index.php?rest_route=\/wp\/v2\/users\/2"}],"replies":[{"embeddable":true,"href":"https:\/\/szentannaplebania.dnyem.hu\/index.php?rest_route=%2Fwp%2Fv2%2Fcomments&post=2565"}],"version-history":[{"count":0,"href":"https:\/\/szentannaplebania.dnyem.hu\/index.php?rest_route=\/wp\/v2\/posts\/2565\/revisions"}],"wp:attachment":[{"href":"https:\/\/szentannaplebania.dnyem.hu\/index.php?rest_route=%2Fwp%2Fv2%2Fmedia&parent=2565"}],"wp:term":[{"taxonomy":"category","embeddable":true,"href":"https:\/\/szentannaplebania.dnyem.hu\/index.php?rest_route=%2Fwp%2Fv2%2Fcategories&post=2565"},{"taxonomy":"post_tag","embeddable":true,"href":"https:\/\/szentannaplebania.dnyem.hu\/index.php?rest_route=%2Fwp%2Fv2%2Ftags&post=2565"}],"curies":[{"name":"wp","href":"https:\/\/api.w.org\/{rel}","templated":true}]}}