{"id":2566,"date":"2025-11-08T21:18:04","date_gmt":"2025-11-08T20:18:04","guid":{"rendered":"https:\/\/szentannaplebania.dnyem.hu\/?p=2566"},"modified":"2025-11-08T21:18:04","modified_gmt":"2025-11-08T20:18:04","slug":"8-november-2025-2118","status":"publish","type":"post","link":"https:\/\/szentannaplebania.dnyem.hu\/?p=2566","title":{"rendered":"8 November, 2025 21:18"},"content":{"rendered":"<p><strong>HIRDET\u00c9SEINK A LATER\u00c1NI BAZILIKA FELSZENTEL\u00c9S\u00c9NEK \u00dcNNEP\u00c9N (november 9.)<\/strong><\/p>\n<p>1. <strong>Kedden <\/strong>18 \u00f3r\u00e1t\u00f3l folytat\u00f3dik a filmklub a Varga utca 3 sz\u00e1m alatti Kateketikai K\u00f6zpontban. Megn\u00e9zz\u00fck a 2004-ben k\u00e9sz\u00fclt <strong>P\u00e1duai Szent Antal <\/strong>c. olasz filmet, amely a portug\u00e1l ferences szerzetes \u00e9let\u00e9t mutatja be. A filmvet\u00edt\u00e9st besz\u00e9lget\u00e9s k\u00f6veti a l\u00e1tottakr\u00f3l.<\/p>\n<p>2. <strong>Szerd\u00e1n<\/strong> 16:45-t\u0151l folytat\u00f3dik a M\u00e1ria \u00e9s M\u00e1rta n\u0151i imak\u00f6r az egyed\u00fcl\u00e1ll\u00f3 n\u0151knek \u00e9s asszonyoknak az 5. teremben.<\/p>\n<p>3. <strong>Szombaton<\/strong> a Megtestes\u00fcl\u00e9s Pl\u00e9b\u00e1ni\u00e1n rendezik meg az Egyh\u00e1zmegyei Csal\u00e1dexp\u00f3t d\u00e9lel\u0151tt f\u00e9l t\u00edz \u00e9s d\u00e9lut\u00e1n h\u00e1rom \u00f3ra k\u00f6z\u00f6tt. A gyermekek fel\u00fcgyelet\u00e9r\u0151l az eg\u00e9sz program ideje alatt gondoskodnak. Lesz Sz\u00fcl\u0151k Akad\u00e9mi\u00e1ja Ol\u00e1h Gabriella klinikai szakpszichol\u00f3gussal <em>a sz\u00fcl\u0151i \u00f6nismeret fontoss\u00e1ga \u2013 transzgener\u00e1ci\u00f3s sebek<\/em> c\u00edmmel. Minden tov\u00e1bbi inform\u00e1ci\u00f3 megtal\u00e1lhat\u00f3 \u00e9s jelentkezni lehet az egyh\u00e1zmegye honlapj\u00e1n \u00e9s facebook oldalon el\u00e9rhet\u0151 elektronikus \u0171rlapon, vagy a dnyem.csaladpasztoracio e-mailen.<\/p>\n<p>4. <strong>A k\u00f6vetkez\u0151 vas\u00e1rnap<\/strong> tartjuk a Szeg\u00e9nyek vil\u00e1gnapj\u00e1t.<\/p>\n<p>5. Liturgikus eml\u00e9knapok e h\u00e9ten: h\u00e9tf\u0151n Nagy Szt. Le\u00f3 p\u00e1pa \u00e9s egyh\u00e1ztan\u00edt\u00f3, kedden Tours-i Szt. M\u00e1rton p\u00fcsp\u00f6k \u00e9s szerd\u00e1n Szt. Jozaf\u00e1t p\u00fcsp\u00f6k \u00e9s v\u00e9rtan\u00fa eml\u00e9knapja lesz.<\/p>\n<p>6. K\u00f6sz\u00f6netet mondok azon kedves testv\u00e9reknek, akik erre az \u00e9vre m\u00e1r befizett\u00e9k az \u00f6nk\u00e9ntes egyh\u00e1zfenntart\u00f3i hozz\u00e1j\u00e1rul\u00e1sukat. Ezzel kifejezt\u00e9k, hogy maguk\u00e9nak \u00e9rzik egyh\u00e1zk\u00f6zs\u00e9g\u00fcnket, \u00e9s ilyen form\u00e1ban is t\u00f6r\u0151dnek vele.<\/p>\n<p>Egyben eml\u00e9keztetek arra, hogy egyh\u00e1zi hozz\u00e1j\u00e1rul\u00e1sukat befizethetik \u00e1tutal\u00e1ssal, az \u00fajs\u00e1gospolcr\u00f3l elvihet\u0151 s\u00e1rga csekken, vagy szem\u00e9lyesen a pl\u00e9b\u00e1ni\u00e1n, ill. a sekresty\u00e9ben.<\/p>\n<p>Az egyh\u00e1zi hozz\u00e1j\u00e1rul\u00e1s als\u00f3 m\u00e9rt\u00e9ke egyh\u00e1zmegy\u00e9nkben j\u00f6vedelemar\u00e1nyos: az \u00e9ves j\u00f6vedelem 0,5%-a, melynek befizet\u00e9se minden j\u00f6vedelemmel rendelkez\u0151 feln\u0151tt lelkiismereti k\u00f6teless\u00e9ge.<\/p>\n<p>Az \u00f6nk\u00e9ntes egyh\u00e1zfenntart\u00f3i hozz\u00e1j\u00e1rul\u00e1s az egyh\u00e1zk\u00f6zs\u00e9g m\u0171k\u00f6d\u00e9s\u00e9nek anyagi alapj\u00e1t biztos\u00edtja.<\/p>\n<table>\n<tr>\n<td><a href=\"https:\/\/www.avast.com\/sig-email?utm_medium=email&amp;utm_source=link&amp;utm_campaign=sig-email&amp;utm_content=webmail\"><img loading=\"lazy\" decoding=\"async\" src=\"https:\/\/s-install.avcdn.net\/ipm\/preview\/icons\/icon-envelope-tick-round-orange-animated-no-repeat-v1.gif\" alt=\"\" width=\"46\" height=\"29\" \/><\/a><\/td>\n<td>V\u00edrusmentes.<a href=\"https:\/\/www.avast.com\/sig-email?utm_medium=email&amp;utm_source=link&amp;utm_campaign=sig-email&amp;utm_content=webmail\">www.avast.com<\/a><\/td>\n<\/tr>\n<\/table>\n","protected":false},"excerpt":{"rendered":"<p>HIRDET\u00c9SEINK A LATER\u00c1NI BAZILIKA FELSZENTEL\u00c9S\u00c9NEK \u00dcNNEP\u00c9N (november 9.) 1. Kedden 18 \u00f3r\u00e1t\u00f3l folytat\u00f3dik a filmklub a Varga utca 3 sz\u00e1m alatti Kateketikai K\u00f6zpontban. Megn\u00e9zz\u00fck a 2004-ben k\u00e9sz\u00fclt P\u00e1duai Szent Antal c. olasz filmet, amely a portug\u00e1l ferences szerzetes \u00e9let\u00e9t mutatja be. A filmvet\u00edt\u00e9st besz\u00e9lget\u00e9s k\u00f6veti a l\u00e1tottakr\u00f3l. 2. Szerd\u00e1n 16:45-t\u0151l folytat\u00f3dik a M\u00e1ria \u00e9s M\u00e1rta &hellip; <a href=\"https:\/\/szentannaplebania.dnyem.hu\/?p=2566\" class=\"more-link\"><span class=\"screen-reader-text\">8 November, 2025 21:18<\/span> r\u00e9szletei&#8230;<\/a><\/p>\n","protected":false},"author":2,"featured_media":0,"comment_status":"closed","ping_status":"open","sticky":false,"template":"","format":"standard","meta":{"_jetpack_memberships_contains_paid_content":false,"footnotes":""},"categories":[15],"tags":[],"class_list":["post-2566","post","type-post","status-publish","format-standard","hentry","category-hirdetesek"],"jetpack_featured_media_url":"","jetpack_shortlink":"https:\/\/wp.me\/p9doK4-Fo","jetpack_sharing_enabled":true,"_links":{"self":[{"href":"https:\/\/szentannaplebania.dnyem.hu\/index.php?rest_route=\/wp\/v2\/posts\/2566","targetHints":{"allow":["GET"]}}],"collection":[{"href":"https:\/\/szentannaplebania.dnyem.hu\/index.php?rest_route=\/wp\/v2\/posts"}],"about":[{"href":"https:\/\/szentannaplebania.dnyem.hu\/index.php?rest_route=\/wp\/v2\/types\/post"}],"author":[{"embeddable":true,"href":"https:\/\/szentannaplebania.dnyem.hu\/index.php?rest_route=\/wp\/v2\/users\/2"}],"replies":[{"embeddable":true,"href":"https:\/\/szentannaplebania.dnyem.hu\/index.php?rest_route=%2Fwp%2Fv2%2Fcomments&post=2566"}],"version-history":[{"count":0,"href":"https:\/\/szentannaplebania.dnyem.hu\/index.php?rest_route=\/wp\/v2\/posts\/2566\/revisions"}],"wp:attachment":[{"href":"https:\/\/szentannaplebania.dnyem.hu\/index.php?rest_route=%2Fwp%2Fv2%2Fmedia&parent=2566"}],"wp:term":[{"taxonomy":"category","embeddable":true,"href":"https:\/\/szentannaplebania.dnyem.hu\/index.php?rest_route=%2Fwp%2Fv2%2Fcategories&post=2566"},{"taxonomy":"post_tag","embeddable":true,"href":"https:\/\/szentannaplebania.dnyem.hu\/index.php?rest_route=%2Fwp%2Fv2%2Ftags&post=2566"}],"curies":[{"name":"wp","href":"https:\/\/api.w.org\/{rel}","templated":true}]}}